{"id":663685,"date":"2026-09-04T00:18:20","date_gmt":"2026-09-04T00:18:20","guid":{"rendered":"https:\/\/www.europesays.com\/it\/663685\/"},"modified":"2026-09-04T00:18:20","modified_gmt":"2026-09-04T00:18:20","slug":"napoli-da-buone-indicazioni-a-repesa-oltre-100-punti-al-krka","status":"publish","type":"post","link":"https:\/\/www.europesays.com\/it\/663685\/","title":{"rendered":"Napoli d\u00e0 buone indicazioni a Repesa: oltre 100 punti al Krka"},"content":{"rendered":"<p>                                        <a href=\"https:\/\/www.google.com\/preferences\/source?q=sportal.it\" target=\"_blank\" rel=\"noopener nofollow\">Aggiungi sportal.it alle fonti di Google News<\/a><\/p>\n<p>Articolo di Flavio Brambilla<\/p>\n<p>Tra i protagonisti della partita Jakimovski, miglior realizzatore con 27 punti. In doppia cifra anche Ramsey con 19, Seljaas con 16, White con 14 e Dowtin con 10.<\/p>\n<p class=\"PDq2pG_selectionAnchorContainer\" data-start=\"0\" data-end=\"274\">A Kranjska Gora, dove il Napoli Basketball sta svolgendo il proprio Training Camp, gli azzurri hanno disputato la terza amichevole della preseason. La squadra allenata da coach Repesa ha affrontato gli sloveni del BC Krka Novo Mesto, ottenendo una netta vittoria per 104-65.<\/p>\n<p data-start=\"276\" data-end=\"522\">Tra i protagonisti della partita Jakimovski, miglior realizzatore con 27 punti. In doppia cifra anche Ramsey con 19, Seljaas con 16, White con 14 e Dowtin con 10. I parziali dei quarti sono stati 23-17, 45-40 e 72-57, prima del definitivo 104-65.<\/p>\n<p data-start=\"524\" data-end=\"855\">Non hanno preso parte all\u2019incontro Tot\u00e8 e Sankare. Il primo \u00e8 rimasto precauzionalmente a riposo e dovrebbe tornare a disposizione di Repesa nei prossimi impegni, mentre il secondo \u00e8 stato fermato per gestirne il carico di lavoro. Si \u00e8 invece aggregato alla squadra John Petrucelli, dopo aver concluso gli impegni con l\u2019<a href=\"https:\/\/www.sportal.it\/news\/italbasket\" rel=\"nofollow noopener\" target=\"_blank\">ItalBasket<\/a>.<\/p>\n<p data-start=\"857\" data-end=\"1181\" data-is-last-node=\"\" data-is-only-node=\"\">La preparazione del Napoli Basketball proseguir\u00e0 nel prossimo fine settimana a Udine con il Memorial Pajetta. Sabato 5 settembre, alle 18, gli azzurri affronteranno in semifinale la <a href=\"https:\/\/www.sportal.it\/news\/basket\" rel=\"nofollow noopener\" target=\"_blank\">Pallacanestro<\/a> <a href=\"https:\/\/www.sportal.it\/news\/reggiana\" rel=\"nofollow noopener\" target=\"_blank\">Reggiana<\/a>. Al torneo parteciperanno anche l\u2019APU Udine e il PAOK Salonicco, mentre le finali si disputeranno domenica 6 settembre.<\/p>\n","protected":false},"excerpt":{"rendered":"Aggiungi sportal.it alle fonti di Google News Articolo di Flavio Brambilla Tra i protagonisti della partita Jakimovski, miglior&hellip;\n","protected":false},"author":3,"featured_media":663686,"comment_status":"","ping_status":"","sticky":false,"template":"","format":"standard","meta":{"footnotes":"","_share_on_mastodon":"0"},"categories":[1453],"tags":[1756,1757,1537,90,89,245,244],"class_list":["post-663685","post","type-post","status-publish","format-standard","has-post-thumbnail","category-basket","tag-basket","tag-basketball","tag-it","tag-italia","tag-italy","tag-sport","tag-sports"],"share_on_mastodon":{"url":"https:\/\/pubeurope.com\/@it\/117209904502910217","error":""},"_links":{"self":[{"href":"https:\/\/www.europesays.com\/it\/wp-json\/wp\/v2\/posts\/663685","targetHints":{"allow":["GET"]}}],"collection":[{"href":"https:\/\/www.europesays.com\/it\/wp-json\/wp\/v2\/posts"}],"about":[{"href":"https:\/\/www.europesays.com\/it\/wp-json\/wp\/v2\/types\/post"}],"author":[{"embeddable":true,"href":"https:\/\/www.europesays.com\/it\/wp-json\/wp\/v2\/users\/3"}],"replies":[{"embeddable":true,"href":"https:\/\/www.europesays.com\/it\/wp-json\/wp\/v2\/comments?post=663685"}],"version-history":[{"count":0,"href":"https:\/\/www.europesays.com\/it\/wp-json\/wp\/v2\/posts\/663685\/revisions"}],"wp:featuredmedia":[{"embeddable":true,"href":"https:\/\/www.europesays.com\/it\/wp-json\/wp\/v2\/media\/663686"}],"wp:attachment":[{"href":"https:\/\/www.europesays.com\/it\/wp-json\/wp\/v2\/media?parent=663685"}],"wp:term":[{"taxonomy":"category","embeddable":true,"href":"https:\/\/www.europesays.com\/it\/wp-json\/wp\/v2\/categories?post=663685"},{"taxonomy":"post_tag","embeddable":true,"href":"https:\/\/www.europesays.com\/it\/wp-json\/wp\/v2\/tags?post=663685"}],"curies":[{"name":"wp","href":"https:\/\/api.w.org\/{rel}","templated":true}]}}