{"id":663691,"date":"2026-09-04T00:21:29","date_gmt":"2026-09-04T00:21:29","guid":{"rendered":"https:\/\/www.europesays.com\/it\/663691\/"},"modified":"2026-09-04T00:21:29","modified_gmt":"2026-09-04T00:21:29","slug":"al-via-la-nuova-edizione-del-corso-di-fotografia-del-fotocineclub-recanati","status":"publish","type":"post","link":"https:\/\/www.europesays.com\/it\/663691\/","title":{"rendered":"Al via la nuova edizione del corso di fotografia del Fotocineclub Recanati"},"content":{"rendered":"<p>&#13;<br \/>\n\t\t\t\t Visualizzazioni: 998&#13;\n\t\t\t<\/p>\n<p><strong>nota Fotocineclub Recanati BFI<\/strong><\/p>\n<p>Hai sempre sognato di raccontare il mondo attraverso i tuoi scatti? \u00c8 il momento di iniziare!<br \/>La quindicesima edizione del \u201cPer-corso di Fotografia\u201d del Fotocineclub Recanati prender\u00e0 il via mercoled\u00ec 23 settembre pronti ad accogliere anche chi decide di iscriversi all\u2019ultimo momento e chi ha voglia di scoprire un mondo nuovo.<br \/>Se da tempo ti frulla in testa l\u2019idea di avvicinarti alla fotografia, o se gi\u00e0 scatti ma senti di voler consolidare le basi, questo corso \u00e8 pensato proprio per te. In 11 incontri, esploreremo insieme i fondamenti tecnici e creativi, in un percorso pratico e coinvolgente che ti accompagner\u00e0 passo dopo passo verso una visione pi\u00f9 consapevole e personale. Quest\u2019anno, inoltre, dedicheremo uno spazio speciale alla fotografia con lo smartphone: perch\u00e9 la buona fotografia pu\u00f2 nascere anche dal dispositivo che portiamo sempre in tasca. A guidarti ci sar\u00e0 Franco Giuggioloni, BFI, gi\u00e0 docente del Dipartimento Didattica della FIAF, affiancato dai soci storici del club che condivideranno con generosit\u00e0 la loro passione mettendo a disposizione la loro esperienza per accompagnare i partecipanti in questo affascinante percorso.<br \/>Per maggiori informazioni email: <a href=\"https:\/\/radioerre.media\/2026\/09\/03\/al-via-la-nuova-edizione-del-corso-di-fotografia-del-fotocineclub-recanati\/mailto:fotocineclubrecanati@gmail.com\" rel=\"nofollow noopener\" target=\"_blank\">fotocineclubrecanati@gmail.com<\/a> oppure contattare Roberto al <a href=\"https:\/\/radioerre.media\/2026\/09\/03\/al-via-la-nuova-edizione-del-corso-di-fotografia-del-fotocineclub-recanati\/tel:(339)%20591-2373\" rel=\"nofollow noopener\" target=\"_blank\">339 5912373<\/a> dalle 18.00 alle 21.00 o Cristina al 349 8713884 dalle 11.00 alle 13.30.<\/p>\n<p>\u2014<\/p>\n<p><strong>Fotocineclub Recanati BFI<\/strong><\/p>\n<p>Piazzale Gigli, 4 \u2013\u00a0Recanati<\/p>\n<p><img fetchpriority=\"high\" decoding=\"async\" class=\"alignnone size-large wp-image-82795\" src=\"https:\/\/www.europesays.com\/it\/wp-content\/uploads\/2026\/09\/IGuzzinivert-horz-e1665331053432-1024x427.jpg\" alt=\"\" width=\"788\" height=\"329\"  \/><\/p>\n","protected":false},"excerpt":{"rendered":"&#13; Visualizzazioni: 998&#13; nota Fotocineclub Recanati BFI Hai sempre sognato di raccontare il mondo attraverso i tuoi scatti?&hellip;\n","protected":false},"author":3,"featured_media":663692,"comment_status":"","ping_status":"","sticky":false,"template":"","format":"standard","meta":{"footnotes":"","_share_on_mastodon":"0"},"categories":[1446],"tags":[1615,1613,1614,1611,1610,55648,1612,203,365774,204,1537,90,89,35828],"class_list":["post-663691","post","type-post","status-publish","format-standard","has-post-thumbnail","category-arte-e-design","tag-arte","tag-arte-e-design","tag-arteedesign","tag-arts","tag-arts-and-design","tag-citta-di-recanati","tag-design","tag-entertainment","tag-fotocineclub","tag-intrattenimento","tag-it","tag-italia","tag-italy","tag-radio-erre"],"share_on_mastodon":{"url":"https:\/\/pubeurope.com\/@it\/117209916768708523","error":""},"_links":{"self":[{"href":"https:\/\/www.europesays.com\/it\/wp-json\/wp\/v2\/posts\/663691","targetHints":{"allow":["GET"]}}],"collection":[{"href":"https:\/\/www.europesays.com\/it\/wp-json\/wp\/v2\/posts"}],"about":[{"href":"https:\/\/www.europesays.com\/it\/wp-json\/wp\/v2\/types\/post"}],"author":[{"embeddable":true,"href":"https:\/\/www.europesays.com\/it\/wp-json\/wp\/v2\/users\/3"}],"replies":[{"embeddable":true,"href":"https:\/\/www.europesays.com\/it\/wp-json\/wp\/v2\/comments?post=663691"}],"version-history":[{"count":0,"href":"https:\/\/www.europesays.com\/it\/wp-json\/wp\/v2\/posts\/663691\/revisions"}],"wp:featuredmedia":[{"embeddable":true,"href":"https:\/\/www.europesays.com\/it\/wp-json\/wp\/v2\/media\/663692"}],"wp:attachment":[{"href":"https:\/\/www.europesays.com\/it\/wp-json\/wp\/v2\/media?parent=663691"}],"wp:term":[{"taxonomy":"category","embeddable":true,"href":"https:\/\/www.europesays.com\/it\/wp-json\/wp\/v2\/categories?post=663691"},{"taxonomy":"post_tag","embeddable":true,"href":"https:\/\/www.europesays.com\/it\/wp-json\/wp\/v2\/tags?post=663691"}],"curies":[{"name":"wp","href":"https:\/\/api.w.org\/{rel}","templated":true}]}}