{"id":663712,"date":"2026-09-04T00:33:19","date_gmt":"2026-09-04T00:33:19","guid":{"rendered":"https:\/\/www.europesays.com\/it\/663712\/"},"modified":"2026-09-04T00:33:19","modified_gmt":"2026-09-04T00:33:19","slug":"pensione-anticipata-ordinaria-dal-2027-cambiano-i-requisiti-le-novita-per-uomini-e-donne","status":"publish","type":"post","link":"https:\/\/www.europesays.com\/it\/663712\/","title":{"rendered":"Pensione anticipata ordinaria, dal 2027 cambiano i requisiti: le novit\u00e0 per uomini e donne"},"content":{"rendered":"<p>Dal 1\u00b0 gennaio 2027 cambia il requisito per andare in <a href=\"https:\/\/www.ilmessaggero.it\/t\/pensioni-\" rel=\"nofollow noopener\" target=\"_blank\">pensione<\/a> con la modalit\u00e0 anticipata ordinaria. Fino al 31 dicembre 2026, gli uomini possono <strong>lasciare il lavoro con 42 anni e 10 mesi di contributi<\/strong>, mentre per le donne servono 41 anni e 10 mesi. Dal 2027 arriva invece un primo aumento. Servir\u00e0 un mese in pi\u00f9: 42 anni e 11 mesi per gli uomini e 41 anni e 11 mesi per le donne.<\/p>\n<p> Pensioni anticipate, le novit\u00e0 del 2027 <\/p>\n<p>\u00c8 importante chiarire un punto: <strong>non aumenta l\u2019et\u00e0 anagrafica<\/strong> richiesta per la pensione anticipata. Questa forma di pensionamento, infatti, non prevede una specifica et\u00e0 minima. Quello che cambia \u00e8 il numero di anni e mesi di contributi necessari per maturare il diritto.<\/p>\n<p>Il passaggio pu\u00f2 sembrare piccolo, perch\u00e9 si tratta soltanto di un mese, ma <strong>per chi \u00e8 vicino alla pensione pu\u00f2 essere decisivo<\/strong>. La data in cui si raggiunge il requisito diventa quindi molto importante. Chi arriva a 42 anni e 10 mesi entro il 2026 pu\u00f2 infatti utilizzare il requisito valido fino a quest\u2019anno. Chi raggiunge gli stessi 42 anni e 10 mesi nel 2027 dovr\u00e0 invece <strong>aggiungere un altro mese<\/strong>. Lo stesso discorso vale per le donne, per le quali il requisito passa da 41 anni e 10 mesi a 41 anni e 11 mesi.<\/p>\n<p><a class=\"link_item\" data-linked_from=\"9741563\" href=\"https:\/\/www.ilmessaggero.it\/economia\/news\/pensioni_insegnanti_riscatto_laurea_gratis_come_funziona-9736800.html\" rel=\"nofollow noopener\" target=\"_blank\"> Pensione a 60 anni e riscatto della laurea gratis, la proposta per docenti e personale Ata<\/a><\/p>\n","protected":false},"excerpt":{"rendered":"Dal 1\u00b0 gennaio 2027 cambia il requisito per andare in pensione con la modalit\u00e0 anticipata ordinaria. Fino al&hellip;\n","protected":false},"author":3,"featured_media":663713,"comment_status":"","ping_status":"","sticky":false,"template":"","format":"standard","meta":{"footnotes":"","_share_on_mastodon":"0"},"categories":[6],"tags":[14,8,7710,1537,90,89,7,15,82,9,83,10,7848,71077,23972,13,11,80,84,12,81,85],"class_list":["post-663712","post","type-post","status-publish","format-standard","has-post-thumbnail","category-ultime-notizie","tag-cronaca","tag-headlines","tag-inps","tag-it","tag-italia","tag-italy","tag-news","tag-notizie","tag-notizie-di-cronaca","tag-notizie-principali","tag-notiziedicronaca","tag-notizieprincipali","tag-pensione-anticipata","tag-previdenza","tag-requisiti","tag-titoli","tag-ultime-notizie","tag-ultime-notizie-di-cronaca","tag-ultime-notizie-e-news-di-oggi","tag-ultimenotizie","tag-ultimenotiziedicronaca","tag-ultimenotizieenewsdioggi"],"share_on_mastodon":{"url":"https:\/\/pubeurope.com\/@it\/117209963267182714","error":""},"_links":{"self":[{"href":"https:\/\/www.europesays.com\/it\/wp-json\/wp\/v2\/posts\/663712","targetHints":{"allow":["GET"]}}],"collection":[{"href":"https:\/\/www.europesays.com\/it\/wp-json\/wp\/v2\/posts"}],"about":[{"href":"https:\/\/www.europesays.com\/it\/wp-json\/wp\/v2\/types\/post"}],"author":[{"embeddable":true,"href":"https:\/\/www.europesays.com\/it\/wp-json\/wp\/v2\/users\/3"}],"replies":[{"embeddable":true,"href":"https:\/\/www.europesays.com\/it\/wp-json\/wp\/v2\/comments?post=663712"}],"version-history":[{"count":0,"href":"https:\/\/www.europesays.com\/it\/wp-json\/wp\/v2\/posts\/663712\/revisions"}],"wp:featuredmedia":[{"embeddable":true,"href":"https:\/\/www.europesays.com\/it\/wp-json\/wp\/v2\/media\/663713"}],"wp:attachment":[{"href":"https:\/\/www.europesays.com\/it\/wp-json\/wp\/v2\/media?parent=663712"}],"wp:term":[{"taxonomy":"category","embeddable":true,"href":"https:\/\/www.europesays.com\/it\/wp-json\/wp\/v2\/categories?post=663712"},{"taxonomy":"post_tag","embeddable":true,"href":"https:\/\/www.europesays.com\/it\/wp-json\/wp\/v2\/tags?post=663712"}],"curies":[{"name":"wp","href":"https:\/\/api.w.org\/{rel}","templated":true}]}}