{"id":663727,"date":"2026-09-04T00:51:25","date_gmt":"2026-09-04T00:51:25","guid":{"rendered":"https:\/\/www.europesays.com\/it\/663727\/"},"modified":"2026-09-04T00:51:25","modified_gmt":"2026-09-04T00:51:25","slug":"con-welo-alvaro-soler-e-roy-paci-lestate-non-finisce-mai-lallegria-e-il-nostro-mood","status":"publish","type":"post","link":"https:\/\/www.europesays.com\/it\/663727\/","title":{"rendered":"Con Welo, Alvaro Soler e Roy Paci l\u2019estate non finisce mai: \u201cL\u2019allegria \u00e8 il nostro mood\u201d"},"content":{"rendered":"<p>Milano, 3\u00a0settembre 2026 \u2013 L\u2019estate sta finendo. Ma non per tutti.<strong> \u2018Il sole\u2019<\/strong> esce domani venerd\u00ec 4 settembre ed \u00e8 un brano realizzato da <strong>Welo con la partecipazione di \u201cmister Toda Joia\u201d Roy Paci e Alvaro Soler.<\/strong> Praticamente un trio che porterebbe estate e allegria persino in Groenlandia.\u00a0<\/p>\n<p><strong>Come \u00e8 nata questa collaborazione?<\/strong><\/p>\n<p><strong>Welo<\/strong>: &#8220;Molto spontaneamente. Ho scritto e registrato la canzone in 40 minuti, ho fatto provino e l\u2019ho mandato prima a Roy e poi si \u00e8 deciso di collaborare anche con Alvaro. Non ci conoscevamo di persona prima, quindi non era scontato che si sarebbe concretizzato. Ci siamo divertiti molto\u201d.\u00a0<\/p>\n<p><strong>Alvaro Soler<\/strong>: \u201cL\u2019idea \u00e8 stata di Welo, ci ha invitato lui. E\u2019 molto importante essere in contatto con la parte allegra, una canzone in trio e con un titolo cos\u00ec \u00e8 allegria pura, sono super contento di aver condiviso questo progetto\u00a0anche con Roy\u201d.<\/p>\n<p><strong>Roy Paci<\/strong>: \u201cConosco Welo\u00a0da tempo come giovane talento e in tutte le cose che gli ho visto fare sorride sempre. Per me era abbastanza naturale incuriosirmi prima del ragazzo e poi dell\u2019artista. Per me \u00e8 sempre importante il lato umano, Welo \u00e8 un ragazzo gioioso. E\u2019 stato un privilegio incontrare sul campo queste due anime, che hanno nella loro musica questo ingrediente solare. Non \u00e8 detto che non ci possa essere in noi anche un lato pi\u00f9 malinconico, ma teniamo in considerazione quello solare\u201d.<\/p>\n<p><strong>Welo, in \u2018Emigrato\u2019 raccontavi la parte negativa del dover andare via dal Sud. In \u2018Il sole\u2019 parli invece della bellezza di tornare al Sud.<\/strong><\/p>\n<p>&#8220;E\u2019 un su e gi\u00f9 continuo per me, mi ispira. Mi d\u00e0 queste vibrazioni a volte di tristezza e a volte di felicit\u00e0\u201d.<\/p>\n<p><strong>\u2018Il sole\u2019 \u00e8 una canzone che sa di estate, non state arrivando un po\u2019 in ritardo sul mercato discografico?<\/strong><\/p>\n<p><strong>Welo<\/strong>: &#8220;No, perch\u00e9 per me questo non \u00e8 un brano estivo, \u00e8 una canzone molto universale. Il mood estivo c\u2019\u00e8 perch\u00e9 noi viviamo sempre questa atmosfera mediterranea, ma \u00e8 un brano che mi \u00e8 venuto naturale senza pensare alla stagione in cui sarebbe uscito\u201d.<\/p>\n<p><strong>Come vi definireste a vicenda?<\/strong><\/p>\n<p><strong>Roy Paci<\/strong>: \u201cWelo nel suo contesto e nella nuovissima generazione lo considero un ragazzo esemplare. Non ha bisogno di strafare, ostentare, di essere borioso, scurrile, ma sfonda cos\u00ec per quello che \u00e8. Ha umilt\u00e0. Stimo moltissimo Alvaro Soler, \u00e8 l\u2019Amore, invidio chi ha una serenit\u00e0 come la sua. Potrebbe essere un ottimo partner per girare\u00a0il remake dei Blues Brothers\u201d.<\/p>\n<p><strong>Alvaro Soler<\/strong>: \u201cWelo mi ispira molto soprattutto per la maniera di lavorare che ha, mi piace la sua impulsivit\u00e0. Roy \u00e8 l\u2019amico di tutta la vita che non avevo ancora conosciuto. E\u2019 un grandissimo amante grandissimo della musica in generale, per me lui \u00e8 l\u2019abbraccio della musica\u201d.<\/p>\n<p><strong>Welo<\/strong>: &#8220;Alvaro \u00e8 la positivit\u00e0, trasmette una calma incredibile. Roy \u00e8 peperino, \u00e8 esuberante, \u00e8 sempre in movimento\u201d.<\/p>\n<p> <img alt=\"'Il sole' di Welo, Roy Paci e Alvaro Soler\" loading=\"lazy\" width=\"3000\" height=\"3000\" decoding=\"async\" data-nimg=\"1\" style=\"color:transparent;max-width:100%;height:auto\"   src=\"https:\/\/www.europesays.com\/it\/wp-content\/uploads\/2026\/09\/il-sole-di-welo-roy-paci-e-alvaro-soler.webp\"\/><\/p>\n<p>&#8216;Il sole&#8217; di Welo, Roy Paci e Alvaro Soler<\/p>\n<p><strong>Quali sono i nomi pi\u00f9 strani dei gruppi di WhatsApp che avete?<\/strong><\/p>\n<p><strong>Roy Paci<\/strong>: \u201cSembra volgare, ma c\u2019\u00e8 un motivo. Si chiama \u2018I figli della merda\u2019 e comprende attori, cantanti e artisti vari con i quali ho lavorato. In teatro si dice quella parola per augurare tanta fortuna e quindi questo \u00e8 rimasto\u201d.<\/p>\n<p><strong>Alvaro Soler<\/strong>: \u201cQuello con la mia band, si chiama \u2018Las Calorias\u2019 perch\u00e9 siamo molto fit. E\u2019 una sorta di presa in giro\u201d.<\/p>\n<p><strong>Welo<\/strong>: \u201cNomi strani non ne ho, ma il gruppo di lavoro con il mio staff per tanti mesi ha avuto il volto di Carlo Conti come immagine del profilo. D\u2019altro canto, l\u2019opportunit\u00e0 pi\u00f9 grande l\u2019ho avuta grazie a lui\u201d.<\/p>\n<p><strong>Progetti futuri?<\/strong><\/p>\n<p><strong>Welo<\/strong>: \u201cE\u2019 in arrivo qualcosa. Spero di suonare il brano live insieme ad Alvaro e Roy e poi far\u00f2 cose\u201d.<\/p>\n<p><strong>Roy Paci<\/strong>: \u201cSono in tour da sempre, abbiamo fatto tantissime date in Italia e in Europa. C\u2019\u00e8 bisogno di tanta musica suonata in Italia. Pensavo ora di dare spazio alla famiglia, per\u00f2 sar\u00f2 a ottobre alla direzione musicale di Zelig. Poi spero di riposarmi, ma sto iniziando da alcuni mesi a scrivere l\u2019album che celebrer\u00e0 i 30 anni di Roy Paci e Aretuska\u201d.<\/p>\n<p><strong>Alvaro Soler<\/strong>: \u201cLa\u00a0priorit\u00e0 per ora \u00e8 questa canzone, sto finendo adesso il mio tour in Europa e poi ci sar\u00e0 un periodo pi\u00f9 tranquillo per me. Ho girato tantissimo in questi anni, mi aspetta un momento bello per tornare a scrivere canzoni. Sar\u00e0 un anno creativo e familiare\u201d.<\/p>\n<p> \u00a0<\/p>\n","protected":false},"excerpt":{"rendered":"Milano, 3\u00a0settembre 2026 \u2013 L\u2019estate sta finendo. Ma non per tutti. \u2018Il sole\u2019 esce domani venerd\u00ec 4 settembre&hellip;\n","protected":false},"author":3,"featured_media":663728,"comment_status":"","ping_status":"","sticky":false,"template":"","format":"standard","meta":{"footnotes":"","_share_on_mastodon":"0"},"categories":[1443],"tags":[43898,85081,203,1533,3224,204,1537,90,89,365783,1538,1539,64109,16087,365782,138747],"class_list":["post-663727","post","type-post","status-publish","format-standard","has-post-thumbnail","category-musica","tag-allegria","tag-alvaro","tag-entertainment","tag-estate","tag-finisce","tag-intrattenimento","tag-it","tag-italia","tag-italy","tag-mood","tag-music","tag-musica","tag-paci","tag-roy","tag-soler","tag-welo"],"share_on_mastodon":{"url":"https:\/\/pubeurope.com\/@it\/117210035944568001","error":""},"_links":{"self":[{"href":"https:\/\/www.europesays.com\/it\/wp-json\/wp\/v2\/posts\/663727","targetHints":{"allow":["GET"]}}],"collection":[{"href":"https:\/\/www.europesays.com\/it\/wp-json\/wp\/v2\/posts"}],"about":[{"href":"https:\/\/www.europesays.com\/it\/wp-json\/wp\/v2\/types\/post"}],"author":[{"embeddable":true,"href":"https:\/\/www.europesays.com\/it\/wp-json\/wp\/v2\/users\/3"}],"replies":[{"embeddable":true,"href":"https:\/\/www.europesays.com\/it\/wp-json\/wp\/v2\/comments?post=663727"}],"version-history":[{"count":0,"href":"https:\/\/www.europesays.com\/it\/wp-json\/wp\/v2\/posts\/663727\/revisions"}],"wp:featuredmedia":[{"embeddable":true,"href":"https:\/\/www.europesays.com\/it\/wp-json\/wp\/v2\/media\/663728"}],"wp:attachment":[{"href":"https:\/\/www.europesays.com\/it\/wp-json\/wp\/v2\/media?parent=663727"}],"wp:term":[{"taxonomy":"category","embeddable":true,"href":"https:\/\/www.europesays.com\/it\/wp-json\/wp\/v2\/categories?post=663727"},{"taxonomy":"post_tag","embeddable":true,"href":"https:\/\/www.europesays.com\/it\/wp-json\/wp\/v2\/tags?post=663727"}],"curies":[{"name":"wp","href":"https:\/\/api.w.org\/{rel}","templated":true}]}}