{"id":663743,"date":"2026-09-04T00:59:19","date_gmt":"2026-09-04T00:59:19","guid":{"rendered":"https:\/\/www.europesays.com\/it\/663743\/"},"modified":"2026-09-04T00:59:19","modified_gmt":"2026-09-04T00:59:19","slug":"attentato-a-ranucci-interesse-degli-inquirenti-sullintervista-dellex-conduttore-e-sugli-affari-di-lavitola-sul-carbon-credit","status":"publish","type":"post","link":"https:\/\/www.europesays.com\/it\/663743\/","title":{"rendered":"Attentato a Ranucci, \u00abinteresse\u00bb degli inquirenti sull&#8217;intervista dell&#8217;ex conduttore e sugli affari di Lavitola sul carbon credit"},"content":{"rendered":"<p>    di<br \/>\n    Ilaria Sacchettoni<\/p>\n<p class=\"summary-art is-line-h-12\">Ai magistrati rivela: \u00abCon Tavares lavorai anche per Sal da Vinci\u00bb. Secondo il Dap Lavitola non avrebbe subito aggressioni in cella<\/p>\n<p class=\"chapter-paragraph\"><b>Una manovalanza affamata di contante<\/b> e reclutata in periferia,  dove  il lavoro diventa  \u00ablavoretto\u00bb e l\u2019intraprendenza varca i limiti del codice penale. Qui, <b>fra le case del rione Gescal di Cicciano, a Napoli<\/b>, era sbucata  all\u2019improvviso  una scorciatoia interessante. Cos\u00ec, almeno, nel settembre 2025  prometteva <a href=\"https:\/\/roma.corriere.it\/notizie\/cronaca\/26_agosto_28\/lavitola-interrogatori-ranucci-a0f64eb7-7ec2-4182-aea5-7e57e334bxlk.shtml\" title=\"Lavitola smentito dagli esecutori dell&#039;attentato a Ranucci, le dieci ore di interrogatorio: \u00abCi fu chiesto di piazzare una bomba\u00bb\" rel=\"nofollow noopener\" target=\"_blank\">Gomes Clesio Tavares,<\/a> 45 anni,  factotum dalle  relazioni importanti. Di fronte a s\u00e9 aveva l\u2019amico <b>Pellegrino D\u2019Avino<\/b>, ventisette anni e  gi\u00e0 il peso di una relazione familiare. <b>Gomes la mise gi\u00f9 facile facile: \u00abSi deve mettere una botta (bomba<\/b>, ndr), niente di che, una cosa tranquilla\u00bb.\u00a0<\/p>\n<p class=\"chapter-paragraph\">Nasce cos\u00ec<a href=\"https:\/\/roma.corriere.it\/notizie\/cronaca\/26_agosto_31\/ranucci-restano-in-carcere-gli-esecutori-dell-attentato-il-gip-rigetta-la-richiesta-dei-domiciliari-94929014-1aed-40fc-af1e-4c62fc0d4xlk.shtml\" title=\"Ranucci, restano in carcere gli esecutori dell&#039;attentato. Il gip rigetta la richiesta dei domiciliari: \u00abIndagati reticenti\u00bb\" rel=\"nofollow noopener\" target=\"_blank\"> l\u2019attentato esplosivo<\/a> all\u2019ex conduttore di <a href=\"https:\/\/roma.corriere.it\/notizie\/politica\/26_settembre_03\/report-corsini-conduttori-piervincenzi-presutti-36542955-dc30-43ba-af6c-15b2467cexlk.shtml\" title=\"Report, il direttore Corsini: \u00abI conduttori li scelgo io. Se Daniele Piervincenzi resta? Assolutamente s\u00ec. Il passo indietro di Presutti? Decisione personale\u00bb\" rel=\"nofollow noopener\" target=\"_blank\">Report<\/a>, <a href=\"https:\/\/roma.corriere.it\/notizie\/cronaca\/26_settembre_03\/ranucci-contro-sottile-6d5b0cb9-5787-45b1-a66b-c1a3fd818xlk.shtml\" title=\"Ranucci contro Sottile: \u00abLa mia squadra non si piega di fronte all&#039;arroganza e le miserie di chi si sente protetto dal potere\u00bb\" rel=\"nofollow noopener\" target=\"_blank\">Sigfrido Ranucci<\/a>, un accordo tra mente e braccia alla <b>cifra sostenibile di \u00abtremila euro\u00bb<\/b>.  La mente, secondo l\u2019Antimafia, sarebbe <a href=\"https:\/\/roma.corriere.it\/notizie\/cronaca\/26_settembre_02\/lavitola-aggredito-carcere-chat-ranucci-6fee3024-9763-4bee-bcc7-d488f8da9xlk.shtml\" title=\"Lavitola aggredito in carcere. Ora si indaga sulle chat tra lui e Ranucci cancellate\" rel=\"nofollow noopener\" target=\"_blank\">Valter Lavitola, che  utilizz\u00f2 come intermediario il suo factotum<\/a>.    &#13;<br \/>\n&#13;<br \/>\n&#13;<br \/>\n&#13;<br \/>\n&#13;<br \/>\n&#13;<br \/>\n&#13;<br \/>\n&#13;<br \/>\n&#13;<br \/>\n&#13;<br \/>\n&#13;<br \/>\n&#13;<br \/>\n&#13;<br \/>\n&#13;<br \/>\n&#13;<br \/>\n&#13;<br \/>\n&#13;<br \/>\n&#13;<br \/>\n&#13;<br \/>\n&#13;<br \/>\n&#13;<br \/>\n&#13;<br \/>\n&#13;<br \/>\n&#13;<br \/>\n&#13;<br \/>\n&#13;<br \/>\n&#13;<br \/>\n&#13;<br \/>\n&#13;<br \/>\n&#13;<br \/>\n&#13;<br \/>\n&#13;<br \/>\n&#13;<br \/>\n&#13;<br \/>\n&#13;<br \/>\n&#13;<br \/>\n&#13;<br \/>\n&#13;<br \/>\n&#13;<br \/>\n&#13;<br \/>\n&#13;<br \/>\n&#13;<br \/>\n&#13;<br \/>\n&#13;<br \/>\n&#13;<br \/>\n&#13;<br \/>\n&#13;<br \/>\n&#13;<br \/>\n&#13;<br \/>\n&#13;<br \/>\n&#13;<br \/>\n&#13;<br \/>\n&#13;\n<\/p>\n<p class=\"chapter-paragraph\">D\u2019Avino, poi,  coinvolger\u00e0 il padre naturale, <b>Antonio Passariello<\/b>, un quarantenne che aveva gi\u00e0 precedenti penali. I verbali dei due pregiudicati  restituiscono  dettagli e circostanze sul blitz: \u00abDurante il viaggio di ritorno \u2014 dice Passariello \u2014 Mutone (<b>Saverio Mutone,<\/b> altro indagato, ndr) rispondendo alle mie domande&#8230; mi confidava che l\u2019incarico era stato commissionato da Gomes, un soggetto a me noto perch\u00e9, saltuariamente, mi consentiva di lavorare con lui nell\u2019attivit\u00e0 di sicurezza di personaggi famosi (per lo pi\u00f9 cantanti neomelodici come Sal Da Vinci)\u00bb. Torner\u00e0 sul punto,   amareggiato, per precisare l\u2019inattendibilit\u00e0 di Gomes: \u00abL\u2019ultima volta che l<b>\u2019ho visto \u00e8 stato un anno e mezzo <\/b>fa  ben prima dell\u2019attentato quando feci  un servizio di sicurezza per il cantante Sal Da Vinci, attivit\u00e0 lavorativa per la quale non mi \u00e8 stato corrisposto il compenso pattuito\u00bb.<\/p>\n<p>    Ranucci e l&#8217;intervista ad un <b>quotidiano <\/b>dello <b>Zimbabwe<\/b><\/p>\n<p class=\"chapter-paragraph\">Intanto, secondo quanto riportato da alcuni quotidiani e anticipato dal Tg1 Sigfrido Ranucci rilasci\u00f2 un&#8217;<b>intervista <\/b>a un <b>quotidiano <\/b>dello <b>Zimbabwe <\/b>nella quale annunciava l\u2019intenzione di approfondire con la sua trasmissione Report gli affari sul <b>carbon credit<\/b> (non ve ne fu il tempo perch\u00e9 la trasmissione era interrotta per le vacanze estive), business al quale si dedicavano sia Lavitola che il socio Clesio Tavares. Sempre nel botta e risposta con il giornalista locale Ranucci stigmatizzava quello che a suo giudizio era un tentativo di \u201ctruffa\u201d nei confronti di investitori italiani impegnati nell\u2019affare del Carbon Credit. In altre parole, stando almeno a queste ricostruzioni, Ranucci si sarebbe \u201cprestato\u201d a fornire un <b>assist <\/b>all\u2019amico Lavitola che all\u2019epoca aveva guai giudiziari proprio con alcuni soci africani impegnati nel carbon credit e al quale, peraltro, avrebbe inviato il testo dell&#8217;intervista. Sul punto i quotidiani registrano che bench\u00e9  interpellato Ranucci non avrebbe replicato nel merito. Si tratta di un episodio che aiuta a pesare ancora una volta l\u2019amicizia con Lavitola. Per inciso quella intervista sarebbe sparita dai siti dopo i giorni caldi dell\u2019inchiesta. <b>\u00abInteresse\u00bb da parte degli inquirenti<\/b>.\u00a0<\/p>\n<p>    Confessioni\u00a0\u00ablacunose e illogiche\u00bb<\/p>\n<p class=\"chapter-paragraph\">Quanto all\u2019attentato dinamitardo, vi fu il  sopralluogo sotto casa della vittima. E in seguito al blitz vero e proprio,<b> Gomes sugger\u00ec di accreditare la mafia albanese quale responsabile.<\/b><\/p>\n<p class=\"chapter-paragraph\">Procura e Tribunale ritengono per\u00f2 lacunose le confessioni e quanto a quella di Passariello, addirittura illogica: \u00abPassariello ha sostenuto di aver collocato l\u2019esplosivo e di averlo poi fatto brillare senza conoscere che tipo di ordigno fosse e senza conoscerne il funzionamento&#8230;\u00bb. <b>I magistrati non credono, insomma<\/b>,  alla versione secondo la quale fu Gomes a <b>consegnare l\u2019ordigno  nelle mani dei due esecutori.<\/b><\/p>\n<p class=\"chapter-paragraph\">Ma i \u00abmanovali\u00bb di Lavitola, assistiti dai loro difensori, avvocati Generoso Pagliarulo e Antonio Falconieri, promettono di far luce anche sugli<a href=\"\"> ultimi due mesi di carcere<\/a>.  Sono consapevoli di essere sorvegliati \u2014 le microspie del pm Edoardo De Santi  li hanno registrati mentre esultavano per la perquisizione di Lavitola e Gomes \u2014 anche all\u2019interno del perimetro carcerario. Spiega Passariello: \u00abDurante l\u2019ora d\u2019aria sono stato pi\u00f9 volte <a href=\"https:\/\/roma.corriere.it\/notizie\/cronaca\/26_settembre_02\/lavitola-aggredito-carcere-chat-ranucci-6fee3024-9763-4bee-bcc7-d488f8da9xlk.shtml\" title=\"Lavitola aggredito in carcere. Ora si indaga sulle chat tra lui e Ranucci cancellate\" rel=\"nofollow noopener\" target=\"_blank\">avvicinato da alcuni detenuti\u00a0<\/a>che, avendo appreso i motivi per cui sono stato arrestato, mi hanno invitato a non rendere dichiarazioni, senza minacciarmi esplicitamente. Lo stesso \u00e8 successo qualche sera fa nella mia cella  allorquando uno dei due detenuti con cui condivido la cella, tale Antonio di circa 60 anni, mi consigliava di non rendere l\u2019interrogatorio. Nella medesima giornata avevo appreso da alcuni detenuti che <b>il coindagato Lavitola <\/b>era stato schiaffeggiato durante l\u2019ora d\u2019aria\u00bb. Circostanza, questa, che ieri \u00e8 stata smentita da fonti del Dap: non ci sarebbe stata nessuna aggressione.\u00a0<\/p>\n<p class=\"chapter-paragraph\">La difesa del presunto mandante ha chiesto documentazione al riguardo: \u00ab\u00c8 evidente che Lavitola, in un reparto di alta sicurezza con soggetti condannati per mafia, \u00e8 esposto a pericoli per la propria incolumit\u00e0\u00bb dicono gli avvocati Arturo e Sergio Cola.<\/p>\n<p class=\"is-mr-t-20 is-mr-b-20\"><b><br \/>\n                    <a href=\"https:\/\/roma.corriere.it\/?intcmp=Notizielocali_nd_010623_corriere_ss_roma\" target=\"_blank\" rel=\"nofollow noopener\">Vai a tutte le notizie di Roma<\/a><br \/>\n            <\/b><\/p>\n<p>[an error occurred while processing this directive]<\/p>\n<p class=\"is-last-update\" datetime=\"2026-09-03T16:29:00+02:00\">3 settembre 2026 ( modifica il 3 settembre 2026 | 16:28)<\/p>\n<p class=\"is-copyright\">\n            \u00a9 RIPRODUZIONE RISERVATA\n        <\/p>\n","protected":false},"excerpt":{"rendered":"di Ilaria Sacchettoni Ai magistrati rivela: \u00abCon Tavares lavorai anche per Sal da Vinci\u00bb. Secondo il Dap Lavitola&hellip;\n","protected":false},"author":3,"featured_media":663744,"comment_status":"","ping_status":"","sticky":false,"template":"","format":"standard","meta":{"footnotes":"","_share_on_mastodon":"0"},"categories":[79],"tags":[178,839,4008,119,37083,7488,14041,1498,316744,2550,1499,5804,37702,322015,18017,316742,316743,15948,38939,5147,14,93,94,41011,938,65881,2606,236158,85593,8140,21776,5292,365791,1282,209898,365792,1537,90,89,365793,315631,13410,2422,6045,365794,4052,7,15,103749,360085,494,14853,980,365795,30051,10569,4910,89836,213606,863,82402,11,84,91,12,85,92,5798],"class_list":["post-663743","post","type-post","status-publish","format-standard","has-post-thumbnail","category-italia","tag-affari","tag-almeno","tag-amico","tag-antonio","tag-appreso","tag-aria","tag-attentato","tag-attivita","tag-avino","tag-avvocati","tag-blitz","tag-botta","tag-carbon","tag-carbon-credit","tag-cella","tag-clesio","tag-clesio-tavares","tag-conduttore","tag-confessioni","tag-credit","tag-cronaca","tag-cronaca-italiana","tag-cronacaitaliana","tag-dap","tag-detenuti","tag-esplosivo","tag-facile","tag-factotum","tag-gomes","tag-impegnati","tag-inquirenti","tag-interesse","tag-interesse-inquirenti","tag-intervista","tag-intervista-quotidiano","tag-intervista-quotidiano-zimbabwe","tag-it","tag-italia","tag-italy","tag-lacunose","tag-lavitola","tag-mafia","tag-magistrati","tag-mente","tag-mutone","tag-ndr","tag-news","tag-notizie","tag-ordigno","tag-passariello","tag-punto","tag-quotidiani","tag-quotidiano","tag-quotidiano-zimbabwe","tag-ranucci","tag-rendere","tag-report","tag-sal","tag-sal-vinci","tag-sicurezza","tag-tavares","tag-ultime-notizie","tag-ultime-notizie-e-news-di-oggi","tag-ultime-notizie-italia","tag-ultimenotizie","tag-ultimenotizieenewsdioggi","tag-ultimenotizieitalia","tag-vinci"],"share_on_mastodon":{"url":"","error":"Validation failed: Text character limit of 500 exceeded"},"_links":{"self":[{"href":"https:\/\/www.europesays.com\/it\/wp-json\/wp\/v2\/posts\/663743","targetHints":{"allow":["GET"]}}],"collection":[{"href":"https:\/\/www.europesays.com\/it\/wp-json\/wp\/v2\/posts"}],"about":[{"href":"https:\/\/www.europesays.com\/it\/wp-json\/wp\/v2\/types\/post"}],"author":[{"embeddable":true,"href":"https:\/\/www.europesays.com\/it\/wp-json\/wp\/v2\/users\/3"}],"replies":[{"embeddable":true,"href":"https:\/\/www.europesays.com\/it\/wp-json\/wp\/v2\/comments?post=663743"}],"version-history":[{"count":0,"href":"https:\/\/www.europesays.com\/it\/wp-json\/wp\/v2\/posts\/663743\/revisions"}],"wp:featuredmedia":[{"embeddable":true,"href":"https:\/\/www.europesays.com\/it\/wp-json\/wp\/v2\/media\/663744"}],"wp:attachment":[{"href":"https:\/\/www.europesays.com\/it\/wp-json\/wp\/v2\/media?parent=663743"}],"wp:term":[{"taxonomy":"category","embeddable":true,"href":"https:\/\/www.europesays.com\/it\/wp-json\/wp\/v2\/categories?post=663743"},{"taxonomy":"post_tag","embeddable":true,"href":"https:\/\/www.europesays.com\/it\/wp-json\/wp\/v2\/tags?post=663743"}],"curies":[{"name":"wp","href":"https:\/\/api.w.org\/{rel}","templated":true}]}}