{"id":663754,"date":"2026-09-04T01:14:18","date_gmt":"2026-09-04T01:14:18","guid":{"rendered":"https:\/\/www.europesays.com\/it\/663754\/"},"modified":"2026-09-04T01:14:18","modified_gmt":"2026-09-04T01:14:18","slug":"john-malkovich-applauditissimo-a-venezia-per-il-suo-agente-della-cia-in-fin-di-vita-sono-contento-non-ho-in-programma-di-andare-in-pensione","status":"publish","type":"post","link":"https:\/\/www.europesays.com\/it\/663754\/","title":{"rendered":"John Malkovich applauditissimo a Venezia per il suo agente della Cia in fin di vita: \u00abSono contento. Non ho in programma di andare in pensione\u00bb"},"content":{"rendered":"<p>    di<br \/>\n    Chiara Maffioletti<\/p>\n<p class=\"summary-art is-line-h-12\">Grande successo alla Mostra per \u00abWild Horse Nine\u00bb, film ambientato in Cile nel 1973. \u00abInvolontariamente potrebbe riferirsi anche alla situazione attuale\u00bb<\/p>\n<p class=\"chapter-paragraph\">Applauditissimo, vestito di bianco, John Malkovich ha accompagnato \u00abWild Horse Nine\u00bb, il nuovo film di Martin McDonagh, in concorso alla Mostra e immediatamente apprezzato (sar\u00e0 nelle sale cinematografiche italiane il 5 novembre). La conferenza va subito dritta al punto: l&#8217;attore per la sua interpretazione di un agente della Cia nei suoi ultimi giorni, per una malattia, meriterebbe non solo il Leone come Miglior attore ma l&#8217;Oscar. Malkovich abbozza un sorriso:\u00a0\u00abHo avuto una carriera molto lunga, con\u00a0 collaborazioni meravigliosi, registi e attori con cui non sono mai entrato in competizione. Per me \u00e8 una cosa bellissima \u00e8 che il film riceva attenzione. E&#8217; un film che ha attori meravigliosi ed \u00e8 stato scritto e diretto meravigliosamente: \u00e8 questo che per me \u00e8 davvero importante\u00bb.\u00a0<\/p>\n<p class=\"chapter-paragraph\">Tra le tante battute folgoranti di questa commedia dark, una riguarda una ipotetica connessione tra formaggi e \u00abPaesi gay\u00bb, intesi come nazioni particolarmente gay friendly. Pi\u00f9 \u00e8 buono il formaggio e pi\u00f9 il Paese \u00e8 gay. Si cita la Francia, l&#8217;Olanda ma non l&#8217;Italia:\u00a0\u00abMa questo perch\u00e9 il formaggio italiano \u00e8 il migliore del mondo, non aveva senso parlarne nel film\u00bb, commenta il regista McDonagh.\u00a0    &#13;<br \/>\n&#13;<br \/>\n&#13;<br \/>\n&#13;<br \/>\n&#13;<br \/>\n&#13;<br \/>\n&#13;<br \/>\n&#13;<br \/>\n&#13;<br \/>\n&#13;<br \/>\n&#13;<br \/>\n&#13;<br \/>\n&#13;<br \/>\n&#13;<br \/>\n&#13;<br \/>\n&#13;<br \/>\n&#13;<br \/>\n&#13;<br \/>\n&#13;<br \/>\n&#13;<br \/>\n&#13;<br \/>\n&#13;<br \/>\n&#13;<br \/>\n&#13;<br \/>\n&#13;<br \/>\n&#13;<br \/>\n&#13;<br \/>\n&#13;<br \/>\n&#13;<br \/>\n&#13;<br \/>\n&#13;<br \/>\n&#13;<br \/>\n&#13;<br \/>\n&#13;<br \/>\n&#13;<br \/>\n&#13;<br \/>\n&#13;<br \/>\n&#13;<br \/>\n&#13;<br \/>\n&#13;<br \/>\n&#13;<br \/>\n&#13;<br \/>\n&#13;<br \/>\n&#13;<br \/>\n&#13;<br \/>\n&#13;<br \/>\n&#13;<br \/>\n&#13;<br \/>\n&#13;<br \/>\n&#13;<br \/>\n&#13;<br \/>\n&#13;<br \/>\n&#13;\n<\/p>\n<p class=\"chapter-paragraph\">Nel film il personaggio di Malkovich sta preparando il suo\u00a0memoir.\u00a0\u00abIo, per\u00f2, non lo scriverei mai\u00bb, chiarisce subito l&#8217;attore. Non ha avuto esitazioni quando ha dovuto scegliere se girare questo film:\u00a0\u00ab\u00c8 stata una decisone facile: il copione era scritto benissimo, avevo ricevuto altre cose scritte da Martin e non avevo potuto accettarle per altri impegni. Fortunatamente adesso nulla si \u00e8 frapposto e ho potuto prendere parte al progetto\u00bb. Del resto la sua scuola \u00e8 sempre stata una:\u00a0\u00abFare quello che mi piace nella mia vita e\u00a0 conto di continuare a farlo. Non voglio smettere o andare in pensione, non \u00e8 mia intenzione\u00bb. Lui e Sam Rockwell sono\u00a0\u00abdue mascalzoni che non hanno veramente idea di fare parte di quello che fanno parte, ovvero della Cia e pi\u00f9 in generale di un contesto di democrazia destabilizzata. Credo si tratti anche di un film con grande senso dell&#8217;umorismo e ironia, che affronta eventi terribili con grazia, intelligenza e con un certo senso di giustizia\u00bb. Il primo \u00e8 l&#8217;assassinio di Salvador Allende che mor\u00ec l&#8217;11 settembre 1973 a Santiago del Cile durante il colpo di Stato militare guidato dal generale Augusto Pinochet. E poi quello di Kennedy.<\/p>\n<p class=\"chapter-paragraph\">Nel cast e a Venezia c&#8217;\u00e8 anche Buscemi che interpreta il capo della Cia:\u00a0\u00abAnche io ho davvero amato fare questo film e interpretare questo capo un po&#8217; strano che ho adorato.\u00a0\u00c8 un film che parla anche di rapporti, ci sono tante stratificazioni. Lo definirei umano\u00bb.\u00a0 \u00a0<\/p>\n<p class=\"chapter-paragraph\">Prima di iniziare le riprese Malkovich non ha dovuto fare grandi studi. \u00abLa sceneggiatura era gi\u00e0 scritta cos\u00ec bene che non era necessario. Inoltre poco prima avevo trascorso un po&#8217; di tempo ad adattare De Lillo per il teatro che parlava dell&#8217;assassinio di Kennedy sempre da un punto di vista fiction\u00bb.\u00a0\u00a0<\/p>\n<p class=\"chapter-paragraph\">Anche se ambientato nel 1973, la storia continua a ripetersi e lo sfondo sembra pi\u00f9 contemporaneo di quanto si potesse pensare, specie dopo le tensioni in Sud America. Ha spiegato il regista:\u00a0\u00abLa cosa che fa pi\u00f9 paura \u00e8 che non si cerca neanche pi\u00f9 di nascondere certe cose. Almeno prima le persone avevano l&#8217;intelligenza di mantenere il segreto rispetto a quello che facevano rispetto e alla loro stupidit\u00e0. Ho scritto il film per per parlare del 1973 e del Cile in quel momento ma effettivamente sembra anche una riflessione sulla situazione geopolitcia contemporanea. A volte queste cose succedono naturalmente\u00bb.\u00a0<\/p>\n<p class=\"is-last-update\" datetime=\"2026-09-03T13:38:23+02:00\">3 settembre 2026 ( modifica il 3 settembre 2026 | 13:38)<\/p>\n<p class=\"is-copyright\">\n            \u00a9 RIPRODUZIONE RISERVATA\n        <\/p>\n","protected":false},"excerpt":{"rendered":"di Chiara Maffioletti Grande successo alla Mostra per \u00abWild Horse Nine\u00bb, film ambientato in Cile nel 1973. \u00abInvolontariamente&hellip;\n","protected":false},"author":3,"featured_media":663755,"comment_status":"","ping_status":"","sticky":false,"template":"","format":"standard","meta":{"footnotes":"","_share_on_mastodon":"0"},"categories":[1451],"tags":[7169,178045,43041,32,32046,365804,72302,2382,637,777,1621,1620,48722,17033,122,1278,1907,203,454,50821,28624,109270,365725,365805,667,204,1537,90,89,1602,317062,2162,365721,3443,365726,21600,632,365727,365806,9841,11045,988,2677],"class_list":["post-663754","post","type-post","status-publish","format-standard","has-post-thumbnail","category-celebrita","tag-agente","tag-agente-cia","tag-ambientato","tag-andare","tag-andare-pensione","tag-applauditissimo","tag-assassinio","tag-attore","tag-attori","tag-capo","tag-celebrita","tag-celebrities","tag-cia","tag-cile","tag-cose","tag-davvero","tag-dovuto","tag-entertainment","tag-film","tag-formaggio","tag-gay","tag-horse","tag-horse-nine","tag-horse-nine-film","tag-intelligenza","tag-intrattenimento","tag-it","tag-italia","tag-italy","tag-john","tag-john-malkovich","tag-kennedy","tag-malkovich","tag-martin","tag-mcdonagh","tag-meravigliosi","tag-mostra","tag-nine","tag-nine-film","tag-pensione","tag-potuto","tag-scritto","tag-senso"],"share_on_mastodon":{"url":"","error":"Validation failed: Text character limit of 500 exceeded"},"_links":{"self":[{"href":"https:\/\/www.europesays.com\/it\/wp-json\/wp\/v2\/posts\/663754","targetHints":{"allow":["GET"]}}],"collection":[{"href":"https:\/\/www.europesays.com\/it\/wp-json\/wp\/v2\/posts"}],"about":[{"href":"https:\/\/www.europesays.com\/it\/wp-json\/wp\/v2\/types\/post"}],"author":[{"embeddable":true,"href":"https:\/\/www.europesays.com\/it\/wp-json\/wp\/v2\/users\/3"}],"replies":[{"embeddable":true,"href":"https:\/\/www.europesays.com\/it\/wp-json\/wp\/v2\/comments?post=663754"}],"version-history":[{"count":0,"href":"https:\/\/www.europesays.com\/it\/wp-json\/wp\/v2\/posts\/663754\/revisions"}],"wp:featuredmedia":[{"embeddable":true,"href":"https:\/\/www.europesays.com\/it\/wp-json\/wp\/v2\/media\/663755"}],"wp:attachment":[{"href":"https:\/\/www.europesays.com\/it\/wp-json\/wp\/v2\/media?parent=663754"}],"wp:term":[{"taxonomy":"category","embeddable":true,"href":"https:\/\/www.europesays.com\/it\/wp-json\/wp\/v2\/categories?post=663754"},{"taxonomy":"post_tag","embeddable":true,"href":"https:\/\/www.europesays.com\/it\/wp-json\/wp\/v2\/tags?post=663754"}],"curies":[{"name":"wp","href":"https:\/\/api.w.org\/{rel}","templated":true}]}}