{"id":663766,"date":"2026-09-04T01:21:16","date_gmt":"2026-09-04T01:21:16","guid":{"rendered":"https:\/\/www.europesays.com\/it\/663766\/"},"modified":"2026-09-04T01:21:16","modified_gmt":"2026-09-04T01:21:16","slug":"raro-caso-di-toscana-virus-trentaquattrenne-salvato-al-mauro-scarlato-di-scafati","status":"publish","type":"post","link":"https:\/\/www.europesays.com\/it\/663766\/","title":{"rendered":"Raro caso di &#8220;Toscana Virus&#8221;: trentaquattrenne salvato al &#8220;Mauro Scarlato&#8221; di Scafati"},"content":{"rendered":"<p>La rapidit\u00e0 della diagnosi e l&#8217;immediatezza delle cure hanno evitato il peggio all&#8217;ospedale &#8220;Scarlato&#8221; di Scafati, dove l&#8217;\u00e9quipe dell&#8217;Unit\u00e0 Operativa Complessa di Malattie Infettive, guidata dalla dottoressa Annarita Sullo, ha trattato con successo un insolito e insidioso caso di <strong>Toscana Virus. <\/strong>Il protagonista della vicenda \u00e8 un 34enne che, dopo aver trascorso la prima settimana di agosto nelle<strong> Marche<\/strong>, ha iniziato ad avvertire i sintomi di un&#8217;infezione che ha rischiato di compromettere seriamente il suo sistema nervoso. Il calvario del paziente \u00e8 iniziato verso la fine del mese, quando una febbre persistente e una violenta cefalea frontale lo hanno spinto a presentarsi d&#8217;urgenza al Pronto Soccorso del nosocomio di Nocera Inferiore. Oltre al forte mal di testa, l&#8217;uomo manifestava vertigini e un preoccupante impaccio nei movimenti del collo, campanello d&#8217;allarme tipico delle sindromi meningee. Sottoposto ai primissimi accertamenti e a una copertura antibiotica d&#8217;emergenza, il trentaquattrenne \u00e8 stato trasferito il giorno successivo nel reparto specializzato di Scafati. Al suo arrivo, il quadro clinico appariva delicato: <strong>il giovane era febbrile, mostrava un evidente rallentamento motorio<\/strong> e si trovava in uno stato soporoso, pur riuscendo a reagire agli stimoli verbali dei medici. Senza perdere tempo, i sanitari del &#8220;Mauro Scarlato&#8221; hanno avviato una massiccia terapia steroidea e antivirale, procedendo contestualmente a un prelievo di liquido cerebrospinale. L&#8217;aliquota di liquor \u00e8 stata spedita d&#8217;urgenza ai laboratori della Microbiologia e Virologia dell&#8217;Azienda Ospedaliera dei Colli per l&#8217;analisi molecolare. L&#8217;intuizione clinica dell&#8217;\u00e9quipe medica si \u00e8 rivelata vincente: gi\u00e0 nelle successive 48 ore la terapia ha prodotto una netta regressione delle sofferenze neurologiche e un crollo degli indici di infiammazione. La conferma ufficiale \u00e8 arrivata pochi giorni dopo dal laboratorio napoletano, <strong>il cui test PCR-RNA ha certificato la positivit\u00e0 al Toscana Virus.<\/strong> Questo agente patogeno, tornato di recente alla ribalta delle cronache nazionali per aver colpito il noto cantautore Tommaso Paradiso, non rappresenta in realt\u00e0 una novit\u00e0 biologica. Il microrganismo circola da decenni in Italia e nel bacino del Mediterraneo e si trasmette esclusivamente attraverso la puntura dei flebotomi, comunemente chiamati pappataci, escludendo qualsiasi forma di contagio interumano.<\/p>\n<p>\u00a0Sebbene nella stragrande maggioranza dei casi l&#8217;infezione decorra in modo del tutto asintomatico o con lievi disturbi passeggeri, in una ridotta percentuale di soggetti pu\u00f2<strong> aggredire le membrane cerebrali causando meningiti o encefaliti.<\/strong> Grazie alla competenza e alla coordinazione della rete sanitaria salernitana, la minaccia \u00e8 stata neutralizzata in tempo, restituendo il giovane paziente alla sua vita normale.<\/p>\n","protected":false},"excerpt":{"rendered":"La rapidit\u00e0 della diagnosi e l&#8217;immediatezza delle cure hanno evitato il peggio all&#8217;ospedale &#8220;Scarlato&#8221; di Scafati, dove l&#8217;\u00e9quipe&hellip;\n","protected":false},"author":3,"featured_media":663767,"comment_status":"","ping_status":"","sticky":false,"template":"","format":"standard","meta":{"footnotes":"","_share_on_mastodon":"0"},"categories":[175],"tags":[239,1537,90,89,240,49916,31001],"class_list":["post-663766","post","type-post","status-publish","format-standard","has-post-thumbnail","category-salute","tag-health","tag-it","tag-italia","tag-italy","tag-salute","tag-salvataggi","tag-scafati"],"share_on_mastodon":{"url":"https:\/\/pubeurope.com\/@it\/117210152284604397","error":""},"_links":{"self":[{"href":"https:\/\/www.europesays.com\/it\/wp-json\/wp\/v2\/posts\/663766","targetHints":{"allow":["GET"]}}],"collection":[{"href":"https:\/\/www.europesays.com\/it\/wp-json\/wp\/v2\/posts"}],"about":[{"href":"https:\/\/www.europesays.com\/it\/wp-json\/wp\/v2\/types\/post"}],"author":[{"embeddable":true,"href":"https:\/\/www.europesays.com\/it\/wp-json\/wp\/v2\/users\/3"}],"replies":[{"embeddable":true,"href":"https:\/\/www.europesays.com\/it\/wp-json\/wp\/v2\/comments?post=663766"}],"version-history":[{"count":0,"href":"https:\/\/www.europesays.com\/it\/wp-json\/wp\/v2\/posts\/663766\/revisions"}],"wp:featuredmedia":[{"embeddable":true,"href":"https:\/\/www.europesays.com\/it\/wp-json\/wp\/v2\/media\/663767"}],"wp:attachment":[{"href":"https:\/\/www.europesays.com\/it\/wp-json\/wp\/v2\/media?parent=663766"}],"wp:term":[{"taxonomy":"category","embeddable":true,"href":"https:\/\/www.europesays.com\/it\/wp-json\/wp\/v2\/categories?post=663766"},{"taxonomy":"post_tag","embeddable":true,"href":"https:\/\/www.europesays.com\/it\/wp-json\/wp\/v2\/tags?post=663766"}],"curies":[{"name":"wp","href":"https:\/\/api.w.org\/{rel}","templated":true}]}}