{"id":663775,"date":"2026-09-04T01:26:19","date_gmt":"2026-09-04T01:26:19","guid":{"rendered":"https:\/\/www.europesays.com\/it\/663775\/"},"modified":"2026-09-04T01:26:19","modified_gmt":"2026-09-04T01:26:19","slug":"gabriele-albertini-calabresi-sono-tentato-di-votarlo-con-lui-il-centrosinistra-vince-al-primo-turno-a-noi-serve-un-civico-di-buon-livello","status":"publish","type":"post","link":"https:\/\/www.europesays.com\/it\/663775\/","title":{"rendered":"Gabriele Albertini: \u00abCalabresi? Sono tentato di votarlo. Con lui il centrosinistra vince al primo turno. A noi serve un civico di buon livello\u00bb"},"content":{"rendered":"<p>    di<br \/>\n    Chiara Evangelista<\/p>\n<p class=\"summary-art is-line-h-12\">L&#8217;ex sindaco boccia le candidature di Lupi, Civita e Terzi.  \u00abSe non dovesse convincermi il candidato scelto dal centrodestra, il voto disgiunto su di lui potrebbe tentarmi\u00bb spiega<\/p>\n<p class=\"chapter-paragraph\">\u00ab<a href=\"https:\/\/milano.corriere.it\/notizie\/cronaca\/26_settembre_02\/calabresi-verso-la-corsa-a-sindaco-di-milano-lascia-gli-incarichi-in-chora-e-will-media-ora-una-strada-nuova-6dc25c10-5b8f-4116-bc51-e0eebc95fxlk.shtml\" rel=\"nofollow noopener\" target=\"_blank\"><b>Mario Calabresi<\/b><\/a>? Se non dovesse convincermi il candidato scelto dal centrodestra, il voto disgiunto su di lui potrebbe tentarmi\u00bb. Per<b> l\u2019ex sindaco di Milano Gabriele Albertini <\/b>qualora il giornalista dovesse essere il nome del centrosinistra, la sua area politica sarebbe \u00abin enorme difficolt\u00e0\u00bb.\u00a0<\/p>\n<p class=\"chapter-paragraph\"><b>Un pronostico?<\/b><br \/>\u00abCon lui gli avversari politici vincono al primo turno. Mi dispiace essere cos\u00ec pessimista\u00bb.    &#13;<br \/>\n&#13;<br \/>\n&#13;<br \/>\n&#13;<br \/>\n&#13;<br \/>\n&#13;<br \/>\n&#13;<br \/>\n&#13;<br \/>\n&#13;<br \/>\n&#13;<br \/>\n&#13;<br \/>\n&#13;<br \/>\n&#13;<br \/>\n&#13;<br \/>\n&#13;<br \/>\n&#13;<br \/>\n&#13;<br \/>\n&#13;<br \/>\n&#13;<br \/>\n&#13;<br \/>\n&#13;<br \/>\n&#13;<br \/>\n&#13;<br \/>\n&#13;<br \/>\n&#13;<br \/>\n&#13;<br \/>\n&#13;<br \/>\n&#13;<br \/>\n&#13;<br \/>\n&#13;<br \/>\n&#13;<br \/>\n&#13;<br \/>\n&#13;<br \/>\n&#13;<br \/>\n&#13;<br \/>\n&#13;<br \/>\n&#13;<br \/>\n&#13;<br \/>\n&#13;<br \/>\n&#13;<br \/>\n&#13;<br \/>\n&#13;<br \/>\n&#13;<br \/>\n&#13;<br \/>\n&#13;<br \/>\n&#13;<br \/>\n&#13;<br \/>\n&#13;<br \/>\n&#13;<br \/>\n&#13;<br \/>\n&#13;<br \/>\n&#13;<br \/>\n&#13;\n<\/p>\n<p class=\"chapter-paragraph\"><b>E allora in che modo il centrodestra pu\u00f2 invertire la rotta?<\/b><br \/>\u00abL\u2019unica possibilit\u00e0 per giocarcela, secondo me, sarebbe stata l\u2019economista Carlo Cottarelli. Un nome che avrebbe allargato la coalizione anche ai riformisti, come Azione e magari anche Italia Viva\u00bb.<\/p>\n<p class=\"chapter-paragraph\"><b>L\u2019ipotesi per\u00f2 \u00e8 sfumata. Alternative? <\/b><br \/>\u00abTra i civici in gioco, Alessandro Spada potrebbe essere un nome di peso ma non so se sia disponibile. Antonio Civita, il patron di Panino giusto, per quanto abbia tutta la mia stima, non ha quella caratura di notoriet\u00e0 sufficiente per recuperare quei 10-14 punti di distanza dal centrodestra. Il giornalista Giovanni Terzi \u00e8 un intermediario: una figura a met\u00e0 tra il civico e il politico. Per quanto in campagna elettorale l\u2019apporto di sua moglie Simona Ventura possa essere tonico, non sono sicuro che possa farcela. Maurizio Lupi, il leader di Noi Moderati, non riuscirebbe ad allargare la coalizione. Per questo torno a ripetere che serve un civico\u00bb.<\/p>\n<p class=\"chapter-paragraph\"><b>Il leader di Noi Moderati ha il sostegno per\u00f2 del presidente del Senato Ignazio La Russa. Quanto dipendono le sorti di Milano dalla seconda carica dello Stato?<br \/><\/b>\u00abCredo che nel retro pensiero di Ignazio ci sia se non altro la volont\u00e0 \u2014 non so quanto la convinzione \u2014 di essere  il vero gestore delle scelte. Ne \u00e8 esempio il pranzo con gli aspiranti candidati che ha organizzato prima della pausa estiva. Sembra per\u00f2 che questo suo punto di vista si sia scontrato con quello della presidente del Consiglio Giorgia Meloni. Quindi potrebbe avere voce in capitolo sulla scelta del candidato per la Regione\u00bb.<\/p>\n<p class=\"chapter-paragraph\"><b>Quali sono le tempistiche  per la scelta del candidato?<\/b><br \/>\u00abL\u2019accordo deve essere trovato entro il mese di settembre. Soprattutto se dovesse orientarsi la scelta, come mi sembra di capire, su un candidato civico. Serve un\u2019organizzazione molto forte per recuperare i punti percentuali che ci separano dal centrosinistra\u00bb.<\/p>\n<p class=\"chapter-paragraph\"><b>E basterebbe se dall\u2019altra parte lo sfidante fosse Calabresi?<\/b><br \/>\u00abCon lui il centrodestra sarebbe in enorme difficolt\u00e0 perch\u00e9 ha la capacit\u00e0 di attrarre anche i centristi. Ho una profonda stima nei suoi confronti. Ho letto quasi tutti i suoi libri. In uno dei suoi scritti racconta anche di un episodio che mi lega particolarmente a lui\u00bb.<\/p>\n<p class=\"chapter-paragraph\"><b>Ovvero?<\/b><br \/>\u00abIn piazza Fontana inizialmente c\u2019era una lapide su cui sostanzialmente veniva indicato suo padre come responsabile della morte dell\u2019anarchico Giuseppe Pinelli. Fui io a farla sostituire con un\u2019altra in cui \u00e8 riportato \u201cmorto tragicamente\u201d al posto di \u201cucciso\u201d. Perch\u00e9, come sappiamo, i processi  hanno dichiarato il commissario innocente\u00bb.<\/p>\n<p>APPROFONDISCI CON IL PODCAST<\/p>\n<p class=\"chapter-paragraph\"><b>Ma Mario Calabresi dovrebbe passare dalle primarie, qualora si dovessero fare?<br \/><\/b>\u00abHa un profilo tale per cui considererei dal suo punto di vista, ma anche da chi osserva da fuori, quasi un\u2019umiliazione sottoporsi alle urne preventive. Sono d\u2019accordo su questo  con il leader di Azione Carlo Calenda: anche per non turbare le adesioni dei centristi, su Calabresi ci dovrebbe essere una convergenza senza passare dalle primarie. Non \u00e8 una candidatura che pu\u00f2 competere con le altre\u00bb.<\/p>\n<p class=\"chapter-paragraph\"><b>Non si vince quindi a Milano con un profilo pi\u00f9 spostato a sinistra, come quello di Pierfrancesco Majorino?  <br \/><\/b>\u00abIl capogruppo dem al Pirellone penso che abbia comunque ottime probabilit\u00e0 di vincere, per\u00f2 magari qualche incertezza potrebbe porsi. Il centrosinistra potrebbe  andare al secondo turno se noi candidiamo un civico di buon livello\u00bb.<\/p>\n<p class=\"is-mr-t-20 is-mr-b-20\"><b><br \/>\n                    <a href=\"https:\/\/milano.corriere.it\/?intcmp=Notizielocali_nd_010623_corriere_ss_milano\" target=\"_blank\" rel=\"nofollow noopener\">Vai a tutte le notizie di Milano<\/a><br \/>\n            <\/b><\/p>\n<p>[an error occurred while processing this directive]<\/p>\n<p class=\"is-last-update\" datetime=\"2026-09-03T16:36:30+02:00\">3 settembre 2026 ( modifica il 3 settembre 2026 | 16:36)<\/p>\n<p class=\"is-copyright\">\n            \u00a9 RIPRODUZIONE RISERVATA\n        <\/p>\n","protected":false},"excerpt":{"rendered":"di Chiara Evangelista L&#8217;ex sindaco boccia le candidature di Lupi, Civita e Terzi. \u00abSe non dovesse convincermi il&hellip;\n","protected":false},"author":3,"featured_media":663776,"comment_status":"","ping_status":"","sticky":false,"template":"","format":"standard","meta":{"footnotes":"","_share_on_mastodon":"0"},"categories":[79],"tags":[579,57469,2537,2482,1034,66748,22492,365807,2409,365808,365809,2387,179678,112,365810,365811,2780,6659,365812,365813,281837,121,90320,365814,365815,14,93,94,5376,280406,365816,3879,365817,365818,6018,3881,365819,1482,1537,90,89,381,28,7,1693,15,1360,2181,19627,11,84,91,12,85,92],"class_list":["post-663775","post","type-post","status-publish","format-standard","has-post-thumbnail","category-italia","tag-accordo","tag-albertini","tag-altra","tag-azione","tag-buon","tag-buon-livello","tag-calabresi","tag-calabresi-dovrebbe","tag-candidato","tag-candidato-scelto","tag-candidato-scelto-centrodestra","tag-carlo","tag-centristi","tag-centrodestra","tag-centrodestra-voto","tag-centrodestra-voto-disgiunto","tag-centrosinistra","tag-civico","tag-civico-buon","tag-civico-buon-livello","tag-civita","tag-coalizione","tag-convincermi","tag-convincermi-candidato","tag-convincermi-candidato-scelto","tag-cronaca","tag-cronaca-italiana","tag-cronacaitaliana","tag-difficolta","tag-disgiunto","tag-disgiunto-tentarmi","tag-dovesse","tag-dovesse-convincermi","tag-dovesse-convincermi-candidato","tag-dovrebbe","tag-enorme","tag-enorme-difficolta","tag-gabriele","tag-it","tag-italia","tag-italy","tag-leader","tag-milano","tag-news","tag-nome","tag-notizie","tag-scelta","tag-serve","tag-turno","tag-ultime-notizie","tag-ultime-notizie-e-news-di-oggi","tag-ultime-notizie-italia","tag-ultimenotizie","tag-ultimenotizieenewsdioggi","tag-ultimenotizieitalia"],"share_on_mastodon":{"url":"","error":"Validation failed: Text character limit of 500 exceeded"},"_links":{"self":[{"href":"https:\/\/www.europesays.com\/it\/wp-json\/wp\/v2\/posts\/663775","targetHints":{"allow":["GET"]}}],"collection":[{"href":"https:\/\/www.europesays.com\/it\/wp-json\/wp\/v2\/posts"}],"about":[{"href":"https:\/\/www.europesays.com\/it\/wp-json\/wp\/v2\/types\/post"}],"author":[{"embeddable":true,"href":"https:\/\/www.europesays.com\/it\/wp-json\/wp\/v2\/users\/3"}],"replies":[{"embeddable":true,"href":"https:\/\/www.europesays.com\/it\/wp-json\/wp\/v2\/comments?post=663775"}],"version-history":[{"count":0,"href":"https:\/\/www.europesays.com\/it\/wp-json\/wp\/v2\/posts\/663775\/revisions"}],"wp:featuredmedia":[{"embeddable":true,"href":"https:\/\/www.europesays.com\/it\/wp-json\/wp\/v2\/media\/663776"}],"wp:attachment":[{"href":"https:\/\/www.europesays.com\/it\/wp-json\/wp\/v2\/media?parent=663775"}],"wp:term":[{"taxonomy":"category","embeddable":true,"href":"https:\/\/www.europesays.com\/it\/wp-json\/wp\/v2\/categories?post=663775"},{"taxonomy":"post_tag","embeddable":true,"href":"https:\/\/www.europesays.com\/it\/wp-json\/wp\/v2\/tags?post=663775"}],"curies":[{"name":"wp","href":"https:\/\/api.w.org\/{rel}","templated":true}]}}