{"id":663777,"date":"2026-09-04T01:27:22","date_gmt":"2026-09-04T01:27:22","guid":{"rendered":"https:\/\/www.europesays.com\/it\/663777\/"},"modified":"2026-09-04T01:27:22","modified_gmt":"2026-09-04T01:27:22","slug":"incidente-tra-un-trattore-e-una-moto-marco-azzano-muore-sul-colpo","status":"publish","type":"post","link":"https:\/\/www.europesays.com\/it\/663777\/","title":{"rendered":"Incidente tra un trattore e una moto: Marco Azzano muore sul colpo"},"content":{"rendered":"<p><strong><a href=\"https:\/\/www.ilgazzettino.it\/t\/san-vito-al-tagliamento\" rel=\"nofollow noopener\" target=\"_blank\">SAN VITO AL TAGLIAMENTO<\/a>\u00a0(PORDENONE)\u00a0<\/strong>\u2013 <a href=\"https:\/\/www.ilgazzettino.it\/t\/incidente\" rel=\"nofollow noopener\" target=\"_blank\">Incidente<\/a> mortale oggi, gioved\u00ec 3 settembre, in localit\u00e0 Torricella, a San Vito al Tagliamento. La vittima \u00e8\u00a0<strong><a href=\"https:\/\/www.ilgazzettino.it\/t\/marco-azzano\" rel=\"nofollow noopener\" target=\"_blank\">Marco Azzano<\/a><\/strong>,\u00a0classe 78,\u00a0residente a San Vito originario di Casarsa.\u00a0<\/p>\n<p>L&#8217;incidente: scontro tra trattore e moto <\/p>\n<p>Per cause in corso di accertamento si sono scontrati un trattore con rimorchio e una moto. <\/p>\n<p>Nell&#8217;impatto il centauro ha perso la vita. Sul posto sono al lavoro i vigili del fuoco e i mezzi di soccorso del 118 e i carabinieri. In corso gli accertamenti per ricostruire l&#8217;esatta dinamica dell&#8217;incidente.<br \/>\n    &#13;<\/p>\n<p>APPROFONDIMENTI<\/p>\n<p>&#13;<br \/>\n        &#13;<\/p>\n","protected":false},"excerpt":{"rendered":"SAN VITO AL TAGLIAMENTO\u00a0(PORDENONE)\u00a0\u2013 Incidente mortale oggi, gioved\u00ec 3 settembre, in localit\u00e0 Torricella, a San Vito al Tagliamento.&hellip;\n","protected":false},"author":3,"featured_media":663778,"comment_status":"","ping_status":"","sticky":false,"template":"","format":"standard","meta":{"footnotes":"","_share_on_mastodon":"0"},"categories":[6],"tags":[14,8,298,1537,90,89,365820,7,15,82,9,83,10,183544,13,11,80,84,12,81,85],"class_list":["post-663777","post","type-post","status-publish","format-standard","has-post-thumbnail","category-ultime-notizie","tag-cronaca","tag-headlines","tag-incidente","tag-it","tag-italia","tag-italy","tag-marco-azzano","tag-news","tag-notizie","tag-notizie-di-cronaca","tag-notizie-principali","tag-notiziedicronaca","tag-notizieprincipali","tag-san-vito-al-tagliamento","tag-titoli","tag-ultime-notizie","tag-ultime-notizie-di-cronaca","tag-ultime-notizie-e-news-di-oggi","tag-ultimenotizie","tag-ultimenotiziedicronaca","tag-ultimenotizieenewsdioggi"],"share_on_mastodon":{"url":"https:\/\/pubeurope.com\/@it\/117210175686651129","error":""},"_links":{"self":[{"href":"https:\/\/www.europesays.com\/it\/wp-json\/wp\/v2\/posts\/663777","targetHints":{"allow":["GET"]}}],"collection":[{"href":"https:\/\/www.europesays.com\/it\/wp-json\/wp\/v2\/posts"}],"about":[{"href":"https:\/\/www.europesays.com\/it\/wp-json\/wp\/v2\/types\/post"}],"author":[{"embeddable":true,"href":"https:\/\/www.europesays.com\/it\/wp-json\/wp\/v2\/users\/3"}],"replies":[{"embeddable":true,"href":"https:\/\/www.europesays.com\/it\/wp-json\/wp\/v2\/comments?post=663777"}],"version-history":[{"count":0,"href":"https:\/\/www.europesays.com\/it\/wp-json\/wp\/v2\/posts\/663777\/revisions"}],"wp:featuredmedia":[{"embeddable":true,"href":"https:\/\/www.europesays.com\/it\/wp-json\/wp\/v2\/media\/663778"}],"wp:attachment":[{"href":"https:\/\/www.europesays.com\/it\/wp-json\/wp\/v2\/media?parent=663777"}],"wp:term":[{"taxonomy":"category","embeddable":true,"href":"https:\/\/www.europesays.com\/it\/wp-json\/wp\/v2\/categories?post=663777"},{"taxonomy":"post_tag","embeddable":true,"href":"https:\/\/www.europesays.com\/it\/wp-json\/wp\/v2\/tags?post=663777"}],"curies":[{"name":"wp","href":"https:\/\/api.w.org\/{rel}","templated":true}]}}