{"id":663805,"date":"2026-09-04T01:52:17","date_gmt":"2026-09-04T01:52:17","guid":{"rendered":"https:\/\/www.europesays.com\/it\/663805\/"},"modified":"2026-09-04T01:52:17","modified_gmt":"2026-09-04T01:52:17","slug":"via-libera-della-consob-allopa-di-tata-motors-su-iveco","status":"publish","type":"post","link":"https:\/\/www.europesays.com\/it\/663805\/","title":{"rendered":"Via libera della Consob all&#8217;opa di Tata Motors su Iveco"},"content":{"rendered":"<p>La Consob ha dato il via libera all&#8217; offerta pubblica di acquisto volontaria totalitaria sulle azioni ordinarie di Iveco Group da parte di Tata Motors. L&#8217;offerta, promossa da TML CV Holdings, partir\u00e0 il 7 settembre e terminer\u00e0 il 26 ottobre. Lo rendono noto due societ\u00e0 coinvolte nell&#8217;operazione. L&#8217;autorizzazione era l&#8217;ultimo passaggio previsto per l&#8217;avvio dell&#8217;operazione.<\/p>\n","protected":false},"excerpt":{"rendered":"La Consob ha dato il via libera all&#8217; offerta pubblica di acquisto volontaria totalitaria sulle azioni ordinarie di&hellip;\n","protected":false},"author":3,"featured_media":663806,"comment_status":"","ping_status":"","sticky":false,"template":"","format":"standard","meta":{"footnotes":"","_share_on_mastodon":"0"},"categories":[172],"tags":[178,177,1537,90,89],"class_list":["post-663805","post","type-post","status-publish","format-standard","has-post-thumbnail","category-affari","tag-affari","tag-business","tag-it","tag-italia","tag-italy"],"share_on_mastodon":{"url":"https:\/\/pubeurope.com\/@it\/117210274059236615","error":""},"_links":{"self":[{"href":"https:\/\/www.europesays.com\/it\/wp-json\/wp\/v2\/posts\/663805","targetHints":{"allow":["GET"]}}],"collection":[{"href":"https:\/\/www.europesays.com\/it\/wp-json\/wp\/v2\/posts"}],"about":[{"href":"https:\/\/www.europesays.com\/it\/wp-json\/wp\/v2\/types\/post"}],"author":[{"embeddable":true,"href":"https:\/\/www.europesays.com\/it\/wp-json\/wp\/v2\/users\/3"}],"replies":[{"embeddable":true,"href":"https:\/\/www.europesays.com\/it\/wp-json\/wp\/v2\/comments?post=663805"}],"version-history":[{"count":0,"href":"https:\/\/www.europesays.com\/it\/wp-json\/wp\/v2\/posts\/663805\/revisions"}],"wp:featuredmedia":[{"embeddable":true,"href":"https:\/\/www.europesays.com\/it\/wp-json\/wp\/v2\/media\/663806"}],"wp:attachment":[{"href":"https:\/\/www.europesays.com\/it\/wp-json\/wp\/v2\/media?parent=663805"}],"wp:term":[{"taxonomy":"category","embeddable":true,"href":"https:\/\/www.europesays.com\/it\/wp-json\/wp\/v2\/categories?post=663805"},{"taxonomy":"post_tag","embeddable":true,"href":"https:\/\/www.europesays.com\/it\/wp-json\/wp\/v2\/tags?post=663805"}],"curies":[{"name":"wp","href":"https:\/\/api.w.org\/{rel}","templated":true}]}}