{"id":663844,"date":"2026-09-04T02:22:19","date_gmt":"2026-09-04T02:22:19","guid":{"rendered":"https:\/\/www.europesays.com\/it\/663844\/"},"modified":"2026-09-04T02:22:19","modified_gmt":"2026-09-04T02:22:19","slug":"procura-militare-avvia-verifiche-sugli-appartenenti-alle-forze-armate-in-futuro-nazionale-i-difensori-nessun-reato-confidiamo-nellarchiviazione","status":"publish","type":"post","link":"https:\/\/www.europesays.com\/it\/663844\/","title":{"rendered":"Procura militare avvia verifiche sugli appartenenti alle forze armate in Futuro nazionale. I difensori: nessun reato, confidiamo nell&#8217;archiviazione"},"content":{"rendered":"<p>    di<br \/>\n    Redazione Online<\/p>\n<p class=\"summary-art is-line-h-12\">Disposti \u00abaccertamenti preliminari\u00bb dopo l&#8217;esposto presentato dal Sindacato dei militari. L&#8217;avvocato Costa: nessuna legge vieta a un militare in servizio di assumere incarichi in un partito. Crosetto su X: \u00abGrave trasformare un accertamento preliminare in un&#8217;inchiesta. Rimango garantista\u00bb<\/p>\n<p class=\"chapter-paragraph\">\u00ab<b>Accertamenti preliminari<\/b>\u00bb della procura militare di Roma in relazione alla \u00ab<a href=\"https:\/\/www.corriere.it\/politica\/26_settembre_02\/l-ipoteca-del-generale-che-preoccupa-la-coalizione-4ed813ff-1d39-4008-b188-5ffa6442exlk.shtml\" title=\"L&#039;ipoteca del generale che preoccupa la coalizione\" rel=\"nofollow noopener\" target=\"_blank\">posizione di appartenenti alle Forze Armate<\/a>\u00a0all&#8217;interno della struttura organizzativa\u00a0<a href=\"https:\/\/corrieredelveneto.corriere.it\/notizie\/rovigo\/politica\/26_settembre_03\/l-ex-sottosegretario-di-berlusconi-passa-con-vannacci-porta-in-futuro-nazionale-500-persone-e-poi-straccia-la-tessera-sono-un-bb7a532e-19cd-4beb-a7db-409e67584xlk.shtml\" title=\"L\u2019ex sottosegretario di Berlusconi passa con Vannacci, porta in Futuro Nazionale 500 persone e poi straccia la tessera: \u00abSono un uomo di destra, qui vedo solo spregiudicatezza\u00bb\" rel=\"nofollow noopener\" target=\"_blank\">Futuro Nazionale<\/a>\u00bb, il partito fondato dall&#8217;ex generale\u00a0<a href=\"https:\/\/www.corriere.it\/politica\/26_settembre_02\/vannacci-cavallo-troia-russia-61563b42-80ee-418a-b514-4a0662ce5xlk.shtml\" title=\"Il Financial Times: \u00abVannacci cavallo di Troia della Russia in Italia\u00bb. La replica di lui in tv: \u00abIo sono solo filo-italiano\u00bb. E sulle alleanze: \u00abNoi naturali interlocutori del centrodestra\u00bb\" rel=\"nofollow noopener\" target=\"_blank\">Roberto Vanacci<\/a>, a seguito di un esposto presentato ieri dal Sindacato dei militari.\u00a0<\/p>\n<p class=\"chapter-paragraph\">\u00abAnche alla luce di <b>notizie estratte da autorevoli organi di stampa estera<\/b>\u00bb &#8211; si legge in una nota\u00a0\u00a0firmata dal procuratore <b>Marco De Paolis<\/b>\u00a0&#8211; la procura militare ha disposto l&#8217;avvio degli accertamenti per verificare \u00abl&#8217;eventuale sussistenza di fatti di propria stretta competenza in relazione a persone soggette alla giurisdizione militare\u00bb.\u00a0    &#13;<br \/>\n&#13;<br \/>\n&#13;<br \/>\n&#13;<br \/>\n&#13;<br \/>\n&#13;<br \/>\n&#13;<br \/>\n&#13;<br \/>\n&#13;<br \/>\n&#13;<br \/>\n&#13;<br \/>\n&#13;<br \/>\n&#13;<br \/>\n&#13;<br \/>\n&#13;<br \/>\n&#13;<br \/>\n&#13;<br \/>\n&#13;<br \/>\n&#13;<br \/>\n&#13;<br \/>\n&#13;<br \/>\n&#13;<br \/>\n&#13;<br \/>\n&#13;<br \/>\n&#13;<br \/>\n&#13;<br \/>\n&#13;<br \/>\n&#13;<br \/>\n&#13;<br \/>\n&#13;<br \/>\n&#13;<br \/>\n&#13;<br \/>\n&#13;<br \/>\n&#13;<br \/>\n&#13;<br \/>\n&#13;<br \/>\n&#13;<br \/>\n&#13;<br \/>\n&#13;<br \/>\n&#13;<br \/>\n&#13;<br \/>\n&#13;<br \/>\n&#13;<br \/>\n&#13;<br \/>\n&#13;<br \/>\n&#13;<br \/>\n&#13;<br \/>\n&#13;<br \/>\n&#13;<br \/>\n&#13;<br \/>\n&#13;<br \/>\n&#13;<br \/>\n&#13;\n<\/p>\n<p>    Il difensore:\u00a0non ravvisabili reati, confidiamo in archiviazione<\/p>\n<p class=\"chapter-paragraph\">\u00abPer quanto ci \u00e8 stato precisato, gli accertamenti della Procura militare<b> non riguarderebbero l&#8217;ipotesi di ricostituzione del disciolto partito fascista<\/b>, (come inizialmente riportato da fonti di stampa), ma il fatto che alcuni <b>militari in servizio ricoprirebbero cariche in seno a Futuro Nazionale\u00bb <\/b>precisa<b>\u00a0<\/b>l&#8217;avvocato <b>Giorgio Carta<\/b>, difensore del generale Roberto Vannacci.\u00a0<\/p>\n<p class=\"chapter-paragraph\">\u00abAnche in questa diversa prospettiva, nei fatti descritti <b>non \u00e8 ravvisabile alcuna fattispecie di reato,<\/b> n\u00e9 comune n\u00e9 militare. L&#8217;eventuale questione potrebbe, <b>al pi\u00f9, essere posta sul piano disciplinare<\/b>, ma non certamente su quello penale, in assenza di una specifica norma incriminatrice\u00bb aggiunge Carta.\u00a0<br \/>\u00abIn realt\u00e0 &#8211; precisa il legale\u00a0 &#8211;\u00a0 n<b>essuna disposizione di legge vieta espressamente a un militare<\/b> in servizio di assumere un incarico all&#8217;interno di un partito politico. Tale divieto \u00e8 stato ricavato in via interpretativa dal Consiglio di Stato con la sentenza n. 5845 del 2017: una conclusione che personalmente non condivido \u2013 prosegue il penalista &#8211; e che non rappresenta neppure l&#8217;unico orientamento espresso dalla giurisprudenza amministrativa. In senso diverso si erano infatti pronunciati, tra gli altri, il Tar Umbria con la sentenza n. 409 del 2011 e il Tar Piemonte con la sentenza n. 1127 del 2016, successivamente riformata dal Consiglio di Stato. In ogni caso, anche volendo seguire l&#8217;interpretazione pi\u00f9 restrittiva, la sua eventuale violazione non potrebbe costituire illecito penale senza una precisa fattispecie incriminatrice. Siamo pertanto assolutamente sereni e confidiamo che gli accertamenti si concludano rapidamente con l&#8217;archiviazione\u00bb conclude il difensore di Vannacci.<\/p>\n<p class=\"chapter-paragraph\">Sulla vicenda \u00e8 intervenuto il ministro della Difesa <a href=\"https:\/\/roma.corriere.it\/notizie\/politica\/26_agosto_25\/il-piano-per-la-difesa-con-l-aiuto-ue-l-italia-usera-8-miliardi-del-safe-8453de61-de3e-4a2e-9f5e-2fffa4b1bxlk.shtml\" title=\"Il piano per la Difesa con l\u2019aiuto Ue. L\u2019Italia user\u00e0 8 miliardi del Safe\" rel=\"nofollow noopener\" target=\"_blank\">Guido Crosetto<\/a> con un post su X: \u00ab<b>Sono e rimango garantista<\/b>. E proprio per questo trovo profondamente sbagliato trasformare un accertamento preliminare, che la stessa Procura dice di aver disposto per verificare se vi siano fatti di propria competenza e senza procedere, allo stato, ad alcuna iscrizione nel registro delle notizie di reato, in una \u201cindagine\u201d per ricostituzione del partito fascista.<br \/>Ancora pi\u00f9 grave \u00e8 <b>attribuire alla Procura un\u2019ipotesi che non risulta n\u00e9 dal suo comunicato n\u00e9 dall\u2019esposto<\/b> presentato alla Procura Militare.<br \/>Non difendo <a href=\"https:\/\/roma.corriere.it\/notizie\/politica\/26_settembre_03\/sospetti-governo-vannacci-8bfee47a-7c06-448f-a6ca-87504cdc0xlk.shtml\" title=\"I sospetti del governo sull&#039;ex generale Vannacci condizionato da Mosca: il dossier dell&#039;intelligence e il timore di manipolazione\" rel=\"nofollow noopener\" target=\"_blank\">Vannacci<\/a>. Difendo un principio che vale per tutti: le persone non possono essere condannate sui giornali, o sui media in generale, prima ancora che esista un\u2019indagine, e un\u2019ipotesi contenuta in un titolo non pu\u00f2 diventare, per effetto della sua ripetizione, un fatto giudiziario.<br \/>Sono <b>disgustato da questo modo di fare informazione<\/b>, che troppo spesso confonde esposti, accertamenti, indagini e responsabilit\u00e0 personali, alimentando processi mediatici prima ancora che esista un processo.<br \/>\u00c8 un metodo barbaro che ho sempre  considerato inaccettabile. E lo \u00e8 indipendentemente da chi ne sia vittima.<br \/>Perch\u00e9 il garantismo, se vale soltanto quando fa comodo, non \u00e8 garantismo\u00bb.<\/p>\n<p class=\"is-mr-t-20 is-mr-b-20\"><b><br \/>\n                    <a href=\"https:\/\/roma.corriere.it\/?intcmp=Notizielocali_nd_010623_corriere_ss_roma\" target=\"_blank\" rel=\"nofollow noopener\">Vai a tutte le notizie di Roma<\/a><br \/>\n            <\/b><\/p>\n<p>[an error occurred while processing this directive]<\/p>\n<p class=\"is-last-update\" datetime=\"2026-09-03T20:58:15+02:00\">3 settembre 2026 ( modifica il 3 settembre 2026 | 20:58)<\/p>\n<p class=\"is-copyright\">\n            \u00a9 RIPRODUZIONE RISERVATA\n        <\/p>\n","protected":false},"excerpt":{"rendered":"di Redazione Online Disposti \u00abaccertamenti preliminari\u00bb dopo l&#8217;esposto presentato dal Sindacato dei militari. L&#8217;avvocato Costa: nessuna legge vieta&hellip;\n","protected":false},"author":3,"featured_media":663845,"comment_status":"","ping_status":"","sticky":false,"template":"","format":"standard","meta":{"footnotes":"","_share_on_mastodon":"0"},"categories":[6],"tags":[2801,365839,11549,365840,84391,271544,365841,28358,4486,19806,1239,9051,6983,365838,365842,14,20321,124040,4053,25130,113477,11196,268146,8988,4031,8,2460,1537,90,89,1207,794,888,1354,7,15,82,9,83,10,29,42465,3036,282,365837,2426,2319,669,13,11,80,84,12,81,85,18099],"class_list":["post-663844","post","type-post","status-publish","format-standard","has-post-thumbnail","category-ultime-notizie","tag-accertamenti","tag-accertamenti-preliminari","tag-accertamento","tag-accertamento-preliminare","tag-appartenenti","tag-appartenenti-forze","tag-appartenenti-forze-armate","tag-archiviazione","tag-armate","tag-assumere","tag-avvocato","tag-carta","tag-competenza","tag-confidiamo","tag-confidiamo-archiviazione","tag-cronaca","tag-crosetto","tag-difendo","tag-difensore","tag-disposto","tag-esista","tag-esposto","tag-esposto-presentato","tag-eventuale","tag-fatti","tag-headlines","tag-ipotesi","tag-it","tag-italia","tag-italy","tag-legge","tag-militare","tag-militari","tag-ne","tag-news","tag-notizie","tag-notizie-di-cronaca","tag-notizie-principali","tag-notiziedicronaca","tag-notizieprincipali","tag-partito","tag-precisa","tag-presentato","tag-procura","tag-procura-militare","tag-reato","tag-sentenza","tag-servizio","tag-titoli","tag-ultime-notizie","tag-ultime-notizie-di-cronaca","tag-ultime-notizie-e-news-di-oggi","tag-ultimenotizie","tag-ultimenotiziedicronaca","tag-ultimenotizieenewsdioggi","tag-vannacci"],"share_on_mastodon":{"url":"","error":"Validation failed: Text character limit of 500 exceeded"},"_links":{"self":[{"href":"https:\/\/www.europesays.com\/it\/wp-json\/wp\/v2\/posts\/663844","targetHints":{"allow":["GET"]}}],"collection":[{"href":"https:\/\/www.europesays.com\/it\/wp-json\/wp\/v2\/posts"}],"about":[{"href":"https:\/\/www.europesays.com\/it\/wp-json\/wp\/v2\/types\/post"}],"author":[{"embeddable":true,"href":"https:\/\/www.europesays.com\/it\/wp-json\/wp\/v2\/users\/3"}],"replies":[{"embeddable":true,"href":"https:\/\/www.europesays.com\/it\/wp-json\/wp\/v2\/comments?post=663844"}],"version-history":[{"count":0,"href":"https:\/\/www.europesays.com\/it\/wp-json\/wp\/v2\/posts\/663844\/revisions"}],"wp:featuredmedia":[{"embeddable":true,"href":"https:\/\/www.europesays.com\/it\/wp-json\/wp\/v2\/media\/663845"}],"wp:attachment":[{"href":"https:\/\/www.europesays.com\/it\/wp-json\/wp\/v2\/media?parent=663844"}],"wp:term":[{"taxonomy":"category","embeddable":true,"href":"https:\/\/www.europesays.com\/it\/wp-json\/wp\/v2\/categories?post=663844"},{"taxonomy":"post_tag","embeddable":true,"href":"https:\/\/www.europesays.com\/it\/wp-json\/wp\/v2\/tags?post=663844"}],"curies":[{"name":"wp","href":"https:\/\/api.w.org\/{rel}","templated":true}]}}