{"id":663855,"date":"2026-09-04T02:37:20","date_gmt":"2026-09-04T02:37:20","guid":{"rendered":"https:\/\/www.europesays.com\/it\/663855\/"},"modified":"2026-09-04T02:37:20","modified_gmt":"2026-09-04T02:37:20","slug":"una-citta-darte-tutta-da-scoprire-domenica-al-museo-e-gratis","status":"publish","type":"post","link":"https:\/\/www.europesays.com\/it\/663855\/","title":{"rendered":"Una citt\u00e0 d\u2019arte tutta da scoprire. Domenica al museo, \u00e8 gratis"},"content":{"rendered":"<p>Musei del centro citt\u00e0 da scoprire con l\u2019imminente #domenicalmuseo, l\u2019iniziativa del Ministero della Cultura che prevede l\u2019ingresso gratuito nei musei e luoghi della cultura. Il 6 settembre, prima domenica del mese, si potranno visitare i Musei Civici di Pistoia, ovvero la rete che comprende il Museo Civico d\u2019arte antica in Palazzo Comunale dov\u2019\u00e8 in corso la mostra &#8220;Due ritratti pistoiesi di Giovanni di San Giovanni&#8221;, il Museo dello Spedale del Ceppo, il Museo del Novecento e del Contemporaneo di Palazzo Fabroni con la mostra &#8220;Marino Marini: la pittura&#8221; (in corso fino al 27 di questo mese) e la chiesa di San Jacopo in Castellare (aperta in orario continuato dalle 11 alle 19, massimo cinquanta persone per volta). La rete osserver\u00e0 l\u2019orario estivo, in vigore ancora fino al 30 settembre che prevede aperture nei festivi dalle 11 alle 19 (chiusi il luned\u00ec, aperti dalle 15 alle 19 dal marted\u00ec al venerd\u00ec).<\/p>\n<p>Sabato 5 settembre si spalancano le porte di Palazzo de\u2019 Rossi. Scrigno di capolavori realizzati nel corso del XVIII e XIX secolo e attuale sede della Fondazione Caript, il Palazzo si mostra oggi rinnovato grazie al restauro progettato dallo studio di Adolfo Natalini. Disponibile l\u2019orario di visita delle 17; prenotazione obbligatoria su www.pistoiamusei.it. Fondazione Pistoia Musei propone inoltre un mini campus estivo al museo, rivolto a bambini tra 6 e 11 anni all\u2019atelier di Palazzo Buontalenti e a Palazzo de\u2019 Rossi che si svolger\u00e0 insieme all\u2019illustratore Samuele Recchia. Prendendo spunto da alcune opere esposte nelle Collezioni del Novecento a Palazzo de\u2019 Rossi, bambini e bambine scopriranno in quanti modi diversi si pu\u00f2 disegnare. Il campus si svolge luned\u00ec 14 settembre dalle 9 alle 13 ed \u00e8 inserito nel programma S-passo al museo promosso da Regione Toscana con il sostegno di Unicoop Firenze. Info sul sito della Fondazione.<\/p>\n<p>Linda Meoni<\/p>\n","protected":false},"excerpt":{"rendered":"Musei del centro citt\u00e0 da scoprire con l\u2019imminente #domenicalmuseo, l\u2019iniziativa del Ministero della Cultura che prevede l\u2019ingresso gratuito&hellip;\n","protected":false},"author":3,"featured_media":663856,"comment_status":"","ping_status":"","sticky":false,"template":"","format":"standard","meta":{"footnotes":"","_share_on_mastodon":"0"},"categories":[1446],"tags":[1615,1613,1614,1611,1610,1819,1612,1112,203,14020,204,1537,90,89,3943,20617],"class_list":["post-663855","post","type-post","status-publish","format-standard","has-post-thumbnail","category-arte-e-design","tag-arte","tag-arte-e-design","tag-arteedesign","tag-arts","tag-arts-and-design","tag-citta","tag-design","tag-domenica","tag-entertainment","tag-gratis","tag-intrattenimento","tag-it","tag-italia","tag-italy","tag-museo","tag-scoprire"],"share_on_mastodon":{"url":"https:\/\/pubeurope.com\/@it\/117210450793048603","error":""},"_links":{"self":[{"href":"https:\/\/www.europesays.com\/it\/wp-json\/wp\/v2\/posts\/663855","targetHints":{"allow":["GET"]}}],"collection":[{"href":"https:\/\/www.europesays.com\/it\/wp-json\/wp\/v2\/posts"}],"about":[{"href":"https:\/\/www.europesays.com\/it\/wp-json\/wp\/v2\/types\/post"}],"author":[{"embeddable":true,"href":"https:\/\/www.europesays.com\/it\/wp-json\/wp\/v2\/users\/3"}],"replies":[{"embeddable":true,"href":"https:\/\/www.europesays.com\/it\/wp-json\/wp\/v2\/comments?post=663855"}],"version-history":[{"count":0,"href":"https:\/\/www.europesays.com\/it\/wp-json\/wp\/v2\/posts\/663855\/revisions"}],"wp:featuredmedia":[{"embeddable":true,"href":"https:\/\/www.europesays.com\/it\/wp-json\/wp\/v2\/media\/663856"}],"wp:attachment":[{"href":"https:\/\/www.europesays.com\/it\/wp-json\/wp\/v2\/media?parent=663855"}],"wp:term":[{"taxonomy":"category","embeddable":true,"href":"https:\/\/www.europesays.com\/it\/wp-json\/wp\/v2\/categories?post=663855"},{"taxonomy":"post_tag","embeddable":true,"href":"https:\/\/www.europesays.com\/it\/wp-json\/wp\/v2\/tags?post=663855"}],"curies":[{"name":"wp","href":"https:\/\/api.w.org\/{rel}","templated":true}]}}