{"id":66387,"date":"2025-08-24T15:24:09","date_gmt":"2025-08-24T15:24:09","guid":{"rendered":"https:\/\/www.europesays.com\/it\/66387\/"},"modified":"2025-08-24T15:24:09","modified_gmt":"2025-08-24T15:24:09","slug":"paura-a-ostia-cabina-crolla-in-mare-davanti-ai-bagnanti","status":"publish","type":"post","link":"https:\/\/www.europesays.com\/it\/66387\/","title":{"rendered":"Paura a Ostia, cabina crolla in mare davanti ai bagnanti"},"content":{"rendered":"<p>Domenica di paura a Ostia. Una cabina dello stabilimento balneare Gambrinus, sul lungomare Amerigo Vespucci, \u00e8 crollata in mare. Eloquenti le immagini scattate da una bagnante intorno alle 10:30 del mattino di domenica. Paura tra i presenti. Fortunatamente nessuno \u00e8 rimasto ferito.<\/p>\n<p>Secondo quanto appreso da RomaToday, sul posto \u00e8 intervenuta la guardia costiera. Coordinati dal capitano di Vascello comandante della capitaneria di porto di Fiumicino, Emilio Casale, il personale ha subito transennato l\u2019area e messo in sicurezza la cabina. \u201cL&#8217;area \u00e8 stata nastrata e sono state date disposizioni al concessionario per sistemare in qualche modo tutto ci\u00f2 che era crollato compatibilmente con le condizioni meteomarine e di rimuovere il pi\u00f9 presto possibile la struttura\u201d, ha spiegato il comandante al nostro quotidiano.<\/p>\n<p>\u201cAl momento non sono state emanate ordinanze. La zona \u00e8 stata circoscritta con il nastro bianco e rosso. Stiamo valutando le condizioni meteo per capire se possa esserci un peggioramento della situazione o se vada migliorando\u201d, ha poi aggiunto. Il crollo, non \u00e8 escluso, che possa essere avvenuto a causa della probabilmente dell\u2019erosione della spiaggia provocata dalle onde e dalla posizione della cabina proprio a ridosso del mare.<\/p>\n","protected":false},"excerpt":{"rendered":"Domenica di paura a Ostia. Una cabina dello stabilimento balneare Gambrinus, sul lungomare Amerigo Vespucci, \u00e8 crollata in&hellip;\n","protected":false},"author":3,"featured_media":66388,"comment_status":"","ping_status":"","sticky":false,"template":"","format":"standard","meta":{"footnotes":""},"categories":[79],"tags":[40560,14,93,94,1537,90,89,7,15,11,84,91,12,85,92],"class_list":{"0":"post-66387","1":"post","2":"type-post","3":"status-publish","4":"format-standard","5":"has-post-thumbnail","7":"category-italia","8":"tag-crolli","9":"tag-cronaca","10":"tag-cronaca-italiana","11":"tag-cronacaitaliana","12":"tag-it","13":"tag-italia","14":"tag-italy","15":"tag-news","16":"tag-notizie","17":"tag-ultime-notizie","18":"tag-ultime-notizie-e-news-di-oggi","19":"tag-ultime-notizie-italia","20":"tag-ultimenotizie","21":"tag-ultimenotizieenewsdioggi","22":"tag-ultimenotizieitalia"},"share_on_mastodon":{"url":"","error":""},"_links":{"self":[{"href":"https:\/\/www.europesays.com\/it\/wp-json\/wp\/v2\/posts\/66387","targetHints":{"allow":["GET"]}}],"collection":[{"href":"https:\/\/www.europesays.com\/it\/wp-json\/wp\/v2\/posts"}],"about":[{"href":"https:\/\/www.europesays.com\/it\/wp-json\/wp\/v2\/types\/post"}],"author":[{"embeddable":true,"href":"https:\/\/www.europesays.com\/it\/wp-json\/wp\/v2\/users\/3"}],"replies":[{"embeddable":true,"href":"https:\/\/www.europesays.com\/it\/wp-json\/wp\/v2\/comments?post=66387"}],"version-history":[{"count":0,"href":"https:\/\/www.europesays.com\/it\/wp-json\/wp\/v2\/posts\/66387\/revisions"}],"wp:featuredmedia":[{"embeddable":true,"href":"https:\/\/www.europesays.com\/it\/wp-json\/wp\/v2\/media\/66388"}],"wp:attachment":[{"href":"https:\/\/www.europesays.com\/it\/wp-json\/wp\/v2\/media?parent=66387"}],"wp:term":[{"taxonomy":"category","embeddable":true,"href":"https:\/\/www.europesays.com\/it\/wp-json\/wp\/v2\/categories?post=66387"},{"taxonomy":"post_tag","embeddable":true,"href":"https:\/\/www.europesays.com\/it\/wp-json\/wp\/v2\/tags?post=66387"}],"curies":[{"name":"wp","href":"https:\/\/api.w.org\/{rel}","templated":true}]}}