{"id":663870,"date":"2026-09-04T02:46:21","date_gmt":"2026-09-04T02:46:21","guid":{"rendered":"https:\/\/www.europesays.com\/it\/663870\/"},"modified":"2026-09-04T02:46:21","modified_gmt":"2026-09-04T02:46:21","slug":"atr-annunciato-ordine-da-un-miliardo-per-40-velivoli-della-compagnia-aerea-indiana-fly91","status":"publish","type":"post","link":"https:\/\/www.europesays.com\/it\/663870\/","title":{"rendered":"Atr, annunciato ordine da un miliardo per 40 velivoli della compagnia aerea indiana FLY91"},"content":{"rendered":"<p>\n                            Il punto sui temi di attualit\u00e0, ogni luned\u00ec<br \/>\n                            <b>Iscriviti<\/b> e ricevi le notizie via email\n                        <\/p>\n<p><a href=\"https:\/\/www.ilmessaggero.it\/t\/atr\" rel=\"nofollow noopener\" target=\"_blank\">ATR<\/a> e <strong>FLY91<\/strong>, compagnia aerea regionale indiana, hanno annunciato l&#8217;acquisto di <strong>40 velivoli ATR 72-600<\/strong> per un valore di <strong>circa 1 miliardo di dollari.<\/strong> Si tratta del pi\u00f9 grande contratto dell&#8217;ultimo decennio per ATR, nonch\u00e9 <strong>l&#8217;ordine pi\u00f9 importante mai siglato<\/strong> da una compagnia aerea regionale.<\/p>\n<p>Ad oggi in <a href=\"https:\/\/www.ilmessaggero.it\/t\/india\" rel=\"nofollow noopener\" target=\"_blank\">India<\/a> volano circa<strong> 70 ATR attraverso IndiGo, Alliance Air ed appunto FLY91<\/strong>, che gi\u00e0 opera <strong>6 velivoli<\/strong> e che quindi vedr\u00e0 crescere la sua flotta a <strong>46<\/strong>.\u00a0\u00a0L\u2019accordo porta oggi gli ordini del 2026 di ATR a 54 velivoli, superando gi\u00e0 il totale degli ordini netti che la compagnia ha totalizzato per l&#8217;intero 2025, pari a 50 velivoli.\u00a0<\/p>\n<p>&#13;<br \/>\n    APPROFONDIMENTI&#13;<\/p>\n<p>&#13;<\/p>\n<p>                <a href=\"https:\/\/www.ilmessaggero.it\/mondo\/aerei_radar_nato_sorveglianza_invisibile_guerra_ibrida_russa-9739714.html\" title=\"Gli aerei-radar invisibili della Nato\" rel=\"nofollow noopener\" target=\"_blank\"><img loading=\"lazy\" decoding=\"async\" src=\"https:\/\/www.europesays.com\/it\/wp-content\/uploads\/2026\/09\/9739714_02221621_guerra_ibrida_russa_nato.jpg\" title=\"Gli aerei-radar invisibili della Nato\" width=\"64\" height=\"64\" data-pagespeed-no-transform=\"\"\/><\/a>            <\/p>\n<p>    &#13;<\/p>\n<p>    &#13;<\/p>\n<p>L&#8217;espansione dell&#8217;aviazione regionale in India sar\u00e0 in grado di <strong>offrire viaggi aerei a prezzi accessibili sulle rotte regionali brevi, mantenendo al contempo i massimi livelli di efficienza e affidabilit\u00e0.<\/strong> L&#8217;ATR 72-600 consente infatti alle compagnie aeree di operare rotte regionali brevi in modo efficiente e affidabile, <strong>supportando una crescita sostenibile tra le citt\u00e0 di secondo e terzo livello<\/strong> e contribuendo a rendere i viaggi aerei accessibili a milioni di cittadini in pi\u00f9.<\/p>\n<p>&#13;<br \/>\n                            \u00a9 RIPRODUZIONE RISERVATA&#13;<\/p>\n<p>&#13;<\/p>\n","protected":false},"excerpt":{"rendered":"Il punto sui temi di attualit\u00e0, ogni luned\u00ec Iscriviti e ricevi le notizie via email ATR e FLY91,&hellip;\n","protected":false},"author":3,"featured_media":663871,"comment_status":"","ping_status":"","sticky":false,"template":"","format":"standard","meta":{"footnotes":"","_share_on_mastodon":"0"},"categories":[172],"tags":[4112,178,206552,177,183,8320,1537,90,89,4326],"class_list":["post-663870","post","type-post","status-publish","format-standard","has-post-thumbnail","category-affari","tag-aerei","tag-affari","tag-atr","tag-business","tag-compagnie-aeree","tag-india","tag-it","tag-italia","tag-italy","tag-trasporti"],"share_on_mastodon":{"url":"https:\/\/pubeurope.com\/@it\/117210486529978151","error":""},"_links":{"self":[{"href":"https:\/\/www.europesays.com\/it\/wp-json\/wp\/v2\/posts\/663870","targetHints":{"allow":["GET"]}}],"collection":[{"href":"https:\/\/www.europesays.com\/it\/wp-json\/wp\/v2\/posts"}],"about":[{"href":"https:\/\/www.europesays.com\/it\/wp-json\/wp\/v2\/types\/post"}],"author":[{"embeddable":true,"href":"https:\/\/www.europesays.com\/it\/wp-json\/wp\/v2\/users\/3"}],"replies":[{"embeddable":true,"href":"https:\/\/www.europesays.com\/it\/wp-json\/wp\/v2\/comments?post=663870"}],"version-history":[{"count":0,"href":"https:\/\/www.europesays.com\/it\/wp-json\/wp\/v2\/posts\/663870\/revisions"}],"wp:featuredmedia":[{"embeddable":true,"href":"https:\/\/www.europesays.com\/it\/wp-json\/wp\/v2\/media\/663871"}],"wp:attachment":[{"href":"https:\/\/www.europesays.com\/it\/wp-json\/wp\/v2\/media?parent=663870"}],"wp:term":[{"taxonomy":"category","embeddable":true,"href":"https:\/\/www.europesays.com\/it\/wp-json\/wp\/v2\/categories?post=663870"},{"taxonomy":"post_tag","embeddable":true,"href":"https:\/\/www.europesays.com\/it\/wp-json\/wp\/v2\/tags?post=663870"}],"curies":[{"name":"wp","href":"https:\/\/api.w.org\/{rel}","templated":true}]}}