{"id":663872,"date":"2026-09-04T02:47:14","date_gmt":"2026-09-04T02:47:14","guid":{"rendered":"https:\/\/www.europesays.com\/it\/663872\/"},"modified":"2026-09-04T02:47:14","modified_gmt":"2026-09-04T02:47:14","slug":"sorrisi-paure-e-supporter-in-coda-per-siegmund-sulle-tracce-del-venditore-ulli-che-vuole-portare-lafd-al-governo-in-germania","status":"publish","type":"post","link":"https:\/\/www.europesays.com\/it\/663872\/","title":{"rendered":"Sorrisi, paure e supporter in coda per Siegmund: sulle tracce del \u00abvenditore Ulli\u00bb che vuole portare l\u2019AfD al governo in Germania"},"content":{"rendered":"<p>    di<br \/>\n    Mara Gergolet<\/p>\n<p class=\"summary-art is-line-h-12\">Candidato di estrema destra, guida i sondaggi in  Sassonia-Anhalt<\/p>\n<p class=\"chapter-paragraph\">DALLA NOSTRA INVIATA<br \/>TANGERM\u00dcNDE La mattina che <b>Ulrich Siegmund <\/b>\u00e8 uscito a correre e ha trovato attaccato alla chiesa di S. Stefano un grande drappo blu appeso dal parroco, \u00abCuore non odio\u00bb,  ha subito tirato fuori il cellulare e si \u00e8 fatto un video: \u00abGuarda cosa succede a casa mia, da non credere! Un invito a votare per l\u2019AfD sulla facciata della chiesa!\u00bb. Il colore del drappo \u00e8 in effetti uguale al blau AfD. \u00abGiusto, votate contro l\u2019odio della sinistra! Grazie Chiesa di sostenermi, chi l\u2019avrebbe mai detto?\u00bb. Oppure prendete <a href=\"https:\/\/www.corriere.it\/esteri\/26_agosto_15\/chi-e-ulrich-siegmund-l-uomo-piu-pericoloso-di-germania-candidato-di-afd-in-sassonia-anhalt-b4b6ae33-97b3-4a44-ab7c-c865dccb5xlk.shtml\" target=\"_blank\" rel=\"nofollow noopener\">la famosa copertina dello Spiegel, che lo definisce l\u2019uomo pi\u00f9 pericoloso della Germania<\/a>. Si \u00e8 messo a firmarla e regalarla  ai fan, ed \u00e8 diventata la miglior trovata della  campagna elettorale.<\/p>\n<p class=\"chapter-paragraph\"><b>Ulrich Siegmund, 35 anni, capello rasato  ogni giorno ai lati, pantalone stretto, \u00e8 cos\u00ec: un venditore nato<\/b>,  come quando cre\u00f2   un\u2019azienda di    profumi d\u2019ambiente (\u00abFresh office\u00bb per lui, \u00abSmooth Harmony\u00bb per lei). <b>Uno capace di ribaltare ogni cosa e trasformare gli scandali in meme.<\/b> Laddove <a href=\"https:\/\/www.corriere.it\/sette\/25_febbraio_15\/alice-weidel-dietro-lo-stile-borghese-le-parole-d-ordine-dell-estrema-destra-tedesca-5c077d4b-a550-4d4f-9c17-15144a12exlk.shtml\" target=\"_blank\" rel=\"nofollow noopener\">Alice Weidel<\/a> \u00e8 ostile e negativa, fissata con il declino tedesco,   Siegmund \u00e8 \u00abpositiv\u00bb. Vuole \u00abun cambiamento politico\u00bb  per un \u00abfuturo migliore\u00bb. Un orizzonte felice e ascendente.   I suoi lo adorano. E se finora si diceva che quelli dell\u2019AfD avrebbero votato anche una \u00abscopa blu\u00bb, Siegmund \u00e8 la prova del contrario. \u00c8 al 40% nei sondaggi in Sassonia-Anhalt: e se l\u2019aritmetica elettorale girasse in un certo modo, domenica non solo finir\u00e0 primo a mani basse,  ma potrebbe in teoria perfino governare. La prima volta per l\u2019estrema destra dal 1945.    &#13;<br \/>\n&#13;<br \/>\n&#13;<br \/>\n&#13;<br \/>\n&#13;<br \/>\n&#13;<br \/>\n&#13;<br \/>\n&#13;<br \/>\n&#13;<br \/>\n&#13;<br \/>\n&#13;<br \/>\n&#13;<br \/>\n&#13;<br \/>\n&#13;<br \/>\n&#13;<br \/>\n&#13;<br \/>\n&#13;<br \/>\n&#13;<br \/>\n&#13;<br \/>\n&#13;<br \/>\n&#13;<br \/>\n&#13;<br \/>\n&#13;<br \/>\n&#13;<br \/>\n&#13;<br \/>\n&#13;<br \/>\n&#13;<br \/>\n&#13;<br \/>\n&#13;<br \/>\n&#13;<br \/>\n&#13;<br \/>\n&#13;<br \/>\n&#13;<br \/>\n&#13;<br \/>\n&#13;<br \/>\n&#13;<br \/>\n&#13;<br \/>\n&#13;<br \/>\n&#13;<br \/>\n&#13;<br \/>\n&#13;<br \/>\n&#13;<br \/>\n&#13;<br \/>\n&#13;<br \/>\n&#13;<br \/>\n&#13;<br \/>\n&#13;<br \/>\n&#13;<br \/>\n&#13;<br \/>\n&#13;<br \/>\n&#13;<br \/>\n&#13;<br \/>\n&#13;\n<\/p>\n<p class=\"chapter-paragraph\">\u00abHi, Ulli\u00bb, gli dice un tatuato a K\u00f6then. \u00abEhi \u2014 risponde \u2014  grazie di essere qui\u00bb.  A un altro: \u00abUwe, giusto? Ci siamo gi\u00e0 visti\u00bb. E cos\u00ec via, centinaia di persone accorse nei paesini sassoni, fino a 4-5 mila in citt\u00e0. Si fanno un\u2019ora di coda per  un selfie con lui, e a tutti sorride, \u00e8 l\u2019amicone, il genero perfetto (copyright Spiegel). <b>Non \u00e8 ostile nemmeno ai giornalisti, li mette solo per ultimi.  Paura? \u00abMa dai!\u00bb. Remigrazione? \u00ab\u00c8 una parola del tutto normale\u00bb, anzi \u00ab\u00e8  positiva\u00bb. Sorriso. Niente nel suo mondo vuol essere terrificante<\/b>.\u00a0<\/p>\n<p class=\"chapter-paragraph\">Ulrich Siegmund ha 681 mila follower su Instagram e 800 mila su TikTok, solo Heidi Reichinnek (Linke)  ne ha di pi\u00f9: <b>\u00e8  seguito da filmmaker professionisti. In un certo senso, \u00abUlli\u00bb \u00e8 uscito dal video: perch\u00e9 \u00e8 l\u2019influencer, la star di TikTok che si viene a vedere<\/b>. Ma lui trae energia dalla folla e gliela trasmette. Ricorda  i nomi di chi ha incontrato, \u00e8 quel tipo di politico che sembra che ti  veda: in breve, ha il talento  della connessione.  Uno cos\u00ec l\u2019AfD non ce l\u2019ha ancora avuto (Stern). E lo sa anche Alice Weidel.<\/p>\n<p class=\"chapter-paragraph\"><b>\u00c8 a Tangerm\u00fcnde che \u00e8 nato e vive, qui si \u00e8 rifugiato gli ultimi due giorni della campagna. In questa citt\u00e0 imperiale di 10 mila anime, mattoni rossi e travi di legno, un castello e le possenti mura sull\u2019Elba.<\/b> Siamo nel cuore severo della Germania  prussiana,  tra la Wittenberg di Lutero e la Magdeburgo di re Ottone I. Conservatrice da secoli. E si fatica a capire cosa spinga queste citt\u00e0 da cartolina, risanate e ripulite dopo la fine della Ddr e la riunificazione,  nel loro risentimento contro il sistema e il mondo, nel loro cupo \u00abla Germania ai tedeschi\u00bb: forse sono proprio le  strade silenziose e vuote. La  metafora di un\u2019assenza, di una grandezza mai ritornata.<\/p>\n<p class=\"chapter-paragraph\"><b>Siegmund qui \u00e8 nel consiglio comunale, con il pap\u00e0 e il fratello. Da qui dirige l\u2019AfD regionale<\/b> <a href=\"https:\/\/www.corriere.it\/esteri\/26_febbraio_26\/germania-il-tribunale-da-ragione-all-afd-non-puo-essere-definito-un-partito-estremista-di-destra-1f2d2d46-6f6e-4d92-bf67-10e4661d0xlk.shtml\" target=\"_blank\" rel=\"nofollow noopener\">che i servizi segreti  definiscono \u00absicuramente estremista\u00bb e a rischio divieto<\/a>. Ha nello staff 4 consiglieri che erano membri della HDJ, organizzazione sciolta dal tribunale che si ispirava alla Hitlerjugend e voleva educare l\u2019\u00e9lite neonazista. \u00abStorie di 20-25 anni fa\u00bb, dice lui.<\/p>\n<p class=\"chapter-paragraph\"><a href=\"https:\/\/www.corriere.it\/esteri\/26_settembre_02\/programma-afd-germania-162a7865-036c-45c2-b05f-83a024b64xlk.shtml\" target=\"_blank\" rel=\"nofollow noopener\">Invece il programma \u2014 il  manifesto di Magdeburgo \u2014 \u00e8 il pi\u00f9 radicale mai uscito in Germania<\/a>. Remigrazione a manetta. Proposte come:  \u00abclassi separate\u00bb per i figli dei richiedenti asilo, perch\u00e9 restano in Germania solo pro tempore,  \u00abper risparmiare ai nostri bambini\u00bb lo  stare \u00abcon culture del tutto  straniere\u00bb. I disabili a parte, \u00abparalizzano il progresso dell\u2019istruzione\u00bb. Tutto nero su bianco.<\/p>\n<p class=\"chapter-paragraph\">Per\u00f2 <b>Siegmund non \u00e8 mai duro quando ne parla<\/b>. Dicevano che al ginnasio, dove si chiamava Markus (opt\u00f2 per il secondo nome anni dopo), aveva un gran successo con le ragazze. Ha imparato presto a  usare la seduzione. Per\u00f2 lasci\u00f2 il ginnasio per un diploma professionale. E questo \u00e8 forse il primo scarto dal sistema. Il secondo con  il Covid: \u00e8 l\u00ec che esce il leader radicale contro la \u00abdittatura dello Stato\u00bb (da ragazzo \u00e8 stato nella Cdu), quello che con i video conquista follower a palate e sale nelle gerarchie dell\u2019AfD.<\/p>\n<p class=\"chapter-paragraph\">Alla chiesa di S. Stefano, dove ancora pende il drappo blu \u00abCuore non odio\u00bb, la porta \u00e8 aperta. Il parroco Otto racconta che  la tensione \u00e8 cresciuta,  che ci sono comunit\u00e0 che hanno paura. Sulla bacheca ha  appeso un volantino: \u00abVotiamo in modo che la dignit\u00e0 umana, la libert\u00e0, la responsabilit\u00e0 restino la base del nostro stare insieme\u00bb.\u00a0<\/p>\n<p class=\"is-last-update\" datetime=\"2026-09-03T23:36:44+02:00\">3 settembre 2026<\/p>\n<p class=\"is-copyright\">\n            \u00a9 RIPRODUZIONE RISERVATA\n        <\/p>\n","protected":false},"excerpt":{"rendered":"di Mara Gergolet Candidato di estrema destra, guida i sondaggi in Sassonia-Anhalt DALLA NOSTRA INVIATATANGERM\u00dcNDE La mattina che&hellip;\n","protected":false},"author":3,"featured_media":663873,"comment_status":"","ping_status":"","sticky":false,"template":"","format":"standard","meta":{"footnotes":"","_share_on_mastodon":"0"},"categories":[160],"tags":[12083,365869,365870,12086,365871,365872,47267,365873,365874,37492,148996,110366,30602,14807,39,819,365861,28025,14,6036,365862,164,165,3177,365859,365863,27,18152,18153,1685,3044,365864,1975,365865,166,2737,7,15,7394,118292,27688,5238,332,55003,125696,349628,349629,349627,2099,13098,365866,365867,35969,2183,6845,365868,3161,365860,226248,349630,11,167,12,168,338,8447,23298,2392,4969,148997,161,162,163],"class_list":["post-663872","post","type-post","status-publish","format-standard","has-post-thumbnail","category-mondo","tag-accorse","tag-accorse-paesini","tag-accorse-paesini-sassoni","tag-adorano","tag-adorano-finora","tag-adorano-finora-diceva","tag-afd","tag-afd-ce","tag-afd-ce-stern","tag-alice","tag-alice-weidel","tag-anhalt","tag-appeso","tag-blu","tag-campagna","tag-chiesa","tag-chiesa-stefano","tag-coda","tag-cronaca","tag-cuore","tag-cuore-odio","tag-dal-mondo","tag-dalmondo","tag-destra","tag-drappo","tag-drappo-blu","tag-elettorale","tag-estrema","tag-estrema-destra","tag-follower","tag-germania","tag-ginnasio","tag-giusto","tag-magdeburgo","tag-mondo","tag-nato","tag-news","tag-notizie","tag-odio","tag-ostile","tag-parroco","tag-paura","tag-politico","tag-radicale","tag-remigrazione","tag-sassonia","tag-sassonia-anhalt","tag-siegmund","tag-sistema","tag-sondaggi","tag-sondaggi-sassonia","tag-sondaggi-sassonia-anhalt","tag-spiegel","tag-stare","tag-stefano","tag-tangermunde","tag-tiktok","tag-ulli","tag-ulrich","tag-ulrich-siegmund","tag-ultime-notizie","tag-ultime-notizie-di-mondo","tag-ultimenotizie","tag-ultimenotiziedimondo","tag-ultimi","tag-uscito","tag-venditore","tag-video","tag-vuole","tag-weidel","tag-world","tag-world-news","tag-worldnews"],"share_on_mastodon":{"url":"","error":"Validation failed: Text character limit of 500 exceeded"},"_links":{"self":[{"href":"https:\/\/www.europesays.com\/it\/wp-json\/wp\/v2\/posts\/663872","targetHints":{"allow":["GET"]}}],"collection":[{"href":"https:\/\/www.europesays.com\/it\/wp-json\/wp\/v2\/posts"}],"about":[{"href":"https:\/\/www.europesays.com\/it\/wp-json\/wp\/v2\/types\/post"}],"author":[{"embeddable":true,"href":"https:\/\/www.europesays.com\/it\/wp-json\/wp\/v2\/users\/3"}],"replies":[{"embeddable":true,"href":"https:\/\/www.europesays.com\/it\/wp-json\/wp\/v2\/comments?post=663872"}],"version-history":[{"count":0,"href":"https:\/\/www.europesays.com\/it\/wp-json\/wp\/v2\/posts\/663872\/revisions"}],"wp:featuredmedia":[{"embeddable":true,"href":"https:\/\/www.europesays.com\/it\/wp-json\/wp\/v2\/media\/663873"}],"wp:attachment":[{"href":"https:\/\/www.europesays.com\/it\/wp-json\/wp\/v2\/media?parent=663872"}],"wp:term":[{"taxonomy":"category","embeddable":true,"href":"https:\/\/www.europesays.com\/it\/wp-json\/wp\/v2\/categories?post=663872"},{"taxonomy":"post_tag","embeddable":true,"href":"https:\/\/www.europesays.com\/it\/wp-json\/wp\/v2\/tags?post=663872"}],"curies":[{"name":"wp","href":"https:\/\/api.w.org\/{rel}","templated":true}]}}