{"id":663876,"date":"2026-09-04T02:49:19","date_gmt":"2026-09-04T02:49:19","guid":{"rendered":"https:\/\/www.europesays.com\/it\/663876\/"},"modified":"2026-09-04T02:49:19","modified_gmt":"2026-09-04T02:49:19","slug":"se-non-accetti-le-nozze-ti-uccidiamo-trieste-giovane-bengalese-scappa-di-casa-e-si-salva-da-un-matrimonio-combinato","status":"publish","type":"post","link":"https:\/\/www.europesays.com\/it\/663876\/","title":{"rendered":"\u00abSe non accetti le nozze ti uccidiamo\u00bb. Trieste, giovane bengalese scappa di casa e si salva da un matrimonio combinato"},"content":{"rendered":"<p>La giovane \u00e8 stata raggiunta dalle volanti in largo Roiano e portata in una struttura protetta con la sorella minore<\/p>\n<p>\t\t\t<a href=\"https:\/\/google.com\/preferences\/source?q=open.online\" target=\"_blank\" rel=\"nofollow noopener\"><img loading=\"lazy\" decoding=\"async\" src=\"https:\/\/www.europesays.com\/it\/wp-content\/uploads\/2026\/05\/gps@2x.png\" alt=\"Google Preferred Site\" width=\"200\" height=\"63\"\/><\/a><\/p>\n<p class=\"wp-block-paragraph\">\u00abSe non ti sposi con chi diciamo noi, <strong>ti portiamo in Bangladesh e ti uccidiamo<\/strong>\u00bb. \u00c8 con questo ultimatum telefonico che una giovane di origine bengalese, residente da diversi anni a Trieste, \u00e8 stata minacciata dai propri genitori. Il caso \u00e8 ricostruito da Il Piccolo. <\/p>\n<p>La fuga da casa con la sorellina<\/p>\n<p class=\"wp-block-paragraph\">L\u2019episodio si \u00e8 verificato nella mattinata di mercoled\u00ec 2 settembre, intorno alle ore 11:00. Il matrimonio risulta fosse gi\u00e0 stato organizzato dai familiari. Subito dopo la telefonata, <strong>la ragazza ha deciso di scappare da casa insieme alla sorellina<\/strong> prima del rientro dei genitori, <strong>contattando il 112<\/strong>. Le volanti della Polizia di Stato sono intervenute in largo Roiano, nei pressi dell\u2019abitazione della giovane, mettendola al sicuro e trasferendo <strong>entrambe le sorelle in una struttura protetta<\/strong> per scongiurare il rischio di ritorsioni.<\/p>\n<p class=\"wp-block-paragraph\">Sulla vicenda la Questura di Trieste mantiene il massimo riserbo per ragioni di sicurezza. L\u2019episodio \u00e8 stato reso noto anche dalla deputata e segretaria provinciale di Fratelli d\u2019Italia, <strong>Nicole Matteoni<\/strong>, che ha espresso vicinanza alle vittime e ringraziato le forze dell\u2019ordine per la tempestivit\u00e0 dell\u2019intervento.<\/p>\n<p class=\"wp-block-paragraph\">(Foto di <a href=\"https:\/\/unsplash.com\/it\/@kography?utm_source=unsplash&amp;utm_medium=referral&amp;utm_content=creditCopyText\" target=\"_blank\" rel=\"noreferrer noopener nofollow\">Khadija Yousaf<\/a> su <a href=\"https:\/\/unsplash.com\/it\/foto\/persona-che-tiene-per-mano-che-indossa-un-anello-color-oro-lKwp3-FQomY?utm_source=unsplash&amp;utm_medium=referral&amp;utm_content=creditCopyText\" target=\"_blank\" rel=\"noreferrer noopener nofollow\">Unsplash<\/a>)<\/p>\n","protected":false},"excerpt":{"rendered":"La giovane \u00e8 stata raggiunta dalle volanti in largo Roiano e portata in una struttura protetta con la&hellip;\n","protected":false},"author":3,"featured_media":663877,"comment_status":"","ping_status":"","sticky":false,"template":"","format":"standard","meta":{"footnotes":"","_share_on_mastodon":"0"},"categories":[6],"tags":[141485,14,9162,2753,229,8,1537,90,89,7810,365875,8866,7,15,82,9,83,10,13017,365876,107307,7877,259738,13,6687,11,80,84,12,81,85],"class_list":["post-663876","post","type-post","status-publish","format-standard","has-post-thumbnail","category-ultime-notizie","tag-bengalese","tag-cronaca","tag-episodio","tag-genitori","tag-giovane","tag-headlines","tag-it","tag-italia","tag-italy","tag-largo","tag-largo-roiano","tag-matrimonio","tag-news","tag-notizie","tag-notizie-di-cronaca","tag-notizie-principali","tag-notiziedicronaca","tag-notizieprincipali","tag-protetta","tag-roiano","tag-sorellina","tag-struttura","tag-struttura-protetta","tag-titoli","tag-trieste","tag-ultime-notizie","tag-ultime-notizie-di-cronaca","tag-ultime-notizie-e-news-di-oggi","tag-ultimenotizie","tag-ultimenotiziedicronaca","tag-ultimenotizieenewsdioggi"],"share_on_mastodon":{"url":"","error":"Validation failed: Text character limit of 500 exceeded"},"_links":{"self":[{"href":"https:\/\/www.europesays.com\/it\/wp-json\/wp\/v2\/posts\/663876","targetHints":{"allow":["GET"]}}],"collection":[{"href":"https:\/\/www.europesays.com\/it\/wp-json\/wp\/v2\/posts"}],"about":[{"href":"https:\/\/www.europesays.com\/it\/wp-json\/wp\/v2\/types\/post"}],"author":[{"embeddable":true,"href":"https:\/\/www.europesays.com\/it\/wp-json\/wp\/v2\/users\/3"}],"replies":[{"embeddable":true,"href":"https:\/\/www.europesays.com\/it\/wp-json\/wp\/v2\/comments?post=663876"}],"version-history":[{"count":0,"href":"https:\/\/www.europesays.com\/it\/wp-json\/wp\/v2\/posts\/663876\/revisions"}],"wp:featuredmedia":[{"embeddable":true,"href":"https:\/\/www.europesays.com\/it\/wp-json\/wp\/v2\/media\/663877"}],"wp:attachment":[{"href":"https:\/\/www.europesays.com\/it\/wp-json\/wp\/v2\/media?parent=663876"}],"wp:term":[{"taxonomy":"category","embeddable":true,"href":"https:\/\/www.europesays.com\/it\/wp-json\/wp\/v2\/categories?post=663876"},{"taxonomy":"post_tag","embeddable":true,"href":"https:\/\/www.europesays.com\/it\/wp-json\/wp\/v2\/tags?post=663876"}],"curies":[{"name":"wp","href":"https:\/\/api.w.org\/{rel}","templated":true}]}}