{"id":663880,"date":"2026-09-04T02:58:25","date_gmt":"2026-09-04T02:58:25","guid":{"rendered":"https:\/\/www.europesays.com\/it\/663880\/"},"modified":"2026-09-04T02:58:25","modified_gmt":"2026-09-04T02:58:25","slug":"nsn-cycling-la-lotto-saluta-lennert-van-eetvelt-dopo-7-anni-fino-al-2029-sara-nel-team-svizzero","status":"publish","type":"post","link":"https:\/\/www.europesays.com\/it\/663880\/","title":{"rendered":"NSN Cycling, la Lotto saluta Lennert Van Eetvelt dopo 7 anni: fino al 2029 sar\u00e0 nel team svizzero"},"content":{"rendered":"<p>\t\t\t\t\t<a href=\"https:\/\/cyclingpro.net\/spaziociclismo\/altro\/scopri-lapp-ufficiale-di-spaziociclismo\/\" title=\"\" rel=\"nofollow noopener\" target=\"_blank\"><br \/>\n\t\t\t\t\t\t<img loading=\"lazy\" decoding=\"async\" src=\"https:\/\/www.europesays.com\/it\/wp-content\/uploads\/2025\/09\/1758060682_662_Banner-App-SpazioCiclismo.png\" alt=\"\" width=\"728\" height=\"91\"\/><br \/>\n\t\t\t\t\t<\/a><\/p>\n<p>Anche Lennert Van Eetvelt saluta la Lotto-Intermarch\u00e9. Dopo Arnaud De Lie, la formazione belga saluta l\u2019altro suo uomo pi\u00f9 rappresentativo, cresciuto a sua volta nelle giovanili del team fino all\u2019approdo in prima squadra nel 2023 (dopo tre anni nelle giovanili), diventando rapidamente il corridore di riferimento per quanto riguarda i grandi appuntamenti in salita. Sei le sue vittorie in prima squadra, cinque delle quali nel 2024 tra cui spiccano i successi di tappa e generale all\u2019UAE Tour e al Tour of Guangxi. Quest\u2019ultima ad oggi \u00e8 la sua ultima grande vittoria, ma il talento fiammingo ha mostrato spesso le sue qualit\u00e0, pur vivendo alcuni momenti difficili, come quest\u2019anno tanto al Giro d\u2019Italia che al Tour de France, condizionati da problemi fisici.<\/p>\n<p> <a href=\"https:\/\/cyclingpro.net\/spaziociclismo\/abbonati\/\" rel=\"nofollow noopener\" target=\"_blank\"><img decoding=\"async\" src=\"https:\/\/www.europesays.com\/it\/wp-content\/uploads\/2026\/07\/Banner-AdFree-SpazioCiclismo.png\"\/><\/a><\/p>\n<p>Capace anche di salire sul podio della Clasica San Sebastian, oltre che concludere in settima posizione Il Lombardia, recentemente \u00e8 arrivato secondo alla Arctic Race of Norway e sar\u00e0 probabilmente uno degli uomini pi\u00f9 preziosi al fianco di Remco Evenepoel e Wout Van Aert ai Mondiali in Canada, dove voler\u00e0 con qualche settimana di anticipo per partecipare a GP de Qu\u00e9bec e GP de Montr\u00e9al.<\/p>\n<p>\u201cGrazie Lennert \u2013 scrive la squadra in una nota \u2013 Il giovane che si un\u00ec a noi nel 2020 \u00e8 diventato un vincitore. Un vincitore multiplo di tappe nel WorldTour.\u00a0Le vette, i momenti bui, abbiamo vissuto ogni passo del tuo cammino verso il successo con una fiducia incrollabile nel tuo potenziale.\u00a0Mentre ci salutiamo dopo 7 anni, siamo orgogliosi della bellissima storia che abbiamo scritto insieme\u201d.<\/p>\n<p>La sua nuova squadra \u00e8 la NSN Cycling, team che sta cercando di rafforzarsi e ringiovanire con un forte ricambio nelle ultime due stagioni. Anche qui sar\u00e0 uno degli uomini di riferimento per classiche e grandi giri, con un nuovo contratto triennale che lo vedr\u00e0 correre per la formazione svizzera sino al 2029.\u00a0\u201cLennert Van Eetvelt \u00e8 un corridore che abbiamo seguito da vicino negli ultimi anni e siamo molto lieti di dargli il benvenuto nella squadra \u2013 commenta il team manager <strong>Kjell Carlstr\u00f6m <\/strong>\u2013 Lennert ha gi\u00e0 dimostrato la sua capacit\u00e0 di vincere a livello WorldTour, in particolare nelle gare a tappe impegnative, e crediamo che possa continuare a crescere nelle prossime stagioni insieme a noi. Ci\u00f2 che lo contraddistingue non \u00e8 solo la sua abilit\u00e0 in salita, ma anche il suo modo di correre. \u00c8 pronto a cogliere le opportunit\u00e0 quando si presentano e ha dimostrato di saper chiudere le gare al meglio anche contro avversari di alto livello. Che si tratti di puntare alla classifica generale nelle gare a tappe, alle classiche delle Ardenne o di mostrare ci\u00f2 che sa fare in montagna nei Grandi Giri, non vediamo l\u2019ora di scoprire cosa Lennert sar\u00e0 in grado di fare con i colori della NSN\u201d.<\/p>\n","protected":false},"excerpt":{"rendered":"Anche Lennert Van Eetvelt saluta la Lotto-Intermarch\u00e9. Dopo Arnaud De Lie, la formazione belga saluta l\u2019altro suo uomo&hellip;\n","protected":false},"author":3,"featured_media":479711,"comment_status":"","ping_status":"","sticky":false,"template":"","format":"standard","meta":{"footnotes":"","_share_on_mastodon":"0"},"categories":[1456],"tags":[1824,139641,1825,1537,90,89,29306,131324,133356,245,244],"class_list":["post-663880","post","type-post","status-publish","format-standard","has-post-thumbnail","category-ciclismo","tag-ciclismo","tag-ciclomercato-2027","tag-cycling","tag-it","tag-italia","tag-italy","tag-lennert-van-eetvelt","tag-lotto-intermarche-2026","tag-nsn-cycling-team-2026","tag-sport","tag-sports"],"share_on_mastodon":{"url":"https:\/\/pubeurope.com\/@it\/117210534731362820","error":""},"_links":{"self":[{"href":"https:\/\/www.europesays.com\/it\/wp-json\/wp\/v2\/posts\/663880","targetHints":{"allow":["GET"]}}],"collection":[{"href":"https:\/\/www.europesays.com\/it\/wp-json\/wp\/v2\/posts"}],"about":[{"href":"https:\/\/www.europesays.com\/it\/wp-json\/wp\/v2\/types\/post"}],"author":[{"embeddable":true,"href":"https:\/\/www.europesays.com\/it\/wp-json\/wp\/v2\/users\/3"}],"replies":[{"embeddable":true,"href":"https:\/\/www.europesays.com\/it\/wp-json\/wp\/v2\/comments?post=663880"}],"version-history":[{"count":0,"href":"https:\/\/www.europesays.com\/it\/wp-json\/wp\/v2\/posts\/663880\/revisions"}],"wp:featuredmedia":[{"embeddable":true,"href":"https:\/\/www.europesays.com\/it\/wp-json\/wp\/v2\/media\/479711"}],"wp:attachment":[{"href":"https:\/\/www.europesays.com\/it\/wp-json\/wp\/v2\/media?parent=663880"}],"wp:term":[{"taxonomy":"category","embeddable":true,"href":"https:\/\/www.europesays.com\/it\/wp-json\/wp\/v2\/categories?post=663880"},{"taxonomy":"post_tag","embeddable":true,"href":"https:\/\/www.europesays.com\/it\/wp-json\/wp\/v2\/tags?post=663880"}],"curies":[{"name":"wp","href":"https:\/\/api.w.org\/{rel}","templated":true}]}}