{"id":663908,"date":"2026-09-04T03:16:26","date_gmt":"2026-09-04T03:16:26","guid":{"rendered":"https:\/\/www.europesays.com\/it\/663908\/"},"modified":"2026-09-04T03:16:26","modified_gmt":"2026-09-04T03:16:26","slug":"re-carlo-camilla-e-brigitte-macron-si-presentano-con-lo-stesso-look-e-lui-appare-confuso","status":"publish","type":"post","link":"https:\/\/www.europesays.com\/it\/663908\/","title":{"rendered":"Re Carlo, Camilla e Brigitte Macron si presentano con lo stesso look. E lui appare confuso"},"content":{"rendered":"<p>\u00c8 stato un incontro storico dal punto di vista culturale quello tra <strong>Re Carlo e la Regina Camilla e Emmanuel e Brigitte Macron<\/strong> che insieme hanno visitato l\u2019arazzo di Bayeux al British Museum. E per l\u2019occasione la Sovrana e la Premiere Dame hanno sfoggiato<strong> look bianchi<\/strong>, pi\u00f9 che coordinati. Praticamente identici.\n<\/p>\n<p>Re Carlo, il primo impegno pubblico \u00e8 con Brigitte Macron<\/p>\n<p><a href=\"https:\/\/dilei.it\/star-e-vip\/carlo-dinghilterra\/\" rel=\"nofollow noopener\" target=\"_blank\">Re Carlo<\/a> \u00e8 dunque tornato al lavoro dopo la pausa estiva. Si tratta anche della prima apparizione pubblica da quando Harry e Meghan Markle si sono trasferiti nel Regno Unito. Sua Maest\u00e0 <strong>\u00e8 apparso sereno e sorridente<\/strong>, imperturbabile come sempre.<\/p>\n<p>Ma la sua rilassatezza non era dovuta solamente al periodo di riposo che si \u00e8 concesso, ma anche all\u2019incontro che ha fatto.<\/p>\n<p>Infatti, il primo impegno pubblico di Carlo, dopo l\u2019estate, si \u00e8 svolto con<strong> i Macron<\/strong> con cui ha uno splendido rapporto. Il Re e la Regina consorte sono stati ospiti all\u2019Eliseo non molto tempo fa e hanno contraccambiato con un invito a Londra, ancora pi\u00f9 recente. Si vede che tra le due coppie c\u2019\u00e8 grande sintonia. E Brigitte e Camilla sono quasi complici, come dimostra il fatto che all\u2019appuntamento al British Museum si sono presentate con un look praticamente identico. Ma procediamo con ordine.<\/p>\n<p>L\u2019occasione dell\u2019incontro tra Le Loro Maest\u00e0 e i Macron riguarda l\u2019esposizione straordinaria dell\u2019<strong>arazzo di Bayeux<\/strong> che la Francia ha concesso eccezionalmente in prestito al <strong>British Museum<\/strong>, a quasi mille anni dalla sua realizzazione tra il 1070 e il 1077. \u00c8 infatti la prima volta in assoluto che l\u2019arazzo di Bayeux attraversa La Manica. L\u2019opera descrive la conquista normanna dell\u2019Inghilterra e la famosa battaglia di Hastings.<\/p>\n<p>La Regina Camilla e Brigitte Macron in bianco<\/p>\n<p>Per celebrare il momento solenne, <a href=\"https:\/\/dilei.it\/star-e-vip\/camilla-parker-bowles\/\" rel=\"nofollow noopener\" target=\"_blank\">Camilla<\/a> e <a href=\"https:\/\/dilei.it\/star-e-vip\/brigitte-macron\/\" rel=\"nofollow noopener\" target=\"_blank\">Brigitte Macron<\/a> hanno scelto di indossare degli abiti bianchi. Di fatto, la Regina e la Premi\u00e8re Dame hanno sfoggiato<strong> due look bianchi identici.<\/strong><\/p>\n<p>La moglie di Macron ha optato per un tubino dritto e strutturato con corpetto decorato da due bottoni di stoffa, firmato<strong> Louis Vuitton<\/strong>. Camilla invece ha indossato un abito svasato di <strong>Anna Valentine<\/strong> che ha abbinato a una borsa di Dior e a scarpe bicolore. Se non fosse stato per i ricami blu che ornavano il suo vestito, si poteva dire che lei e Brigitte indossavano il medesimo outfit. Di fatto,<strong> lo stile \u00e8 lo stesso<\/strong>, persino gli accessori sono praticamente identici.<\/p>\n<p>La somiglianza dei look denota un certo affiatamento tra le due donne che spesso si trovano con mise molto simili. <strong>Il bianco<\/strong> \u00e8 tra l\u2019altro la tonalit\u00e0 che indossano pi\u00f9 spesso, probabilmente perch\u00e9 molti dei loro incontri sono avvenuti nella bella stagione, ma anche perch\u00e9 \u00e8 simbolo di eleganza e regalit\u00e0, sebbene non sia cos\u00ec facile da portare.<\/p>\n<p>Re Carlo, l\u2019espressione confusa<\/p>\n<p>Nelle foto che sono state scattate per celebrare la storica esposizione dell\u2019arazzo in Gran Bretagna mostrano Carlo e Camilla e i Macron perfettamente a loro agio insieme. Sembrano<strong> due coppie di amici,<\/strong> tanta \u00e8 la confidenza.<\/p>\n<p>Il Presidente francese sorride divertito tra sua moglie e la Regina Camilla che osa addirittura toccare sulla spalla e sulla schiena, invitandola con affetto a procedere nella visita. Mentre Re Carlo a tratti sembra <strong>un po\u2019 smarrito<\/strong>, forse confuso dalla mise identica delle due signore o forse tradito dall\u2019emozione.<\/p>\n<p>\t\t\t\tScopri i personaggi in trend, le storie del momento e molto altro.<br \/>Dove? Sul <a href=\"https:\/\/whatsapp.com\/channel\/0029Vb68mVyHVvTWezDm7d0R\" target=\"_blank\" rel=\"noopener nofollow\">canale WhatsApp di DiLei!<\/a><\/p>\n<p>\t\t\t<a class=\"buttonCall\" href=\"https:\/\/whatsapp.com\/channel\/0029Vb68mVyHVvTWezDm7d0R\" target=\"_blank\" rel=\"noopener nofollow\" title=\"Seguici su WhatsApp\"><br \/>\n\t\t\t\tSeguici su WhatsApp<br \/>\n\t\t\t<\/a><\/p>\n","protected":false},"excerpt":{"rendered":"\u00c8 stato un incontro storico dal punto di vista culturale quello tra Re Carlo e la Regina Camilla&hellip;\n","protected":false},"author":3,"featured_media":663909,"comment_status":"","ping_status":"","sticky":false,"template":"","format":"standard","meta":{"footnotes":"","_share_on_mastodon":"0"},"categories":[6],"tags":[8945,1448,14,8,1537,90,89,7,15,82,9,83,10,1447,13,11,80,84,12,81,85],"class_list":["post-663908","post","type-post","status-publish","format-standard","has-post-thumbnail","category-ultime-notizie","tag-brigitte-macron","tag-carlo-dinghilterra","tag-cronaca","tag-headlines","tag-it","tag-italia","tag-italy","tag-news","tag-notizie","tag-notizie-di-cronaca","tag-notizie-principali","tag-notiziedicronaca","tag-notizieprincipali","tag-reali","tag-titoli","tag-ultime-notizie","tag-ultime-notizie-di-cronaca","tag-ultime-notizie-e-news-di-oggi","tag-ultimenotizie","tag-ultimenotiziedicronaca","tag-ultimenotizieenewsdioggi"],"share_on_mastodon":{"url":"https:\/\/pubeurope.com\/@it\/117210604311460477","error":""},"_links":{"self":[{"href":"https:\/\/www.europesays.com\/it\/wp-json\/wp\/v2\/posts\/663908","targetHints":{"allow":["GET"]}}],"collection":[{"href":"https:\/\/www.europesays.com\/it\/wp-json\/wp\/v2\/posts"}],"about":[{"href":"https:\/\/www.europesays.com\/it\/wp-json\/wp\/v2\/types\/post"}],"author":[{"embeddable":true,"href":"https:\/\/www.europesays.com\/it\/wp-json\/wp\/v2\/users\/3"}],"replies":[{"embeddable":true,"href":"https:\/\/www.europesays.com\/it\/wp-json\/wp\/v2\/comments?post=663908"}],"version-history":[{"count":0,"href":"https:\/\/www.europesays.com\/it\/wp-json\/wp\/v2\/posts\/663908\/revisions"}],"wp:featuredmedia":[{"embeddable":true,"href":"https:\/\/www.europesays.com\/it\/wp-json\/wp\/v2\/media\/663909"}],"wp:attachment":[{"href":"https:\/\/www.europesays.com\/it\/wp-json\/wp\/v2\/media?parent=663908"}],"wp:term":[{"taxonomy":"category","embeddable":true,"href":"https:\/\/www.europesays.com\/it\/wp-json\/wp\/v2\/categories?post=663908"},{"taxonomy":"post_tag","embeddable":true,"href":"https:\/\/www.europesays.com\/it\/wp-json\/wp\/v2\/tags?post=663908"}],"curies":[{"name":"wp","href":"https:\/\/api.w.org\/{rel}","templated":true}]}}