{"id":663913,"date":"2026-09-04T03:28:30","date_gmt":"2026-09-04T03:28:30","guid":{"rendered":"https:\/\/www.europesays.com\/it\/663913\/"},"modified":"2026-09-04T03:28:30","modified_gmt":"2026-09-04T03:28:30","slug":"basket-per-trento-sara-un-avvio-tosto-25-partite-in-tre-mesi-a-dicembre-un-vero-e-proprio-tour-de-force","status":"publish","type":"post","link":"https:\/\/www.europesays.com\/it\/663913\/","title":{"rendered":"Basket, per Trento sar\u00e0 un avvio tosto: 25 partite in tre mesi, a dicembre un vero e proprio tour de force"},"content":{"rendered":"<p>    di<br \/>\n    Marco Vigarani<\/p>\n<p class=\"summary-art is-line-h-12\">I bianconeri dovranno gestire le forze a inizio stagione, quando saranno attesi da 13 trasferte tra campionato ed Eurocup<\/p>\n<p class=\"chapter-paragraph\">Pi\u00f9 che una squadra di basket, l\u2019Aquila si deve preparare\u00a0<a href=\"https:\/\/corrieredeltrentino.corriere.it\/notizie\/sport\/26_luglio_23\/festival-dello-sport-a-trento-parata-di-stelle-gallinari-battocletti-gianni-rivera-stoner-egonu-brignone-6685b755-efbc-475f-ae57-83326ec5dxlk.shtml\" title=\"Festival dello Sport a Trento, parata di stelle: Gallinari, Battocletti, Gianni Rivera, Stoner, Egonu, Brignone\" rel=\"nofollow noopener\" target=\"_blank\">a essere una pallina del flipper<\/a>. La stagione 2026-27, almeno nei suoi primi mesi, promette di non regalare alcuna certezza alla banda bianconera. Gli scenari cambieranno di mese in mese e costringeranno coach <b>Alessandro Rossi <\/b>e il suo staff a lavorare di fino non solo su tecnica e tattica ma soprattutto sul recupero, avendo gi\u00e0 25 partite garantite nei <b>primi 93 giorni <\/b>ovvero entro la fine del 2026. Di cui 13 in trasferta. E la valigia dovr\u00e0 essere subito pronta visto che la partenza proporr\u00e0 immediatamente due impegni esterni: il 27 settembre a Reggio Emilia per il primo turno di campionato poi il 29 sul campo dei lituani del <b>Klaipeda <\/b>per la giornata inaugurale di <b>Eurocup<\/b>.<\/p>\n<p class=\"chapter-paragraph\">Combinando i due calendari, curiosamente emerge la stessa necessit\u00e0 per la <b>Dolomiti Energia<\/b>: ovvero essere rapida e scattante ai blocchi di partenza per definire in fretta il senso della propria stagione. Otto delle prime dieci gare stagionali infatti saranno contro avversari teoricamente alla portata e ci diranno subito se la nuova Aquila sia destinata a una stagione <b>di sogni o di sofferenza<\/b>. \u00c8 vero che stabilire l\u2019andamento di un\u2019annata a fine ottobre pu\u00f2 sembrare prematuro ma basta scorrere l\u2019elenco delle sfide di novembre per capire che in quel mese<b> il livello si alzer\u00e0 parecchio<\/b> e sar\u00e0 fondamentale avere gi\u00e0 fieno in cascina.    &#13;<br \/>\n&#13;<br \/>\n&#13;<br \/>\n&#13;<br \/>\n&#13;<br \/>\n&#13;<br \/>\n&#13;<br \/>\n&#13;<br \/>\n&#13;<br \/>\n&#13;<br \/>\n&#13;<br \/>\n&#13;<br \/>\n&#13;<br \/>\n&#13;<br \/>\n&#13;<br \/>\n&#13;<br \/>\n&#13;<br \/>\n&#13;<br \/>\n&#13;<br \/>\n&#13;<br \/>\n&#13;<br \/>\n&#13;<br \/>\n&#13;<br \/>\n&#13;<br \/>\n&#13;<br \/>\n&#13;<br \/>\n&#13;<br \/>\n&#13;<br \/>\n&#13;<br \/>\n&#13;<br \/>\n&#13;<br \/>\n&#13;<br \/>\n&#13;<br \/>\n&#13;<br \/>\n&#13;<br \/>\n&#13;<br \/>\n&#13;<br \/>\n&#13;<br \/>\n&#13;<br \/>\n&#13;<br \/>\n&#13;<br \/>\n&#13;<br \/>\n&#13;<br \/>\n&#13;<br \/>\n&#13;<br \/>\n&#13;<br \/>\n&#13;<br \/>\n&#13;<br \/>\n&#13;<br \/>\n&#13;<br \/>\n&#13;<br \/>\n&#13;<br \/>\n&#13;\n<\/p>\n<p class=\"chapter-paragraph\">La buona notizia di novembre (mese accorciato dalla sosta finale per le Nazionali) \u00e8 che ci si sposter\u00e0 poco, avendo cinque gare interne pi\u00f9<b> due trasferte<\/b> comunque in Italia. Quella pi\u00f9 preoccupante \u00e8 trovarsi a fare i conti con un pacchetto di avversari decisamente agguerrito come <b>Virtus <\/b>e <b>Olimpia <\/b>ma anche <b>Maxima Roma <\/b>e <b>Napoli <\/b>(due volte, prima in Eurocup poi in campionato). A dicembre poi lo scenario si ribalter\u00e0 con sei trasferte su otto impegni, compresi i viaggi non proprio comodissimi a <b>Breslavia<\/b>, <b>Chemitz <\/b>e <b>Podgorica<\/b>. L\u2019Aquila dovr\u00e0 per\u00f2 essere gi\u00e0 matura e spietata, capace di fare quei punti indispensabili per centrare i playoff di Eurocup e l\u2019accesso alla <b>Final Eight di Coppa Italia<\/b>. Gennaio sar\u00e0 un mese pi\u00f9 tranquillo con l\u2019unico viaggio lungo per raggiungere la Turchia, tana del Tofas Bursa di Cancellieri. Nei mesi successivi il destino di Trento dipender\u00e0 da quello che sar\u00e0 stata in grado di fare in precedenza visto che a febbraio si disputeranno gli eventuali gli ottavi di Eurocup (potenzialmente tre gare fra il 2 e il 12) e verr\u00e0 assegnata la <b>Coppa Italia <\/b>a Torino dal 17 al 21.<\/p>\n<p class=\"chapter-paragraph\">A seguire, ci sar\u00e0 da proseguire la caccia ai playoff di Lba, ma magari fare anche i conti con un altro terzetto di <b>sfide continentali<\/b> visto che i quarti di Eurocup si giocheranno fra il 9 e il 19 marzo. Se poi dovesse arrivare addirittura l\u2019accesso alla semifinale, negli stessi giorni di aprile il calendario del campionato vedr\u00e0 la Dolomiti Energia impegnata con Venezia e Milano. Ma non \u00e8 ancora tempo di pensarci: la strada della nuova stagione deve ancora iniziare.<\/p>\n<p class=\"is-mr-t-20 is-mr-b-20\"><b><br \/>\n                    <a href=\"https:\/\/corrieredeltrentino.corriere.it\/?intcmp=Notizielocali_nd_010623_corriere_ss_trento\" target=\"_blank\" rel=\"nofollow noopener\">Vai a tutte le notizie di Trento<\/a><br \/>\n            <\/b><\/p>\n<p>[an error occurred while processing this directive]<\/p>\n<p class=\"is-last-update\" datetime=\"2026-08-10T17:47:02+02:00\">10 agosto 2026<\/p>\n<p class=\"is-copyright\">\n            \u00a9 RIPRODUZIONE RISERVATA\n        <\/p>\n","protected":false},"excerpt":{"rendered":"di Marco Vigarani I bianconeri dovranno gestire le forze a inizio stagione, quando saranno attesi da 13 trasferte&hellip;\n","protected":false},"author":3,"featured_media":663914,"comment_status":"","ping_status":"","sticky":false,"template":"","format":"standard","meta":{"footnotes":"","_share_on_mastodon":"0"},"categories":[1453],"tags":[2748,39552,8449,1756,1757,1856,1411,4297,5006,1888,4759,39561,3566,51261,1837,8675,1537,90,89,3783,7030,273,18830,7255,4283,12040,3338,8445,245,244,577,108400,7548,5489],"class_list":["post-663913","post","type-post","status-publish","format-standard","has-post-thumbnail","category-basket","tag-accesso","tag-aquila","tag-avversari","tag-basket","tag-basketball","tag-campionato","tag-conti","tag-coppa","tag-coppa-italia","tag-dicembre","tag-dolomiti","tag-dolomiti-energia","tag-energia","tag-eurocup","tag-gare","tag-impegni","tag-it","tag-italia","tag-italy","tag-mese","tag-novembre","tag-nuova","tag-ovvero","tag-partenza","tag-partite","tag-playoff","tag-primi","tag-sfide","tag-sport","tag-sports","tag-stagione","tag-trasferte","tag-trento","tag-vero"],"share_on_mastodon":{"url":"https:\/\/pubeurope.com\/@it\/117210651518709342","error":""},"_links":{"self":[{"href":"https:\/\/www.europesays.com\/it\/wp-json\/wp\/v2\/posts\/663913","targetHints":{"allow":["GET"]}}],"collection":[{"href":"https:\/\/www.europesays.com\/it\/wp-json\/wp\/v2\/posts"}],"about":[{"href":"https:\/\/www.europesays.com\/it\/wp-json\/wp\/v2\/types\/post"}],"author":[{"embeddable":true,"href":"https:\/\/www.europesays.com\/it\/wp-json\/wp\/v2\/users\/3"}],"replies":[{"embeddable":true,"href":"https:\/\/www.europesays.com\/it\/wp-json\/wp\/v2\/comments?post=663913"}],"version-history":[{"count":0,"href":"https:\/\/www.europesays.com\/it\/wp-json\/wp\/v2\/posts\/663913\/revisions"}],"wp:featuredmedia":[{"embeddable":true,"href":"https:\/\/www.europesays.com\/it\/wp-json\/wp\/v2\/media\/663914"}],"wp:attachment":[{"href":"https:\/\/www.europesays.com\/it\/wp-json\/wp\/v2\/media?parent=663913"}],"wp:term":[{"taxonomy":"category","embeddable":true,"href":"https:\/\/www.europesays.com\/it\/wp-json\/wp\/v2\/categories?post=663913"},{"taxonomy":"post_tag","embeddable":true,"href":"https:\/\/www.europesays.com\/it\/wp-json\/wp\/v2\/tags?post=663913"}],"curies":[{"name":"wp","href":"https:\/\/api.w.org\/{rel}","templated":true}]}}