{"id":663929,"date":"2026-09-04T03:38:29","date_gmt":"2026-09-04T03:38:29","guid":{"rendered":"https:\/\/www.europesays.com\/it\/663929\/"},"modified":"2026-09-04T03:38:29","modified_gmt":"2026-09-04T03:38:29","slug":"lai-stravolge-i-volti-sulla-locandina-dellevento-e-fa-ridere-il-web-il-vice-sindaco-fatto-grave-aspettiamo-delle-spiegazioni","status":"publish","type":"post","link":"https:\/\/www.europesays.com\/it\/663929\/","title":{"rendered":"L&#8217;AI stravolge i volti sulla locandina dell&#8217;evento e fa ridere il web, il vice sindaco: &#8220;Fatto grave, aspettiamo delle spiegazioni&#8221;"},"content":{"rendered":"<p>Che l\u2019intelligenza artificiale stia ormai entrando in quasi tutti gli ambiti della nostra quotidianit\u00e0 \u00e8 sotto gli occhi di tutti. Quando, per\u00f2, gli algoritmi vengono messi alla prova con la grafica e la rappresentazione di luoghi identitari come piazza Saffi, il risultato pu\u00f2 sfociare in vicende che diventano virali sui social. \u00c8 quello che sta succedendo in questi giorni attorno alle locandine e ai cartelloni pubblicitari affissi per promuovere le serate \u201cMercoled\u00ec nel cuore &#8211; Famiglie in centro\u201d.\u00a0<\/p>\n<p>A fare da sfondo alla cartellonistica c&#8217;\u00e8, infatti, una bella piazza Saffi affollata, apparentemente ideale per trasmettere l&#8217;atmosfera di festa. \u00c8 bastato, per\u00f2, lo sguardo attento di qualche cittadino per trasformare il manifesto in una divertente \u201ccaccia al dettaglio\u201d.<\/p>\n<p>La grafica, elaborata con l&#8217;aiuto dell&#8217;intelligenza artificiale, contiene infatti tutte quelle piccole e stravaganti imprecisioni tipiche della tecnologia quando prova a ricreare contesti reali. Tra le sviste balzate all&#8217;occhio dei cittadini c&#8217;\u00e8 la celebre statua al centro della piazza di Aurelio Saffi, che nella rielaborazione digitale ha assunto una fisionomia decisamente originale, quasi \u201cfantasy\u201d, con un abbigliamento che ricorda pi\u00f9 una tunica che le forme classiche che tutti conoscono.<\/p>\n<p>Guardando poi tra la folla tratteggiata dallo sfondo, l&#8217;algoritmo si \u00e8 sbizzarrito ancora di pi\u00f9: qua e l\u00e0 spuntano persone con tre gambe, volti sfocati e proporzioni non reali.<\/p>\n<p><img loading=\"lazy\" decoding=\"async\" style=\"aspect-ratio:724\/900;\" src=\"https:\/\/www.europesays.com\/it\/wp-content\/uploads\/2026\/09\/forli-che-cringia-post-intelligenza-artificiale-comune-di-forli-2.png\" alt=\"forl\u00ec che cringia post intelligenza artificiale Comune di Forl\u00ec (2)\" width=\"724\" height=\"900\" title=\"Altri dettagli sottolineati dalla pagina Instagram \" forl=\"\" che=\"\" cringia=\"\"\/>Altri dettagli sottolineati dalla pagina Instagram &#8220;Forl\u00ec che cringia&#8221;<\/p>\n<p>Nel giro di poco tempo, le immagini sono diventate virali online. La pagina Instagram \u201cForl\u00ec che cringia\u201d ha condiviso le foto evidenziando gli svarioni pi\u00f9 esilaranti della grafica e scherzando su elementi come \u201cSaffi con la ginecomastia\u201d e sul fatto che \u201c3 gambe sono meglio di 2!\u201d. Tra i commenti degli utenti c&#8217;\u00e8 chi ha subito ironizzato citando la poesia con un divertito \u201cLa statua \u00e8 di Saffo, nota poetessa dell&#8217;amore\u201d, mentre altri hanno notato dettagli esilaranti come \u201cPiedi palmati e che vanno in direzioni diverse\u2026\u201d.<\/p>\n<p><img loading=\"lazy\" decoding=\"async\" style=\"aspect-ratio:1170\/1003;\" src=\"https:\/\/www.europesays.com\/it\/wp-content\/uploads\/2026\/09\/forli-che-cringia-post-ai-comune-mercoledi-del-cuore.png\" alt=\"forli che cringia post Ai comune mercoledi del cuore\" width=\"1170\" height=\"1003\" title=\"Il post della pagina \" forl=\"\" che=\"\" cringia=\"\" su=\"\" instagram=\"\"\/>Il post della pagina &#8220;Forl\u00ec che cringia&#8221; su Instagram<\/p>\n<p>Accanto all&#8217;umorismo goliardico dei meme, sui social diversi cittadini hanno commentato l&#8217;accaduto con un pizzico di perplessit\u00e0. \u201cMa son del mestiere, questi?\u201d si chiede un utente su Facebook, parlando di un \u201cpersonaggio non ben identificato, in tunica medievale\u201d al posto della statua al centro della piazza.<\/p>\n<p>Un&#8217;altra cittadina si spinge oltre, chiamando in causa direttamente l&#8217;amministrazione e taggando il vicesindaco e assessore alla cultura Vincenzo Bongiorno: \u201cCaro Comune, ma come avete fatto a farvi venire un&#8217;idea cos\u00ec brillante? La finta statua che sembra un guerriero medievale davvero non si pu\u00f2 vedere\u201d.\u00a0<\/p>\n<p>Il vice sindaco: \u201cContrariato per quanto successo, aspettiamo delle spiegazioni\u201d<\/p>\n<p>Accanto all&#8217;ironia e alle perplessit\u00e0 mostrate dai cittadini, c&#8217;\u00e8 il dispiacere dell&#8217;Amministrazione comunale. \u201cQuello che \u00e8 successo \u00e8 molto grave &#8211; afferma il vice sindaco e assessore alla Cultura Vincenzo Bongiorno -. Ho chiesto una spiegazione all&#8217;agenzia di comunicazione che abbiamo incaricato per quelle locandine, anche noi vogliamo capire come sia potuto accadere qualcosa di cos\u00ec grave e come evitare che non capiti pi\u00f9, visto che sono stati modifcati dei simboli identitari della nostra citt\u00e0 che invece andrebbero trattati con estrema attenzione&#8221;.\u00a0<\/p>\n<p>Dalla vicenda, per\u00f2, secondo il vice sindaco si pu\u00f2 imparare qualcosa. \u201cSono molto contrariato, ma quanto accaduto ci deve servire come monito: utilizzare l&#8217;intelligenza artificiale non \u00e8 sbagliato, \u00e8 uno strumento che pu\u00f2 essere d&#8217;aiuto in tanti settori, ma ci vuole prudenza e responsabilit\u00e0. Non possiamo delegare totalmente i nostri compiti all&#8217;AI\u201d.<\/p>\n","protected":false},"excerpt":{"rendered":"Che l\u2019intelligenza artificiale stia ormai entrando in quasi tutti gli ambiti della nostra quotidianit\u00e0 \u00e8 sotto gli occhi&hellip;\n","protected":false},"author":3,"featured_media":663930,"comment_status":"","ping_status":"","sticky":false,"template":"","format":"standard","meta":{"footnotes":"","_share_on_mastodon":"0"},"categories":[174],"tags":[203,626,668,204,1537,90,89,1686],"class_list":["post-663929","post","type-post","status-publish","format-standard","has-post-thumbnail","category-intrattenimento","tag-entertainment","tag-eventi","tag-intelligenza-artificiale","tag-intrattenimento","tag-it","tag-italia","tag-italy","tag-social"],"share_on_mastodon":{"url":"https:\/\/pubeurope.com\/@it\/117210691741749726","error":""},"_links":{"self":[{"href":"https:\/\/www.europesays.com\/it\/wp-json\/wp\/v2\/posts\/663929","targetHints":{"allow":["GET"]}}],"collection":[{"href":"https:\/\/www.europesays.com\/it\/wp-json\/wp\/v2\/posts"}],"about":[{"href":"https:\/\/www.europesays.com\/it\/wp-json\/wp\/v2\/types\/post"}],"author":[{"embeddable":true,"href":"https:\/\/www.europesays.com\/it\/wp-json\/wp\/v2\/users\/3"}],"replies":[{"embeddable":true,"href":"https:\/\/www.europesays.com\/it\/wp-json\/wp\/v2\/comments?post=663929"}],"version-history":[{"count":0,"href":"https:\/\/www.europesays.com\/it\/wp-json\/wp\/v2\/posts\/663929\/revisions"}],"wp:featuredmedia":[{"embeddable":true,"href":"https:\/\/www.europesays.com\/it\/wp-json\/wp\/v2\/media\/663930"}],"wp:attachment":[{"href":"https:\/\/www.europesays.com\/it\/wp-json\/wp\/v2\/media?parent=663929"}],"wp:term":[{"taxonomy":"category","embeddable":true,"href":"https:\/\/www.europesays.com\/it\/wp-json\/wp\/v2\/categories?post=663929"},{"taxonomy":"post_tag","embeddable":true,"href":"https:\/\/www.europesays.com\/it\/wp-json\/wp\/v2\/tags?post=663929"}],"curies":[{"name":"wp","href":"https:\/\/api.w.org\/{rel}","templated":true}]}}