{"id":663935,"date":"2026-09-04T03:41:16","date_gmt":"2026-09-04T03:41:16","guid":{"rendered":"https:\/\/www.europesays.com\/it\/663935\/"},"modified":"2026-09-04T03:41:16","modified_gmt":"2026-09-04T03:41:16","slug":"chi-e-jonathan-melendez-fondatore-dei-camilo-septimo-ucciso-con-la-famiglia-vicino-a-citta-del-messico","status":"publish","type":"post","link":"https:\/\/www.europesays.com\/it\/663935\/","title":{"rendered":"Chi \u00e8 Jonathan Mel\u00e9ndez, fondatore dei Camilo S\u00e9ptimo ucciso con la famiglia vicino a Citt\u00e0 del Messico"},"content":{"rendered":"<p>  <img loading=\"lazy\" decoding=\"async\" src=\"https:\/\/www.europesays.com\/it\/wp-content\/uploads\/2026\/09\/Jonathan-Melendez-dei-Camilo-Septimo-ph-Humberto-RomeroGetty-Images-1200x675.jpg\" alt=\"Immagine\" width=\"1200\" height=\"675\"\/><\/p>\n<p>\t\t\tJonathan Mele\u0301ndez dei Camilo Se\u0301ptimo &#8211; ph Humberto Romero:Getty Images<\/p>\n<p>\n\t\u00c8 morto Jonathan Mel\u00e9ndez, tastierista e fondatore dei Camilo S\u00e9ptimo: uccisi con lui moglie incinta, figlia, tata e il cane. Il musicista ha contribuito al sound synthpop della band, tra album e collaborazioni internazionali.\n<\/p>\n<p><strong>Jonathan Mel\u00e9ndez \u00e8 il tastierista e fondatore dei Camilo S\u00e9ptimo<\/strong>, una delle band pi\u00f9 importanti della scena indie messicana. <a title=\"Ucciso il musicista dei Camilo S\u00e9ptimo, strage in casa: morti moglie e figlia di Jonathan Mel\u00e9ndez\" href=\"https:\/\/www.fanpage.it\/esteri\/ucciso-il-musicista-dei-camilo-septimo-strage-in-casa-morti-moglie-e-figlia-di-jonathan-melendez\/\" data-anact=\"corpo-articolo\" target=\"_self\" rel=\"nofollow noopener\">L&#8217;uomo \u00e8 stato ucciso<\/a> nella sua casa, insieme alla moglie Ana Paula di 35 anni, incinta, la figlia di 3 anni e una ragazza di 21 anni, Aleida Romero Victorio, che lavorava per la coppia come tata, come ha confermato la sua famiglia. Nell&#8217;appartamento dove sono stati trovati i corpi \u00e8 stato trovato morto anche il cane.<\/p>\n<p>Il tastierista era un artista molto conosciuto nel paese, fondatore della band insieme a Manuel Mendoza (voce e basso) ed Erik V\u00e1zquez (chitarra) nel 2013. La band \u00e8 parte della scena indie messicana, e <strong>grazie al suo lavoro ha rafforzato il suono synthpop del gruppo<\/strong>. La band ha pubblicato sei album, di cui uno anche con Universal Music M\u00e9xico, nel corso della loro carriera hanno condiviso il palco con band come Kings of Leon e Belle and Sebastian. Il Messico si trova ancora una volta a confrontarsi con omicidi di questo genere: stando a quanto riporta El Pais, tra gennaio 2020 e marzo 2026, l&#8217;associazione civile Causa en Com\u00fan ha documentato 3.036 massacri.<\/p>\n<p>Prima di fare della musica il proprio lavoro principale, <strong>il musicista aveva cambiato diverse attivit\u00e0<\/strong>, facendo anche telemarketing, vendendo ferri da stiro per telefono. In un&#8217;intervista al presentatore Javier Paniagua aveva spiegato anche che era bravo: &#8220;Ero un ottimo venditore telefonico, parlavo con le persone per convincerle ad acquistare articoli in offerta. Ero bravo ma ero un adolescente, poi ho studiato design pubblicitario e da l\u00ec sono passato alla musica&#8221;. Dopo avre partecipato ad alcuni progetti musicali, nel 2013 fonda la band e nel 2014 pubblica il primo singolo &#8220;Portales&#8221;, e lo stesso anno pubblicano l&#8217;EP &#8220;Maya&#8221;, contenente brani come &#8220;No conf\u00edes en m\u00ed&#8221; e &#8220;Te veo en el 27&#8221;.<\/p>\n<p>          <a href=\"https:\/\/www.fanpage.it\/esteri\/ucciso-il-musicista-dei-camilo-septimo-strage-in-casa-morti-moglie-e-figlia-di-jonathan-melendez\/\" target=\"_self\" data-anact=\"leggi-anche\" class=\"ra__post-title\" rel=\"nofollow noopener\"><br \/>\n        Ucciso il musicista dei Camilo S\u00e9ptimo, strage in casa: morti moglie e figlia di Jonathan Mel\u00e9ndez<br \/>\n      <\/a><\/p>\n<p>Sempre a Paniagua ha ricordato i primi anni, quando erano giovani e volevano conquistare il mondo. Dopo aver cominciato suonando in piccoli locali e universit\u00e0, <strong>la band era riuscita a conquistarsi una posizione importante<\/strong> nel mondo della musica indipendente messicana. Con l&#8217;uscita di &#8220;\u00d3leos&#8221; nel 2017 fanno un importante passo avanti: di quell&#8217;album fanno parte canzoni come &#8220;Mi\u00e9nteme&#8221;, &#8220;Vicio&#8221; e &#8220;No te puedo olvidar&#8221;, ma altri successi sono anche &#8220;No conf\u00edes en m\u00ed&#8221;, &#8220;Inevitable&#8221; e &#8220;Contacto&#8221;. Il suo lavoro ha forgiato il sound della band, grazie all&#8217;uso dei synth. Dopo &#8220;Maya&#8221; e &#8220;\u00d3leos&#8221;, la band ha pubblicato &#8220;Navegantes&#8221; nel 2019, &#8220;Ecos&#8221; nel 2022 e &#8220;Jard\u00edn de las almas&#8221; nel 2023.<\/p>\n<p>Recensendoli, Ondarock scrive: &#8220;Rappresentano invece quanto di meglio una certa attitudine propria dell\u2019ultima decade \u2013 rielaborare la fascinazione estetica del decennio sintetico per antonomasia alla luce della perfezione irreale del suono digitale contemporaneo \u2013 abbia da offrire&#8221;. <strong>Gli ultimi progetti sono stati &#8220;Mapas&#8221; e &#8220;Mapas II&#8221;<\/strong>. La band si \u00e8 esibita in venue molto importanti in Messico, il Teatro Metropolitano, l&#8217;Auditorium Nazionale, il Palazzo dello Sport e festival come Vive Latino e Tecate Pa&#8217;l Norte. Durante la loro carriera hanno condiviso il palco anche con band internazionali come Foals, Kings of Leon, Belle and Sebastian.<\/p>\n<p>Sulla scena del delitto <strong>l&#8217;unico sopravvissuto alla strage \u00e8 stato il figlio della coppia, un bambino di 6 anni<\/strong> che \u00e8 stato trovato senza segni di violenza all&#8217;interno dell&#8217;appartamento situato in una zona residenziale di Atizap\u00e1n de Zaragoza, vicino a Citt\u00e0 del Messico. Non \u00e8 ancora chiaro il motivo per cui sia stato risparmiato. Il Segretario alla Pubblica Sicurezza del Messico, Omar Garc\u00eda Harfucher, ha annunciato che due persone sono state arrestate per l&#8217;omicidio. Uno dei due uomini, identificato come Diego Sebasti\u00e1n &#8220;N&#8221;, era socio d&#8217;affari del musicista e avrebbe usato proprio questo legame con la vittima e la sua fiducia per entrare in casa.<\/p>\n<p>Sarebbe stato lui l&#8217;autore materiale del pluriomicidio, stando a quanto dichiarato dagli investigatori. <strong>L&#8217;uomo \u00e8 stato ripreso dalle telecamere dell&#8217;ascensore<\/strong>, mentre saliva a casa del musicista: indossava un berretto e degli occhiali da sole oltre a uno zaino sulle spalle e si guarda intorno, incrociando anche la telecamera. Stando a quanto riporta El Universo, l&#8217;1 settembre, un amico non identificato di Mel\u00e9ndez ha detto alle autorit\u00e0 che l&#8217;uomo gli aveva detto di avvertire la polizia se non avesse avuto sue notizie nel giro di poco tempo. Probabilmente i due uomini avevano avuto divergenze riguardo alla loro societ\u00e0 di affitto di case. Due delle vittime sono state trovate con ferite di arma da fuoco alla testa, due avevano le mani legate, mentre la quarta vittima \u00e8 stata colpita con un colpo alla schiena, come se fosse un&#8217;esecuzione. La principale pista \u00e8 quella della rapina.<\/p>\n","protected":false},"excerpt":{"rendered":"Jonathan Mele\u0301ndez dei Camilo Se\u0301ptimo &#8211; ph Humberto Romero:Getty Images \u00c8 morto Jonathan Mel\u00e9ndez, tastierista e fondatore dei&hellip;\n","protected":false},"author":3,"featured_media":663936,"comment_status":"","ping_status":"","sticky":false,"template":"","format":"standard","meta":{"footnotes":"","_share_on_mastodon":"0"},"categories":[160],"tags":[14,164,165,166,7,15,11,167,12,168,161,162,163],"class_list":["post-663935","post","type-post","status-publish","format-standard","has-post-thumbnail","category-mondo","tag-cronaca","tag-dal-mondo","tag-dalmondo","tag-mondo","tag-news","tag-notizie","tag-ultime-notizie","tag-ultime-notizie-di-mondo","tag-ultimenotizie","tag-ultimenotiziedimondo","tag-world","tag-world-news","tag-worldnews"],"share_on_mastodon":{"url":"https:\/\/pubeurope.com\/@it\/117210702887268400","error":""},"_links":{"self":[{"href":"https:\/\/www.europesays.com\/it\/wp-json\/wp\/v2\/posts\/663935","targetHints":{"allow":["GET"]}}],"collection":[{"href":"https:\/\/www.europesays.com\/it\/wp-json\/wp\/v2\/posts"}],"about":[{"href":"https:\/\/www.europesays.com\/it\/wp-json\/wp\/v2\/types\/post"}],"author":[{"embeddable":true,"href":"https:\/\/www.europesays.com\/it\/wp-json\/wp\/v2\/users\/3"}],"replies":[{"embeddable":true,"href":"https:\/\/www.europesays.com\/it\/wp-json\/wp\/v2\/comments?post=663935"}],"version-history":[{"count":0,"href":"https:\/\/www.europesays.com\/it\/wp-json\/wp\/v2\/posts\/663935\/revisions"}],"wp:featuredmedia":[{"embeddable":true,"href":"https:\/\/www.europesays.com\/it\/wp-json\/wp\/v2\/media\/663936"}],"wp:attachment":[{"href":"https:\/\/www.europesays.com\/it\/wp-json\/wp\/v2\/media?parent=663935"}],"wp:term":[{"taxonomy":"category","embeddable":true,"href":"https:\/\/www.europesays.com\/it\/wp-json\/wp\/v2\/categories?post=663935"},{"taxonomy":"post_tag","embeddable":true,"href":"https:\/\/www.europesays.com\/it\/wp-json\/wp\/v2\/tags?post=663935"}],"curies":[{"name":"wp","href":"https:\/\/api.w.org\/{rel}","templated":true}]}}