{"id":663959,"date":"2026-09-04T04:03:24","date_gmt":"2026-09-04T04:03:24","guid":{"rendered":"https:\/\/www.europesays.com\/it\/663959\/"},"modified":"2026-09-04T04:03:24","modified_gmt":"2026-09-04T04:03:24","slug":"gp-monza-hamilton-in-ferrari-e-un-nuovo-inizio-abbiamo-tutto-per-vincere","status":"publish","type":"post","link":"https:\/\/www.europesays.com\/it\/663959\/","title":{"rendered":"GP Monza, Hamilton: &#8216;In Ferrari \u00e8 un nuovo inizio, abbiamo tutto per vincere&#8217;"},"content":{"rendered":"<p>Lewis Hamilton ha presentato, nella conferenza del gioved\u00ec di Monza, i temi principali del weekend. Il pilota della Ferrari ha elogiato i progressi della squadra di Maranello: &#8220;Sono davvero molto fiero quando torno in fabbrica e vedo quanto stiano lavorando: rispetto all&#8217;anno scorso \u00e8 un nuovo inizio&#8221;. Lewis ha parlato anche dell&#8217;altro grande protagonista del weekend, Kimi Antonelli: &#8220;Penso che in Italia il tifo sia soprattutto per la Rossa, ma merita quel che sta facendo&#8221;<\/p>\n<p><a href=\"https:\/\/sport.sky.it\/formula-1\/2026\/09\/02\/f1-orari-gp-monza-2026-italia\" rel=\"nofollow noopener\" target=\"_blank\">GUIDA TV<\/a><\/p>\n<p><strong>La Formula 1<\/strong> si prepara per il weekend pi\u00f9 atteso dal pubblico italiano, quello di <strong>Monza<\/strong>. Il gioved\u00ec del GP d&#8217;Italia si \u00e8 aperto con la consueta conferenza stampa dei piloti, a cui ha preso parte anche<strong> Lewis Hamilton<\/strong>. Il pilota della Ferrari ha presentato, davanti ai giornalisti presenti, i temi principali del weekend di Monza, , a cui si presenta <strong>da secondo in classifica nel Mondiale<\/strong> <strong>piloti<\/strong>, a pari merito con Russell e a 59 punti di distacco dal leader Antonelli.<\/p>\n<p>\t\t \tLewis: &#8220;Mi devo ancora abituare a vivere Monza da pilota Ferrari&#8221;<\/p>\n<p><strong>Hamilton <\/strong>ha inaugurato la conferenza esprimendo <strong>grande emozione <\/strong>per la possibilit\u00e0 di <strong>vivere l&#8217;ambiente di Monza con la tuta rossa indosso:<\/strong> \u201cLa sensazione pi\u00f9 bella \u00e8 essere un pilota Ferrari e arrivare qui <strong>nel team pi\u00f9 iconico nel GP di casa della scuderia<\/strong>. E&#8217; il secondo anno ma mi ci devo ancora abituare. Non ho ancora visto la livrea dedicata a Schumi, ma quelle 7 stelle che avremo in vista, come le mie, mi danno una bella sensazione.<strong> Ricordo le domeniche da bambino <\/strong>con le partenze di F1, la sigla che dava l\u2019inizio all\u2019evento\u2026<strong> era bellissimo vedere Michael sulla Rossa<\/strong>. E ai videogiochi sceglievo solo lui. Ora ho la possibilit\u00e0 di vivere quella esperienza da dentro proprio come lui. Un personaggio enorme&#8221;<\/p>\n<p>\u00a0<\/p>\n<p>\t\t\t<a class=\"c-inline-card j-inline-card c-inline-card--with-image\" href=\"https:\/\/sport.sky.it\/formula-1\/2026\/09\/01\/ferrari-livrea-gp-italia-monza-schumacher-foto\" rel=\"follow nofollow noopener\" data-intcmp=\"skysport_articolo_approfondimenti_inline\" target=\"_blank\"><\/p>\n<p>\t\t\t         <img decoding=\"async\" crossorigin=\"anonymous\" alt=\"\"  loading=\"lazy\"  src=\"https:\/\/www.europesays.com\/it\/wp-content\/uploads\/2026\/09\/ferrrari_livrea_monza_2.jpg\"\/><\/p>\n<p>\n\t\t\t         Vedi anche<br \/>\n\t\t\t         Ferrari, ecco la livrea per Monza: c&#8217;\u00e8 un omaggio a Schumacher\n\t\t\t      <\/p>\n<p>\t\t\t<\/a><\/p>\n<p>\t\t\t&#8220;Orgoglioso del lavoro in Ferrari, \u00e8 un nuovo inizio&#8221;<\/p>\n<p>La Rossa si presenta a Monza forte <strong>del nuovo aggiornamento Aduo<\/strong>, che dovrebbe garantire circa 18 cavalli in pi\u00f9 alla monoposto del Cavallino Rampante. A riguardo, Hamilton ha voluto ringraziare la Ferrari per il lavoro svolto in fabbrica a Maranello: &#8220;Speriamo che l\u2019aggiornamento possa aiutare, <strong>sono fiero del lavoro visto fare in fabbrica<\/strong>. C\u2019\u00e8 una concentrazione diversa rispetto allo scorso anno, \u00e8 un nuovo inizio.<strong> C&#8217;\u00e8 strada da fare ma abbiamo tutto per vincere. <\/strong>Non c\u2019ero ai tempi di Schumi in Ferrari per capire come andava allora nel team, ma guardando ad oggi credo che u<strong>n input debba arrivare anche da pilota.<\/strong> Ho spinto per avere tanti cambi che lo scorso anno non era stato possibile avere, <strong>c\u2019\u00e8 voluta anche tanta azione persuasiva da parte mia.<\/strong> Ho lavorato tanto al simulatore con l\u2019obiettivo, venendo da una prospettiva esterna, di crescere. <strong>Sono fiero di aver visto tutti i progressi<\/strong>\u201d.<\/p>\n<p>\t\t\t&#8220;Antonelli merita quel che sta facendo&#8221;<\/p>\n<p>Hamilton ha poi parlato del leader del Mondiale, <strong>Kimi Antonelli<\/strong>, che arriva a Monza guardando tutti dall&#8217;alto. Sul dualismo dei tifosi italiani tra il pilota Mercedes e la Ferrari, Lewis ha detto: &#8220;Antonelli in Ferrari? \u00c8 una possibilit\u00e0, ma ci sono tanti bravi piloti che potrebbero in futuro chance qui e <strong>non credo Wolff lo lasci andare via tanto presto.<\/strong> Penso che in Italia il tifo sia soprattutto per la Rossa: pasta, piazza e Ferrari. La penalit\u00e0? Penso non avr\u00e0 difficolt\u00e0 a raggiungere subito le prime 5-6 posizioni, ma noi dobbiamo concentrassi sulla nostra gara e la spinta dei tifosi. A<strong>ntonelli merita quello che sta facendo e ha un grande team al suo fianco.<\/strong> Bono, che \u00e8 al suo, fianco \u00e8 una persona ostinata, capace e che sa indicargli la strada&#8221;.<\/p>\n<p>    Segui tutti gli aggiornamenti di Sky Sport<\/p>\n<p><a href=\"https:\/\/profile.google.com\/cp\/CgovbS8wNGZfbTN4\" rel=\"nofollow noopener\" target=\"_blank\">&#8211; Segui Sky Sport su Google Discover-<\/a>\u00a0Non perderti live, news e video<\/p>\n<p><a href=\"https:\/\/www.whatsapp.com\/channel\/0029Va3UU8oFi8xatgf6sJ3V\" rel=\"nofollow noopener\" target=\"_blank\">&#8211; WhatsApp &#8211;<\/a>\u00a0Le notizie che devi sapere? Le trovi sul canale di Sky Sport<\/p>\n<p><a href=\"https:\/\/sport.sky.it\/video\/highlights?intcmp=skysport_social-connection_inline_skylights\" rel=\"nofollow noopener\" target=\"_blank\">&#8211; Guarda tutti gli Highlights &#8211;<\/a>\u00a0Entra in SkyLightsRoom<\/p>\n<p><a href=\"https:\/\/www.sky.it\/offerte?intcmp=skysport_social-connection_inline_offerte\" rel=\"nofollow noopener\" target=\"_blank\">&#8211; Offerte Sky &#8211;<\/a>\u00a0Scopri le promozioni disponibili e attivale subito<\/p>\n<p>\u00a0<\/p>\n<p>\t            TAG:<\/p>\n","protected":false},"excerpt":{"rendered":"Lewis Hamilton ha presentato, nella conferenza del gioved\u00ec di Monza, i temi principali del weekend. Il pilota della&hellip;\n","protected":false},"author":3,"featured_media":663960,"comment_status":"","ping_status":"","sticky":false,"template":"","format":"standard","meta":{"footnotes":"","_share_on_mastodon":"0"},"categories":[176],"tags":[120992,368,683,45303,28213,1537,90,89,4043,11307,245,244],"class_list":["post-663959","post","type-post","status-publish","format-standard","has-post-thumbnail","category-sport","tag-conferenza-piloti-f1","tag-ferrari","tag-formula-1","tag-gp-italia","tag-gp-monza","tag-it","tag-italia","tag-italy","tag-kimi-antonelli","tag-lewis-hamiton","tag-sport","tag-sports"],"share_on_mastodon":{"url":"https:\/\/pubeurope.com\/@it\/117210789837911204","error":""},"_links":{"self":[{"href":"https:\/\/www.europesays.com\/it\/wp-json\/wp\/v2\/posts\/663959","targetHints":{"allow":["GET"]}}],"collection":[{"href":"https:\/\/www.europesays.com\/it\/wp-json\/wp\/v2\/posts"}],"about":[{"href":"https:\/\/www.europesays.com\/it\/wp-json\/wp\/v2\/types\/post"}],"author":[{"embeddable":true,"href":"https:\/\/www.europesays.com\/it\/wp-json\/wp\/v2\/users\/3"}],"replies":[{"embeddable":true,"href":"https:\/\/www.europesays.com\/it\/wp-json\/wp\/v2\/comments?post=663959"}],"version-history":[{"count":0,"href":"https:\/\/www.europesays.com\/it\/wp-json\/wp\/v2\/posts\/663959\/revisions"}],"wp:featuredmedia":[{"embeddable":true,"href":"https:\/\/www.europesays.com\/it\/wp-json\/wp\/v2\/media\/663960"}],"wp:attachment":[{"href":"https:\/\/www.europesays.com\/it\/wp-json\/wp\/v2\/media?parent=663959"}],"wp:term":[{"taxonomy":"category","embeddable":true,"href":"https:\/\/www.europesays.com\/it\/wp-json\/wp\/v2\/categories?post=663959"},{"taxonomy":"post_tag","embeddable":true,"href":"https:\/\/www.europesays.com\/it\/wp-json\/wp\/v2\/tags?post=663959"}],"curies":[{"name":"wp","href":"https:\/\/api.w.org\/{rel}","templated":true}]}}