{"id":664002,"date":"2026-09-04T04:35:15","date_gmt":"2026-09-04T04:35:15","guid":{"rendered":"https:\/\/www.europesays.com\/it\/664002\/"},"modified":"2026-09-04T04:35:15","modified_gmt":"2026-09-04T04:35:15","slug":"missione-pastorale-liturgia-abusi-in-vaticano-il-mini-master-per-nuovi-vescovi","status":"publish","type":"post","link":"https:\/\/www.europesays.com\/it\/664002\/","title":{"rendered":"Missione, pastorale, liturgia, abusi: in Vaticano il \u201cmini-master\u201d per nuovi vescovi"},"content":{"rendered":"<p>Da oggi, 2 settembre, fino a gioved\u00ec 10, si terr\u00e0 il Corso annuale di formazione per pastori di recente nomina provenienti dai cinque continenti. Oltre 140 i partecipanti da ogni parte del mondo, divisi nei due percorsi proposti dal Dicastero per i Vescovi e dal Dicastero per l\u2019Evangelizzazione. A conclusione, l\u2019udienza con Papa Leone XIV<\/p>\n<p><b>Salvatore Cernuzio \u2013 Citt\u00e0 del Vaticano<\/b><\/p>\n<p>Si parler\u00e0 di liturgia, di missione, di abusi, di nuove sette, di amministrazione, giustizia e trasparenza, ma anche di sinodalit\u00e0, tribalismo, formazione sacerdotale, crisi del clero e dialogo interreligioso, nel Corso annuale di formazione per nuovi vescovi. Un \u201cmini-master\u201d per i pastori di fresca nomina, appuntamento fisso di ogni settembre sin dal 2000 &#8211; anno della prima edizione per volont\u00e0 di Giovanni Paolo II &#8211; che si propone come spazio per favorire dialogo e conoscenza tra pastori recentemente nominati e provenienti dai contesti ecclesiali, culturali e sociali pi\u00f9 disparati. E anche offrire loro orientamenti per l\u2019esercizio del ministero nelle Chiese particolari.<\/p>\n<p>Al Corso del 2026 partecipano 147 vescovi dai cinque continenti, inclusi Paesi come India, Congo, Papua Nuova Guinea, Zimbabwe, Kirghizistan e Thailandia. 98 sono iscritti al corso organizzato dal Dicastero per i Vescovi sul tema In Cristo, custodi della Magnifica Humanitas in tempi di trasformazione; 49 sono iscritti al corso promosso dal Dicastero per l\u2019Evangelizzazione &#8211; Sezione per la prima evangelizzazione, dal titolo Servitori della Comunione nella Chiesa. Entrambi i corsi \u2013 declinati in varie sessioni guidate dai capi Dicastero della Curia romana o altri vescovi e arcivescovi, oltre a Messe, cene e momenti di \u201cdialogo fraterno\u201d &#8211; prendono il via oggi, mercoled\u00ec 2, e si concluderanno il 10 con l\u2019incontro dei partecipanti con Papa Leone XIV.<\/p>\n<p>     <a href=\"https:\/\/www.vaticannews.va\/it\/papa\/news\/2025-09\/papa-leone-xiv-vescovi-missione-identita-servo-popolo.html\" title=\"Il Papa: il vescovo, un servo che annuncia con coraggio il Vangelo\" rel=\"nofollow noopener\" target=\"_blank\"><\/p>\n<p>        <img decoding=\"async\" src=\"data:image\/gif;base64,R0lGODlhAQABAIAAAAAAAP\/\/\/yH5BAEAAAAALAAAAAABAAEAAAIBRAA7\" data-original=\"https:\/\/www.vaticannews.va\/content\/dam\/vaticannews\/agenzie\/images\/srv\/2025\/09\/11\/2025-09-11-nuovi-vescovi-e-vescovi-dei-paesi-missione\/1757576214528.JPG\/_jcr_content\/renditions\/cq5dam.thumbnail.cropped.500.281.jpeg\" alt=\"Il Papa: il vescovo, un servo che annuncia con coraggio il Vangelo\"\/><\/p>\n<p>      <\/a><\/p>\n<p>\n      Incontrando i presuli ordinati nell\u2019ultimo anno, a Roma per partecipare ai due corsi di formazione in Vaticano, Leone XIV ricorda le tante sfide culturali e sociali che &#8230;\n     <\/p>\n<p><b>Il corso del Dicastero per i Vescovi<\/b> <\/p>\n<p>Pi\u00f9 nel dettaglio, il corso del Dicastero per i Vescovi vede come primo appuntamento in programma, questa sera, una relazione del cardinale Arthur Roche, prefetto del Dicastero per il Culto divino e la Disciplina dei Sacramenti.\u00a0Domattina, si terr\u00e0 invece l\u2019intervento del cardinale Claudio Gugerotti, prefetto delle Chiese orientali, sul ministero episcopale, e quello sulla liturgia di monsignor Vittorio Viola, segretario del Culto divino. Nel pomeriggio, circoli minori divisi in gruppi linguistici e incontro coi superiori del Dicastero.<\/p>\n<p>Il giorno dopo, 4 settembre, ci sar\u00e0 una riflessione di monsignor Luis Javier Arg\u00fcello Garc\u00eda, presidente della Conferenza Episcopale spagnola, sulla missione del pastore negli ambiti di famiglia e societ\u00e0. La sessione pomeridiana tratter\u00e0 il tema della\u00a0tutela dei minori, della cultura della prevenzione e della gestione dei casi di abusi. Relatore sar\u00e0 monsignor Thibault Verny, presidente della Pontificia Commissione Tutela minorum. In serata, infine, l\u2019intervento del cardinale segretario di Stato, Pietro Parolin, sull\u2019operato della Santa Sede nel mondo globalizzato e la pace. La giornata di sabato 5 settembre sar\u00e0 scandita dalla relazione del cardinale Jos\u00e9 Tolentino da Mendon\u00e7a, prefetto del Dicastero per la Cultura e l\u2019Educazione, sui \u201ccambiamenti culturali\u201d odierni, e da quella del penitenziere maggiore, il cardinale Angelo De Donatis, sul foro interno.<\/p>\n<p><b>Il corso del Dicastero per l\u2019Evangelizzazione<\/b> <\/p>\n<p>Per quanto riguarda il corso di formazione per i vescovi appartenenti alle circoscrizioni ecclesiastiche affidate al Dicastero per l\u2019Evangelizzazione, si svolger\u00e0 presso il Pontificio Collegio Missionario San Pietro Apostolo. I lavori inizieranno effettivamente domani, 3 settembre, con una sessione dedicata alla conoscenza del Dicastero per l\u2019Evangelizzazione e al suo servizio alle Chiese nei territori di missione. Il cardinale Luis Antonio G. Tagle far\u00e0 \u2018gli onori di casa\u2019, mentre l\u2019arcivescovo segretario Fortunatus Nwachukwu proporr\u00e0 una relazione sui temi di \u201ctribalismo, castismo, razzismo e regionalismo esclusivo nella Chiesa contemporanea\u201d. Nel pomeriggio, padre Joseph Koonamparampil, collaboratore e consultore del Dicastero, interverr\u00e0 su \u201cdisciplina del clero, vita consacrata e amministrazione patrimoniale\u201d. Poi monsignor Erwin Balagapo, sottosegretario, affronter\u00e0 il tema delle associazioni dei fedeli, e l\u2019officiale padre Anton Paul Padinjarathala, si soffermer\u00e0 su questioni riguardanti la vita consacrata nella Chiesa missionaria.<\/p>\n<p>Fede e inculturazione \u00e8 il tema della giornata del 4 settembre, con il cardinale George Jacob Koovakad, prefetto del Dicastero per il Dialogo Interreligioso, che interverr\u00e0 sul Dialogo interreligioso nel contesto attuale. L\u2019arcivescovo Aurelio Garc\u00eda Mac\u00edas, sottosegretario del Dicastero per il Culto Divino, terr\u00e0 una relazione su continuit\u00e0 e novit\u00e0 nella liturgia nel contesto della prima evangelizzazione. In serata il cardinale Kurt Koch, prefetto del Dicastero per la Promozione dell\u2019Unit\u00e0 dei Cristiani, concluder\u00e0 l\u2019appuntamento parlando del Fenomeno delle sette e nuovi movimenti religiosi. La giornata di sabato 5 settembre sar\u00e0 dedicata invece alla competenza giuridica nel governo episcopale. L\u2019arcivescovo Anthony Randazzo, prefetto del Dicastero per i Testi Legislativi, parler\u00e0 delle strutture diocesane di comunione e collaborazione e dei tribunali; dal canto suo, l\u2019arcivescovo John Joseph Kennedy, segretario per la Sezione disciplinare del Dicastero per la Dottrina della Fede, interverr\u00e0 sul modo di affrontare i casi riguardanti delicta graviora. Nel pomeriggio, l\u2019arcivescovo Dario Gervasi e la dottoressa Gabriella Gambino, rispettivamente segretario e sotto-segretario del Dicastero per Laici, Famiglia e Vita, proporranno una riflessione su accompagnamento e formazione nella cura pastorale del Popolo di Dio.<\/p>\n<p>     <a href=\"https:\/\/www.vaticannews.va\/it\/papa\/news\/2026-06\/leonexiv-ai-vescovi-delle-isole-canarie.html\" title=\"Leone XIV: aggrappati alla Croce per navigare il mare turbolento di questo secolo\" rel=\"nofollow noopener\" target=\"_blank\"><\/p>\n<p>        <img decoding=\"async\" src=\"data:image\/gif;base64,R0lGODlhAQABAIAAAAAAAP\/\/\/yH5BAEAAAAALAAAAAABAAEAAAIBRAA7\" data-original=\"https:\/\/www.vaticannews.va\/content\/dam\/vaticannews\/agenzie\/images\/srv\/2026\/06\/11\/2026-06-11-viaggio-apostolico-in-spagna---incontro-con-i-vescovi\/1781187063340.JPG\/_jcr_content\/renditions\/cq5dam.thumbnail.cropped.500.281.jpeg\" alt=\"Leone XIV: aggrappati alla Croce per navigare il mare turbolento di questo secolo\"\/><\/p>\n<p>      <\/a><\/p>\n<p>\n      Nella cattedrale di Sant\u2019Anna, a Las Palmas, terza tappa del suo viaggio apostolico in Spagna, il Papa incontra i vescovi, i sacerdoti, i diaconi, i religiosi e le religiose, i &#8230;\n     <\/p>\n<p>Pellegrinaggio ad Assisi e sessione comune all&#8217;Urbaniana <\/p>\n<p>La domenica giornata libera per tutti con la possibilit\u00e0 di partecipare ad un pellegrinaggio ad Assisi in occasione dell\u2019Anno giubilare per gli 800 anni del transito di San Francesco. I lavori riprenderanno il 7 settembre presso la Pontificia Universit\u00e0 Urbaniana con la sessione comune dei partecipanti ai due corsi. Al cardinale Michael Czerny, prefetto emerito del Dicastero per il Servizio dello Sviluppo Umano Integrale, \u00e8 affidata la presentazione dell\u2019enciclica di Papa Leone XIV, Magnifica humanitas. Nel pomeriggio, il cardinale Mario Grech, segretario generale del Sinodo dei Vescovi, e il cardinale Roberto Repole, arcivescovo di Torino, approfondiranno la questione della \u201cecclesiologia sinodale\u201d.<\/p>\n<p>Nella festa della Nativit\u00e0 della Beata Vergine Maria, l\u20198 settembre, tutti i neo-vescovi si trasferiranno a Santa Maria Maggiore per la messa presieduta dal cardinale Baldassare Reina, vicario per la Diocesi di Roma. Di nuovo all\u2019Urbaniana, il corso riprender\u00e0 con gli interventi dei cardinali Tagle e You Heung-sik, prefetto del Clero, sulla formazione sacerdotale nel contesto odierno. La sessione pomeridiana \u00e8 incentrata invece sul legame missionario con la Santa Sede (Obolo di San Pietro, canone 1271 e Pontificie Opere Missionarie). Interverranno il prefetto Iannone, seguito dall\u2019arcivescovo Samuele Sangalli, segretario aggiunto per l\u2019Amministrazione del Dicastero per l\u2019Evangelizzazione, e da padre Tadeusz Nowak, segretario generale della Pontificia Opera della Propagazione della Fede. Mercoled\u00ec 9 settembre, monsignor Peter Beer, docente dell\u2019Istituto di Antropologia della Gregoriana, parler\u00e0 della gestione delle \u201ccrisi\u201d nel clero, mentre padre Hans Zollner, preside dell\u2019Istituto di Antropologia dello stesso Ateneo, analizzer\u00e0 la tematica della responsabilit\u00e0 delle Chiese per \u201cla protezione\u201d di minori e adulti vulnerabili. Lo stesso Istituto di Antropologia guider\u00e0 il laboratorio del pomeriggio, articolato in gruppi linguistici.<\/p>\n<p><b>L\u2019incontro con il Papa<\/b> <\/p>\n<p>A conclusione del percorso, infine, gioved\u00ec 10 settembre, messa e venerazione delle reliquie dell\u2019Apostolo nella Basilica di San Pietro, presieduta dal cardinale arciprete Mauro Gambetti, e l\u2019udienza da Papa Leone XIV, culmine di queste giornate di formazione, preghiera e fraternit\u00e0.<\/p>\n<p>\u00a0<\/p>\n","protected":false},"excerpt":{"rendered":"Da oggi, 2 settembre, fino a gioved\u00ec 10, si terr\u00e0 il Corso annuale di formazione per pastori di&hellip;\n","protected":false},"author":3,"featured_media":664003,"comment_status":"","ping_status":"","sticky":false,"template":"","format":"standard","meta":{"footnotes":"","_share_on_mastodon":"0"},"categories":[160],"tags":[14832,44486,1059,14,74992,164,165,35197,174024,277442,77888,166,7,15,1358,31268,1327,11,167,12,168,1329,27475,161,162,163],"class_list":["post-664002","post","type-post","status-publish","format-standard","has-post-thumbnail","category-mondo","tag-abusi","tag-cardinali","tag-chiesa-cattolica","tag-cronaca","tag-curia-romana","tag-dal-mondo","tag-dalmondo","tag-dicastero","tag-liturgia","tag-magnifica-humanitas","tag-missionari","tag-mondo","tag-news","tag-notizie","tag-papa-leone-xiv","tag-pastorale","tag-santa-sede","tag-ultime-notizie","tag-ultime-notizie-di-mondo","tag-ultimenotizie","tag-ultimenotiziedimondo","tag-vaticano","tag-vescovi","tag-world","tag-world-news","tag-worldnews"],"share_on_mastodon":{"url":"https:\/\/pubeurope.com\/@it\/117210914836435496","error":""},"_links":{"self":[{"href":"https:\/\/www.europesays.com\/it\/wp-json\/wp\/v2\/posts\/664002","targetHints":{"allow":["GET"]}}],"collection":[{"href":"https:\/\/www.europesays.com\/it\/wp-json\/wp\/v2\/posts"}],"about":[{"href":"https:\/\/www.europesays.com\/it\/wp-json\/wp\/v2\/types\/post"}],"author":[{"embeddable":true,"href":"https:\/\/www.europesays.com\/it\/wp-json\/wp\/v2\/users\/3"}],"replies":[{"embeddable":true,"href":"https:\/\/www.europesays.com\/it\/wp-json\/wp\/v2\/comments?post=664002"}],"version-history":[{"count":0,"href":"https:\/\/www.europesays.com\/it\/wp-json\/wp\/v2\/posts\/664002\/revisions"}],"wp:featuredmedia":[{"embeddable":true,"href":"https:\/\/www.europesays.com\/it\/wp-json\/wp\/v2\/media\/664003"}],"wp:attachment":[{"href":"https:\/\/www.europesays.com\/it\/wp-json\/wp\/v2\/media?parent=664002"}],"wp:term":[{"taxonomy":"category","embeddable":true,"href":"https:\/\/www.europesays.com\/it\/wp-json\/wp\/v2\/categories?post=664002"},{"taxonomy":"post_tag","embeddable":true,"href":"https:\/\/www.europesays.com\/it\/wp-json\/wp\/v2\/tags?post=664002"}],"curies":[{"name":"wp","href":"https:\/\/api.w.org\/{rel}","templated":true}]}}