{"id":664004,"date":"2026-09-04T04:36:17","date_gmt":"2026-09-04T04:36:17","guid":{"rendered":"https:\/\/www.europesays.com\/it\/664004\/"},"modified":"2026-09-04T04:36:17","modified_gmt":"2026-09-04T04:36:17","slug":"cinquanta-euro-al-giorno-per-8-ore-di-lavoro-le-scarpe-antinfortunistiche-le-compri-tu-lannuncio-del-supermercato-diventa-virale","status":"publish","type":"post","link":"https:\/\/www.europesays.com\/it\/664004\/","title":{"rendered":"\u00abCinquanta euro al giorno per 8 ore di lavoro, le scarpe antinfortunistiche le compri tu\u00bb. L&#8217;annuncio del supermercato diventa virale"},"content":{"rendered":"<p><strong>CONEGLIANO<\/strong> &#8211; L\u2019offerta di lavoro per un ruolo di promoter pubblicata da una societ\u00e0 lombarda in un noto social coneglianese, per un punto vendita della grande distribuzione situato a <a href=\"https:\/\/www.ilmessaggero.it\/t\/conegliano\" rel=\"nofollow noopener\" target=\"_blank\">Conegliano<\/a>, ha sollevato un acceso dibattito sulla dignit\u00e0 del lavoro e sulla retribuzione. La proposta prevede due giornate di attivit\u00e0, l&#8217;11 e il 12 di settembre (venerd\u00ec e sabato), con un orario spezzato che va dalle 9 alle 13.00 e dalle 15.00 alle 19, per un totale di otto ore lavorative giornaliere. Il compito del promoter consiste nell&#8217;allestire un banchetto promozionale nel reparto ortofrutta, offrendo degustazioni ai clienti, spingendo sulla tentata vendita e distribuendo gadget promozionali. Come requisito fondamentale, l&#8217;annuncio richiede l&#8217;utilizzo obbligatorio di scarpe antinfortunistiche a carico del promoter.<\/p>\n<p>50 euro al giorno per 8 ore di lavoro <\/p>\n<p>Il compenso stabilito \u00e8 di <strong>50 euro netti al giorno<\/strong>, con un sistema di pagamento tramite bonifico bancario fissato a ventisette giorni del mese successivo, il che significa che chi lavora a met\u00e0 settembre vedr\u00e0 i propri soldi soltanto alla fine del mese di ottobre. Da precisare che in alcune piattaforme specializzate, nello stesso annuncio con l&#8217;offerta per il ruolo di promoter il compenso viene indicato \u201cda 50 euro\u201d. In molti si sono chiesti a che cosa servano le scarpe antinfortunistiche, considerato che si lavora in un supermercato e non un reparto produttivo o in un cantiere. Il responsabile del reparto spiega che \u00able scarpe antinfortunistiche sono un dispositivo di protezione obbligatorio per tutti coloro che lavorano nel nostro punto vendita, anche se sono dipendenti di societ\u00e0 esterne, come nel caso dei promoter. \u00c8 un obbligo non per burocrazia, bens\u00ec un dispositivo di protezione individuale obbligatorio per chiunque si muova all&#8217;interno dell&#8217;area di vendita e del magazzino, soprattutto in presenza di transpallet e bancali in movimento che possono causare gravi infortuni. Tutti coloro che vengono a lavorare qui, che siano esterni o esterni, devono registrarsi sul nostro apposito portale e devono rispettare le regole sulla sicurezza fissate dall&#8217;azienda\u00bb. Ribadisce inoltre che i promoter non sono assolutamente dipendenti diretti del supermercato, ma fanno capo a societ\u00e0 terze che gestiscono il personale per conto di numerosi brand.<\/p>\n<p>Il dibattito <\/p>\n<p>Queste condizioni e il compenso proposto hanno fatto esplodere il disappunto di chi vive quotidianamente il mercato del lavoro precario, espresso in veementi commenti nella pagina social. \u201cSe devi comprarti anche le scarpe antinfortunistica quasi tutti i soldi del tuo lavoro se ne vanno cos\u00ec\u201d uno dei commenti<\/p>\n<p>Il sindacato <\/p>\n<p>\u00abLa persona che ha pubblicato l\u2019annuncio si \u00e8 esposta, forse per un eccesso di ingenuit\u00e0 \u2013 commenta Roberto Toigo, segretario generale della Uil Veneto &#8211; A noi, oltre al compenso particolarmente basso, preoccupa che probabilmente esistono decine, centinaia di offerte cos\u00ec: vuol dire che si d\u00e0 per assodato che questo sia il trattamento da riservare anche per i lavori occasionali. Bene che la vicenda sia venuta a galla, \u00e8 esattamente il tema della nostra campagna nazionale \u201cStop ai lavoratori fantasma\u201d: fatti come questi devono emergere e far capire che la strada maestra \u00e8 quella dell\u2019applicazione dei contratti nazionali\u00bb. Va detto al contempo che in genere questo tipo di attivit\u00e0 \u00e8 normato come prestazione occasionale, con un compenso forfettario, non orario. L&#8217;annuncio poi \u00e8 per l&#8217;offerta di un ruolo, non vi \u00e8 obbligo alcuno. Da riflettere anche sul fatto che i dispositivi di protezione individuale, come le scarpe antinfortunistica, dovrebbero essere forniti dal datore di lavoro. Il tutto nell&#8217;ambito della discussione, a livello nazionale, in merito al salario minimo che oggi non c&#8217;\u00e8.<\/p>\n<p>&#13;<br \/>\n                                \u00a9 RIPRODUZIONE RISERVATA&#13;<\/p>\n<p>&#13;<\/p>\n<p>\n                            Il punto serale sulle notizie del giorno<br \/>\n                            <b>Iscriviti<\/b> e ricevi le notizie via email\n                        <\/p>\n","protected":false},"excerpt":{"rendered":"CONEGLIANO &#8211; L\u2019offerta di lavoro per un ruolo di promoter pubblicata da una societ\u00e0 lombarda in un noto&hellip;\n","protected":false},"author":3,"featured_media":664005,"comment_status":"","ping_status":"","sticky":false,"template":"","format":"standard","meta":{"footnotes":"","_share_on_mastodon":"0"},"categories":[79],"tags":[365575,365906,10065,14,93,94,1537,90,89,190,7,15,14582,243,11,84,91,12,85,92],"class_list":["post-664004","post","type-post","status-publish","format-standard","has-post-thumbnail","category-italia","tag-annuncio-di-lavoro","tag-annuncio-lavoro","tag-conegliano","tag-cronaca","tag-cronaca-italiana","tag-cronacaitaliana","tag-it","tag-italia","tag-italy","tag-lavoro","tag-news","tag-notizie","tag-supermercato","tag-ultima-ora","tag-ultime-notizie","tag-ultime-notizie-e-news-di-oggi","tag-ultime-notizie-italia","tag-ultimenotizie","tag-ultimenotizieenewsdioggi","tag-ultimenotizieitalia"],"share_on_mastodon":{"url":"https:\/\/pubeurope.com\/@it\/117210918728427317","error":""},"_links":{"self":[{"href":"https:\/\/www.europesays.com\/it\/wp-json\/wp\/v2\/posts\/664004","targetHints":{"allow":["GET"]}}],"collection":[{"href":"https:\/\/www.europesays.com\/it\/wp-json\/wp\/v2\/posts"}],"about":[{"href":"https:\/\/www.europesays.com\/it\/wp-json\/wp\/v2\/types\/post"}],"author":[{"embeddable":true,"href":"https:\/\/www.europesays.com\/it\/wp-json\/wp\/v2\/users\/3"}],"replies":[{"embeddable":true,"href":"https:\/\/www.europesays.com\/it\/wp-json\/wp\/v2\/comments?post=664004"}],"version-history":[{"count":0,"href":"https:\/\/www.europesays.com\/it\/wp-json\/wp\/v2\/posts\/664004\/revisions"}],"wp:featuredmedia":[{"embeddable":true,"href":"https:\/\/www.europesays.com\/it\/wp-json\/wp\/v2\/media\/664005"}],"wp:attachment":[{"href":"https:\/\/www.europesays.com\/it\/wp-json\/wp\/v2\/media?parent=664004"}],"wp:term":[{"taxonomy":"category","embeddable":true,"href":"https:\/\/www.europesays.com\/it\/wp-json\/wp\/v2\/categories?post=664004"},{"taxonomy":"post_tag","embeddable":true,"href":"https:\/\/www.europesays.com\/it\/wp-json\/wp\/v2\/tags?post=664004"}],"curies":[{"name":"wp","href":"https:\/\/api.w.org\/{rel}","templated":true}]}}