{"id":664036,"date":"2026-09-04T05:02:12","date_gmt":"2026-09-04T05:02:12","guid":{"rendered":"https:\/\/www.europesays.com\/it\/664036\/"},"modified":"2026-09-04T05:02:12","modified_gmt":"2026-09-04T05:02:12","slug":"scudo-europeo-contro-mosca-vertice-in-germania-francia-e-polonia-difendersi-dagli-attacchi-ibridi","status":"publish","type":"post","link":"https:\/\/www.europesays.com\/it\/664036\/","title":{"rendered":"Scudo europeo contro Mosca, vertice in Germania. Francia e Polonia: difendersi dagli attacchi ibridi"},"content":{"rendered":"<p> Vladimir Putin: da Kiev \u201cterrorismo di Stato\u201d che \u201ccomplica la possibilit\u00e0 di colloqui di pace\u201d <\/p>\n<p>I contatti tra Russia e Ucraina continuano, soprattutto tramite i servizi di intelligence. Lo ha affermato il presidente russo Vladimir Putin intervenendo alla sessione plenaria dell&#8217;Eastern Economic Forum di Vladivostok.<\/p>\n<p>&#8220;In effetti, i contatti esistono. Proseguono anche nelle modalit\u00e0 attuali, principalmente attraverso i servizi speciali&#8221;, ha dichiarato Putin.<\/p>\n<p>Il presidente russo ha tuttavia sostenuto che quelle che Mosca considera manifestazioni di &#8220;terrorismo di Stato&#8221; da parte di Kiev rendono pi\u00f9 difficile il raggiungimento di una soluzione pacifica del conflitto. Putin ha fatto riferimento alle minacce attribuite al presidente ucraino Volodimir Zelensky contro gli aerei civili nello spazio aereo russo.<\/p>\n<p>&#8220;Abbiamo appena sentito parlare di minacce di attacchi contro aerei civili, il che \u00e8 naturalmente una manifestazione di terrorismo di Stato. E questo complica, naturalmente, la possibilit\u00e0 di tenere colloqui di pace bilaterali&#8221;, ha affermato, citando anche il sequestro di una nave russa da parte della Norvegia. Secondo Putin, gli alleati occidentali dell&#8217;Ucraina che restano in silenzio di fronte a questi episodi diventano &#8220;complici del terrorismo internazionale&#8221;.<\/p>\n<p>Il presidente russo ha inoltre sostenuto che Mosca \u00e8 stata costretta a rispondere &#8220;in modo simmetrico&#8221; agli attacchi ucraini contro obiettivi civili sul territorio russo.<\/p>\n<p>&#8220;Partivamo dal presupposto che si trattasse di obiettivi puramente civili, che non potessero essere bersaglio di alcun attacco, nemmeno nelle condizioni di un conflitto armato. Ma su questo ci sbagliavamo&#8221;, ha dichiarato Putin. &#8220;Il nostro avversario, purtroppo, la pensa diversamente e ha cominciato a colpire questi obiettivi puramente civili. Come potete vedere, siamo stati costretti a rispondere in modo simmetrico&#8221;.<\/p>\n<p>Rispondendo a una domanda su come prevenire gli attacchi contro le infrastrutture civili russe, Putin ha affermato che &#8220;finch\u00e9 \u00e8 in corso l&#8217;operazione militare speciale, c&#8217;\u00e8 una sola risposta: rafforzare il sistema di difesa aerea&#8221;. Secondo il presidente, le imprese russe stanno gi\u00e0 potenziando i propri sistemi di sicurezza e i risultati cominciano a essere visibili.<\/p>\n<p>Putin ha poi sostenuto che le forze ucraine stiano subendo pesanti perdite. &#8220;Le perdite del nemico aumentano ogni mese. Le perdite superano il numero degli uomini arruolati attraverso la mobilitazione forzata e di quelli che rientrano dagli ospedali&#8221;, ha dichiarato. &#8220;Ogni mese perdono tra 8000 e 12000 persone&#8221;.<\/p>\n<p>Il presidente russo ha inoltre escluso la necessit\u00e0 di una nuova mobilitazione in Russia. &#8220;Oggi non esiste alcuno scenario che richieda una mobilitazione&#8221;, ha affermato, definendo le indiscrezioni su una nuova chiamata alle armi &#8220;attacchi informativi&#8221; contro Mosca.<\/p>\n<p>&#8220;In Russia, come sappiamo, le persone firmano volontariamente il reclutamento. \u00c8 diverso da quello che accade in Ucraina&#8221;, ha sostenuto Putin. &#8220;L\u00ec, come vediamo ogni giorno in televisione e su Internet, le persone vengono catturate come cani randagi e trascinate con la forza al fronte&#8221;.<\/p>\n<p>Infine, il presidente russo ha affermato che l&#8217;avanzata delle truppe di Mosca in Ucraina sta accelerando.<\/p>\n<p>&#8220;Negli ultimi tempi il ritmo dell&#8217;avanzata \u00e8 aumentato&#8221;, ha dichiarato. &#8220;Avanziamo ogni giorno e in tutte le direzioni&#8221;.<\/p>\n","protected":false},"excerpt":{"rendered":"Vladimir Putin: da Kiev \u201cterrorismo di Stato\u201d che \u201ccomplica la possibilit\u00e0 di colloqui di pace\u201d I contatti tra&hellip;\n","protected":false},"author":3,"featured_media":664037,"comment_status":"","ping_status":"","sticky":false,"template":"","format":"standard","meta":{"footnotes":"","_share_on_mastodon":"0"},"categories":[160],"tags":[14,164,165,166,7,15,11,167,12,168,161,162,163],"class_list":["post-664036","post","type-post","status-publish","format-standard","has-post-thumbnail","category-mondo","tag-cronaca","tag-dal-mondo","tag-dalmondo","tag-mondo","tag-news","tag-notizie","tag-ultime-notizie","tag-ultime-notizie-di-mondo","tag-ultimenotizie","tag-ultimenotiziedimondo","tag-world","tag-world-news","tag-worldnews"],"share_on_mastodon":{"url":"https:\/\/pubeurope.com\/@it\/117211021007285324","error":""},"_links":{"self":[{"href":"https:\/\/www.europesays.com\/it\/wp-json\/wp\/v2\/posts\/664036","targetHints":{"allow":["GET"]}}],"collection":[{"href":"https:\/\/www.europesays.com\/it\/wp-json\/wp\/v2\/posts"}],"about":[{"href":"https:\/\/www.europesays.com\/it\/wp-json\/wp\/v2\/types\/post"}],"author":[{"embeddable":true,"href":"https:\/\/www.europesays.com\/it\/wp-json\/wp\/v2\/users\/3"}],"replies":[{"embeddable":true,"href":"https:\/\/www.europesays.com\/it\/wp-json\/wp\/v2\/comments?post=664036"}],"version-history":[{"count":0,"href":"https:\/\/www.europesays.com\/it\/wp-json\/wp\/v2\/posts\/664036\/revisions"}],"wp:featuredmedia":[{"embeddable":true,"href":"https:\/\/www.europesays.com\/it\/wp-json\/wp\/v2\/media\/664037"}],"wp:attachment":[{"href":"https:\/\/www.europesays.com\/it\/wp-json\/wp\/v2\/media?parent=664036"}],"wp:term":[{"taxonomy":"category","embeddable":true,"href":"https:\/\/www.europesays.com\/it\/wp-json\/wp\/v2\/categories?post=664036"},{"taxonomy":"post_tag","embeddable":true,"href":"https:\/\/www.europesays.com\/it\/wp-json\/wp\/v2\/tags?post=664036"}],"curies":[{"name":"wp","href":"https:\/\/api.w.org\/{rel}","templated":true}]}}