{"id":664044,"date":"2026-09-04T05:13:20","date_gmt":"2026-09-04T05:13:20","guid":{"rendered":"https:\/\/www.europesays.com\/it\/664044\/"},"modified":"2026-09-04T05:13:20","modified_gmt":"2026-09-04T05:13:20","slug":"van-eetvelt-passa-alla-nsn","status":"publish","type":"post","link":"https:\/\/www.europesays.com\/it\/664044\/","title":{"rendered":"VAN EETVELT PASSA ALLA NSN"},"content":{"rendered":"<p>La <strong>NSN Cycling Team<\/strong> rinforza il proprio organico con un corridore dalle grandi potenzialit\u00e0 come <strong>Lennert Van Eetvelt<\/strong>: il belga ha firmato un contratto di tre anni dal 2027 fino al 2029 e rivestir\u00e0 un ruolo apicale nella compagine con licenza elvetica. L&#8217;ex-vincitore dell&#8217;UAE Tour e Tour de Guangxi 2024 lascia la\u00a0Lotto Intermarch\u00e9 dopo sette anni, cercando di ritornare ai vertici e di mettersi alle spalle i numerosi infortuni e cadute che hanno costellato gli ultimi due anni. Il direttore generale della NSN, Kjell Carlstr\u00f6m, ha accompagnato <a href=\"https:\/\/nsncyclingteam.com\/lennert-van-eetvelt-to-take-on-leadership-role-at-nsn-cycling-team\/\" target=\"_blank\" rel=\"noopener nofollow\">l&#8217;annuncio<\/a> dichiarando che: \u00abLennert Van Eetvelt \u00e8 un corridore che seguiamo da vicino da anni e siamo molto lieti di dargli il benvenuto in squadra. Ha gi\u00e0 dimostrato di saper vincere a livello WorldTour, soprattutto nelle impegnative corse a tappe, e crediamo che possa continuare a crescere con noi nelle prossime stagioni\u00bb.\n            <\/p>\n<p>Ruolo da leader alla NSN Cycling Team<\/p>\n<p>Van Eetvelt si accasa dunque alla NSN per le prossime tre stagioni cercando di sfruttare il suo indubbio potenziale sia in salita sia negli arrivi ristretti, qualit\u00e0 che hanno illuminato la stagione 2024 (la migliore in carriera, finora), ma che sono state offuscate da cadute e infortuni vari negli ultimi due anni. \u00abCi\u00f2 che spicca non \u00e8 solo la sua abilit\u00e0 in salita, ma anche il suo modo di correre. \u00c8 pronto a cogliere le opportunit\u00e0 quando si presentano e ha dimostrato di poter chiudere le corse anche contro avversari forti. Che si tratti di puntare alla classifica generale nelle corse a tappe, alle classiche delle Ardenne o di dimostrare il suo valore in montagna nei Grandi Giri, siamo entusiasti di vedere cosa Lennert potr\u00e0 fare con i colori della NSN\u00bb, ha dichiarato sempre Carlstr\u00f6m.\n            <\/p>\n<p><\/p>\n<blockquote class=\"twitter-tweet\">\n<p lang=\"en\" dir=\"ltr\">\u270d\ufe0f Bolstering our GC ambitions with Belgian <a href=\"https:\/\/x.com\/LennertVEetvelt?ref_src=twsrc%5Etfw\" rel=\"nofollow\">@LennertVEetvelt<\/a>! <\/p>\n<p>The UAE Tour and Tour of Guangxi winner joins us on a three-year contract through to 2029 \ud83d\udc4f<a href=\"https:\/\/x.com\/hashtag\/WeAreNSN?src=hash&amp;ref_src=twsrc%5Etfw\" rel=\"nofollow\">#WeAreNSN<\/a> <a href=\"https:\/\/x.com\/hashtag\/ForFin?src=hash&amp;ref_src=twsrc%5Etfw\" rel=\"nofollow\">#ForFin<\/a> I <a href=\"https:\/\/x.com\/weare_NSN?ref_src=twsrc%5Etfw\" rel=\"nofollow\">@weare_nsn<\/a> <a href=\"https:\/\/t.co\/nR4gKLchPe\" rel=\"nofollow\">pic.twitter.com\/nR4gKLchPe<\/a><\/p>\n<p>\u2014 NSN Cycling Team (@NSNCyclingTeam) <a href=\"https:\/\/x.com\/NSNCyclingTeam\/status\/2095436856254931041?ref_src=twsrc%5Etfw\" rel=\"nofollow\">September 3, 2026<\/a><\/p><\/blockquote>\n<p>Dal canto proprio, il corridore ha affermato che: \u00abCercavo un ambiente internazionale e professionale per fare il passo successivo nella mia carriera. NSN mi \u00e8 sembrata la scelta perfetta, quindi non vedo l&#8217;ora di unirmi al team e vedere cosa potremo fare insieme nei prossimi tre anni.\u00a0Voglio vincere pi\u00f9 gare, qualunque esse siano. Conosco le mie capacit\u00e0 e voglio costruire il palmar\u00e8s pi\u00f9 solido possibile, quindi spero di partire alla grande nel 2027. Sono fiducioso di aver fatto la scelta giusta e insieme vinceremo delle gare\u00bb.<\/p>\n<p>Il saluto della Lotto<\/p>\n<p>Pochi minuti prima dell&#8217;annuncio della NSN \u00e8 arrivato il <strong>commiato della Lotto Intermarch\u00e9<\/strong>, che ha pubblicato sui canali social un post condito da un video che omaggia Van Eetvelt, ricordando i sette anni assieme al belga, arrivato diciannovenne nel team U23 e quindi sbocciato con prestigiose vittorie nel WorldTour: \u00abnei momenti di successo e in quelli difficili, abbiamo vissuto ogni tappa del tuo cammino verso il successo con incrollabile fiducia nel tuo potenziale\u00bb. Ricordiamo come anche l&#8217;altra punta di diamante del team, Arnaud De Lie, <a href=\"https:\/\/www.tuttobiciweb.it\/article\/1786964154\" rel=\"nofollow noopener\" target=\"_blank\">cambier\u00e0 casacca dal 2027 passando alla Tudor<\/a>.<\/p>\n<blockquote class=\"twitter-tweet\">\n<p lang=\"en\" dir=\"ltr\">Thank you, Lennert Van Eetvelt \ud83e\udef6<\/p>\n<p>The young man who joined <a href=\"https:\/\/x.com\/LottoWanty?ref_src=twsrc%5Etfw\" rel=\"nofollow\">@lottowanty<\/a> in 2020 became a winner. A multiple WorldTour stage race winner.<\/p>\n<p>The highs, the lows, we lived every step of your road to success with unwavering trust in your potential.<\/p>\n<p>As we say goodbye after 7 years, we\u2026 <a href=\"https:\/\/t.co\/9xMiLkSWV4\" rel=\"nofollow\">pic.twitter.com\/9xMiLkSWV4<\/a><\/p>\n<p>\u2014 Lotto-Intermarch\u00e9 (@LottoIntermarch) <a href=\"https:\/\/x.com\/LottoIntermarch\/status\/2095421058476130669?ref_src=twsrc%5Etfw\" rel=\"nofollow\">September 3, 2026<\/a><\/p><\/blockquote>\n<p>Cos\u00ec come nel 2025, anche quest&#8217;anno Van Eetvelt non ha ancora ottenuto vittorie, ma si \u00e8 piazzato al sesto posto della classifica generale UAE Tour e soprattutto al <a href=\"https:\/\/www.tuttobiciweb.it\/article\/2026\/08\/16\/1786903390\/arctic-race-of-norway-2026-christophersen-silva-parole\" rel=\"nofollow noopener\" target=\"_blank\">secondo dell&#8217;Artic Race of Norway<\/a>, vedendo un po&#8217; di luce dopo il tunnel dei tanti infortuni degli ultimi 24 mesi tra fratture al piede come nel 2025, alla mano come <a href=\"https:\/\/www.tuttobiciweb.it\/article\/1779316264\" rel=\"nofollow noopener\" target=\"_blank\">allo scorso Giro d&#8217;Italia<\/a> e al costato come al Tour de France.\u00a0<\/p>\n<p><script async src=\"https:\/\/platform.twitter.com\/widgets.js\" charset=\"utf-8\"><\/script><\/p>\n","protected":false},"excerpt":{"rendered":"La NSN Cycling Team rinforza il proprio organico con un corridore dalle grandi potenzialit\u00e0 come Lennert Van Eetvelt:&hellip;\n","protected":false},"author":3,"featured_media":664045,"comment_status":"","ping_status":"","sticky":false,"template":"","format":"standard","meta":{"footnotes":"","_share_on_mastodon":"0"},"categories":[1456],"tags":[1824,18904,6693,1825,1537,90,89,29306,133335,245,244],"class_list":["post-664044","post","type-post","status-publish","format-standard","has-post-thumbnail","category-ciclismo","tag-ciclismo","tag-ciclomercato","tag-contratto","tag-cycling","tag-it","tag-italia","tag-italy","tag-lennert-van-eetvelt","tag-nsn-cycling-team","tag-sport","tag-sports"],"share_on_mastodon":{"url":"https:\/\/pubeurope.com\/@it\/117211064020569710","error":""},"_links":{"self":[{"href":"https:\/\/www.europesays.com\/it\/wp-json\/wp\/v2\/posts\/664044","targetHints":{"allow":["GET"]}}],"collection":[{"href":"https:\/\/www.europesays.com\/it\/wp-json\/wp\/v2\/posts"}],"about":[{"href":"https:\/\/www.europesays.com\/it\/wp-json\/wp\/v2\/types\/post"}],"author":[{"embeddable":true,"href":"https:\/\/www.europesays.com\/it\/wp-json\/wp\/v2\/users\/3"}],"replies":[{"embeddable":true,"href":"https:\/\/www.europesays.com\/it\/wp-json\/wp\/v2\/comments?post=664044"}],"version-history":[{"count":0,"href":"https:\/\/www.europesays.com\/it\/wp-json\/wp\/v2\/posts\/664044\/revisions"}],"wp:featuredmedia":[{"embeddable":true,"href":"https:\/\/www.europesays.com\/it\/wp-json\/wp\/v2\/media\/664045"}],"wp:attachment":[{"href":"https:\/\/www.europesays.com\/it\/wp-json\/wp\/v2\/media?parent=664044"}],"wp:term":[{"taxonomy":"category","embeddable":true,"href":"https:\/\/www.europesays.com\/it\/wp-json\/wp\/v2\/categories?post=664044"},{"taxonomy":"post_tag","embeddable":true,"href":"https:\/\/www.europesays.com\/it\/wp-json\/wp\/v2\/tags?post=664044"}],"curies":[{"name":"wp","href":"https:\/\/api.w.org\/{rel}","templated":true}]}}