{"id":664055,"date":"2026-09-04T05:22:14","date_gmt":"2026-09-04T05:22:14","guid":{"rendered":"https:\/\/www.europesays.com\/it\/664055\/"},"modified":"2026-09-04T05:22:14","modified_gmt":"2026-09-04T05:22:14","slug":"ligabue-ha-bisogno-di-un-documentario-che-gli-renda-giustizia","status":"publish","type":"post","link":"https:\/\/www.europesays.com\/it\/664055\/","title":{"rendered":"Ligabue ha bisogno di un documentario che gli renda giustizia"},"content":{"rendered":"<p class=\"has-dropcap body dropcap\"><strong>Luciano, prima di tutto<\/strong>, viene da dire prima perfino della storia in s\u00e9. <strong>Il nuovo documentario Sky su Luciano Ligabue \u2013 un\u2019ora scarsa in onda il 4 settembre in prima serata su Sky Documentaries, in streaming su NOW e disponibile on demand \u2013 ha come pretesto <a href=\"https:\/\/www.vanityfair.it\/article\/ligabue-inaugura-lunipol-dome-promossa-o-bocciata\" rel=\"nofollow noopener\" target=\"_blank\">il concerto con cui il cantautore emiliano, lo scorso maggio, ha inaugurato l\u2019Arena Milano Santa Giulia,<\/a><\/strong> privilegio che ha scolpito un\u2019altra volta il suo nome nella storia della musica dal vivo (non fosse che ha frequentato e tuttora frequenta location ben pi\u00f9 capienti e simboliche, Campovolo su tutte, ma tant\u2019\u00e8). La formula di per s\u00e9 \u00e8 abbastanza lineare, si passa da qualche classico live direttamente da quel concerto \u2013 con riprese sul pubblico spesso generose e indicative \u2013 a un racconto pi\u00f9 personale portato avanti da Ligabue in un\u2019intervista registrata proprio a ridosso del live, pi\u00f9 qua e l\u00e0 qualche filmato di repertorio \u2013 pochi, comunque \u2013 a cercare di fare un po\u2019 di contesto, per citarlo, <strong>su come-cosa-chi.<\/strong><\/p>\n<p><strong>Risultato: poca sostanza, pochi spunti soprattutto.<\/strong> Appena piacevole per passare un\u2019oretta insieme al protagonista, il focus esasperato sul presente di Ligabue \u2013 dunque il ritorno da vecchio saggio che per\u00f2 non sa stare sul piedistallo ai concerti \u2013 e i ritmi comunque rapidissimi, allergici a ogni sorta di approfondimento, lo rendono <strong>poco pi\u00f9 che un grande spot pubblicitario<\/strong> <a href=\"https:\/\/www.vanityfair.it\/article\/ligabue-tour-certe-notti\" rel=\"nofollow noopener\" target=\"_blank\">del tour dei trent\u2019anni di Certe notti<\/a> (che nelle prossime settimane si chiuder\u00e0 nei palasport, metti che fosse davvero questo il motivo dietro tutto, ecco, ne prendiamo atto). Davvero rari gli squarci su qualcosa d\u2019inedito e che in ogni caso possa dare un senso alla faccenda, forse giusto i ricordi d\u2019infanzia \u2013 da cui viene fuori <strong>un Ligabue campagnolo e diffidente, esordito gi\u00e0 nostalgico, allergico alla fama con cui pure, si vede, non ha sempre avuto un bel rapporto, ma parliamone<\/strong> \u2013 e il film cult Radiofreccia (1998), che resta un piccolo miracolo se non altro perch\u00e9 ci si approcci\u00f2 totalmente vergine di regia e sceneggiatura. E poi il rapporto con il figlio Lenny, da poco suo batterista a tempo pieno, forse l\u2019unico momento davvero emotivo e privato del tutto, che per ragioni di tempistiche non era finito nel precedente \u00c8 andata cos\u00ec, una serie a puntate \u2013 la trovate su RaiPlay \u2013 in cui nel 2021 si era raccontato all\u2019amico <a href=\"https:\/\/www.vanityfair.it\/topic\/stefano-accorsi\" rel=\"nofollow noopener\" target=\"_blank\">Stefano Accorsi<\/a>.<\/p>\n<p>Vuoi per il formato, quella era stata da un lato ben documentata e dall\u2019altro, \u00e8 chiaro, spezzettata, di per s\u00e9 lasciando spazio per <strong>un eventuale, grande documentario sulla storia di Ligabue, partendo, s\u00ec, dalle due \u2013 e pur ben riuscite \u2013 autobiografie che ha scritto.<\/strong> Il punto lo sfiora lui stesso \u2013 come tutto, appena di striscio \u2013 in Luciano, prima di tutto: dall\u2019esordio fulminante nel 1990 al grande successo di Certe notti nel 1995, quello che l\u2019ha fatto salire nell\u2019Olimpo dei grandissimi, <strong>Ligabue ha sempre fatto una fatica immane a raccontarsi al di fuori delle canzoni, a scalfire quella lastra di ghiaccio (o di riservatezza) che a lungo l\u2019ha ammantato<\/strong>, lasciando parlare le canzoni, a volte i libri, sforzandosi comunque di raccontarsi. Non \u00e8 mai stato costruito un vero e proprio Mito di Ligabue, ma stavolta sul piatto c\u2019\u00e8 un documentarietto degno di quegli artisti \u2013 e sono tanti \u2013 che al secondo disco se ne escono con un girato di poco conto, giusto per far parlare di s\u00e9, tanto la storia non c\u2019\u00e8.<\/p>\n<p>Qui no, qui la storia c\u2019\u00e8 e \u2013 mi perdoni il paragone, ma c\u2019\u00e8 stato un decennio almeno in cui i due si battevano il dominio assoluto del paese-Italia, quindi \u2013 <strong>vale tranquillamente una struttura tipo <a href=\"https:\/\/www.vanityfair.it\/people\/italia\/2020\/11\/18\/vasco-rossi-se-non-sono-un-sopravvissuto-io\" rel=\"nofollow noopener\" target=\"_blank\">Il Supervissuto di Vasco Rossi<\/a>, serie divisa in capitoli su tutte le vite del Blasco, o almeno una sorta di vero documentario ampio, cronologico, extralarge.<\/strong> Certo, quella di Ligabue non \u00e8 una vicenda da Supervissuto, ma i grandi sceneggiatori sanno trovare tesori proprio l\u00e0 dove si tratta di trasformare un limite in un\u2019opportunit\u00e0: <strong>Ligabue \u00e8 sempre stato un rocker e mai una rockstar, ok, ma \u00e8 proprio questo suo essere normale e antidivo \u2013 <a href=\"https:\/\/www.vanityfair.it\/article\/max-pezzali-si-racconta-sono-sempre-stato-un-ragazzo-inadeguato\" rel=\"nofollow noopener\" target=\"_blank\">un qualcosa che condivide con Max Pezzali<\/a>, i loro testi sono infatti coevi nel raccontare la provincia da cui, per scelta, non se ne sono mai andati \u2013 a renderlo speciale, a far s\u00ec che in tanti si siano rivisti in lui.<\/strong> E a rendere, soprattutto, speciali tante tappe del suo percorso, che siano il primo concerto a San Siro (1997) o il grande azzardo di Campovolo (era il 2005, poi diventer\u00e0 un\u2019abitudine), come l\u2019impresa eccezionale di una persona qualsiasi che quella mattina \u00e8 uscita dalla sua casa, in profonda provincia, e la sera ha stabilito l\u2019allora record di paganti in Italia. <strong>E poi, a volerne parlare, ci sarebbero anche il divorzio, il rapporto difficile con il successo e la propria immagine, la crisi del 1993 e quella del 2019, con gli stadi mezzi vuoti che avevano fatto pensare a una fine annunciata, salvo tornare appunto in cima adesso.<\/strong> Anche e soprattutto le sconfitte, pi\u00f9 difficili (o pi\u00f9 facili) da metabolizzare quando si \u00e8 cos\u00ec normali.<\/p>\n","protected":false},"excerpt":{"rendered":"Luciano, prima di tutto, viene da dire prima perfino della storia in s\u00e9. Il nuovo documentario Sky su&hellip;\n","protected":false},"author":3,"featured_media":664056,"comment_status":"","ping_status":"","sticky":false,"template":"","format":"standard","meta":{"footnotes":"","_share_on_mastodon":"0"},"categories":[1443],"tags":[203,204,1537,90,89,11176,1538,1539],"class_list":["post-664055","post","type-post","status-publish","format-standard","has-post-thumbnail","category-musica","tag-entertainment","tag-intrattenimento","tag-it","tag-italia","tag-italy","tag-ligabue","tag-music","tag-musica"],"share_on_mastodon":{"url":"https:\/\/pubeurope.com\/@it\/117211100001337261","error":""},"_links":{"self":[{"href":"https:\/\/www.europesays.com\/it\/wp-json\/wp\/v2\/posts\/664055","targetHints":{"allow":["GET"]}}],"collection":[{"href":"https:\/\/www.europesays.com\/it\/wp-json\/wp\/v2\/posts"}],"about":[{"href":"https:\/\/www.europesays.com\/it\/wp-json\/wp\/v2\/types\/post"}],"author":[{"embeddable":true,"href":"https:\/\/www.europesays.com\/it\/wp-json\/wp\/v2\/users\/3"}],"replies":[{"embeddable":true,"href":"https:\/\/www.europesays.com\/it\/wp-json\/wp\/v2\/comments?post=664055"}],"version-history":[{"count":0,"href":"https:\/\/www.europesays.com\/it\/wp-json\/wp\/v2\/posts\/664055\/revisions"}],"wp:featuredmedia":[{"embeddable":true,"href":"https:\/\/www.europesays.com\/it\/wp-json\/wp\/v2\/media\/664056"}],"wp:attachment":[{"href":"https:\/\/www.europesays.com\/it\/wp-json\/wp\/v2\/media?parent=664055"}],"wp:term":[{"taxonomy":"category","embeddable":true,"href":"https:\/\/www.europesays.com\/it\/wp-json\/wp\/v2\/categories?post=664055"},{"taxonomy":"post_tag","embeddable":true,"href":"https:\/\/www.europesays.com\/it\/wp-json\/wp\/v2\/tags?post=664055"}],"curies":[{"name":"wp","href":"https:\/\/api.w.org\/{rel}","templated":true}]}}