{"id":664069,"date":"2026-09-04T05:29:18","date_gmt":"2026-09-04T05:29:18","guid":{"rendered":"https:\/\/www.europesays.com\/it\/664069\/"},"modified":"2026-09-04T05:29:18","modified_gmt":"2026-09-04T05:29:18","slug":"malta-sotto-shock-per-lassoluzione-di-fenech-per-il-delitto-caruana-galizia-rabbia-e-proteste","status":"publish","type":"post","link":"https:\/\/www.europesays.com\/it\/664069\/","title":{"rendered":"Malta sotto shock per l&#8217;assoluzione di Fenech per il delitto Caruana Galizia: rabbia e proteste"},"content":{"rendered":"\n<p>&#8220;Disgusto&#8221;, &#8220;vergogna&#8221;, &#8220;sfiducia&#8221; e &#8220;rabbia&#8221;. Dalle 19.31 di ieri queste sono le uniche parole che attraversano Malta. A quasi nove anni dall&#8217;attentato che \u00e8 costato la vita alla giornalista <strong>Daphne Caruana Galizia<\/strong>, il Paese si trova improvvisamente a fare i conti con una verit\u00e0 incompiuta: i cinque esecutori materiali sono in galera da anni, ma per l&#8217;omicidio non c&#8217;\u00e8 pi\u00f9 alcun mandante.<\/p>\n<p><strong>Yorgen Fenech<\/strong>, il miliardario ed erede del Tumas Group arrestato il 21 novembre 2019 mentre tentava di fuggire a bordo del suo yacht, \u00e8 stato assolto a sorpresa a monte di un verdetto che <strong>Matthew Caruana Galizia, figlio di Daphne<\/strong>, ha definito senza mezzi termini &#8220;osceno&#8221;. Non sono bastati quasi due mesi di deposizioni e testimonianze sciorinate in aula dalla Procura, n\u00e9 i 5 anni e 2 mesi di carcerazione preventiva gi\u00e0 scontati dall&#8217;imputato: l&#8217;8-1 finale espresso dai giurati ha spazzato via il castello d&#8217;accusa.<\/p>\n<p>    <img loading=\"lazy\" decoding=\"async\" class=\"lazyload article-image\" src=\"https:\/\/www.europesays.com\/it\/wp-content\/uploads\/2026\/09\/1788480344031_dafnhe.jpg\" width=\"768\" height=\"432\" alt=\"Daphne Caruana Galizia, assoluzione per l'accusato di essere il mandante del suo omicidio\"\/>  <\/p>\n<p> Daphne Caruana Galizia, assoluzione per l&#8217;accusato di essere il mandante del suo omicidio  (@web) <\/p>\n<p>A far breccia nella giuria sono stati i dubbi insinuati dalla difesa e il dito puntato da Fenech contro <strong>Keith Schembri<\/strong>, ex amico ed ex potentissimo capo di gabinetto. I contatti, i legami e il viluppo di protezioni emersi nel corso del dibattimento hanno fatto riaffiorare i fantasmi dell&#8217;inchiesta pubblica del 2021, che registr\u00f2 come lo Stato avesse creato un &#8220;clima d&#8217;impunit\u00e0&#8221;.<\/p>\n<p>I legali di Fenech sono riusciti a scardinare la credibilit\u00e0 del testimone chiave dell&#8217;accusa, il mediatore <strong>Melvin Theuma<\/strong>, la cui grazia &#8220;tombale&#8221; concessa a suo tempo dall&#8217;ex premier Muscat \u00e8 stata descritta come uno strumento costruito ad hoc per incastrare il magnate. Restano tuttavia sul fondo zone d&#8217;ombra mai chiarite: n\u00e9 in aula n\u00e9 durante gli interrogatori \u00e8 stato mai chiesto a Fenech perch\u00e9 un re dei casin\u00f2 avesse bisogno di una tale rete di scatole societarie segrete.<\/p>\n<p>    <img loading=\"lazy\" decoding=\"async\" class=\"lazyload article-image\" src=\"https:\/\/www.europesays.com\/it\/wp-content\/uploads\/2026\/09\/1665766769988_GettyImages.jpg\" width=\"768\" height=\"432\" alt=\"Daphne Caruana Galizia\"\/>  <\/p>\n<p> Daphne Caruana Galizia  (gettyimages) <\/p>\n<p>Il verdetto ha riportato Malta indietro di sette anni. Le manifestazioni di piazza sono ricominciate e l&#8217;opposizione \u00e8 tornata all&#8217;attacco. <strong>Roberta Metsola<\/strong>, presidente del Parlamento europeo ed esponente del Partito Nazionalista, ha garantito che non verr\u00e0 permesso &#8220;alcun insabbiamento&#8221;, mentre il giovane leader <strong>Alex Borg <\/strong>ha ottenuto che il premier <strong>Robert Abela<\/strong> accettasse un confronto parlamentare urgente.<\/p>\n<p>Dal canto suo, Abela ha preferito trincerarsi dietro la neutralit\u00e0 istituzionale: \u201cNon spetta a me commentare le decisioni dei giurati\u201d, ha dichiarato in conferenza stampa, pur ammettendo di aver parlato con il vedovo di Daphne e ricordando come la stessa famiglia ritenesse che ci fossero tutte le prove per una condanna. Per ora il premier considera &#8220;prematuro&#8221; discutere la revoca della grazia a Theuma.<\/p>\n<p>    <img loading=\"lazy\" decoding=\"async\" class=\"lazyload article-image\" src=\"https:\/\/www.europesays.com\/it\/wp-content\/uploads\/2026\/09\/1702378749624_RAN_..frame.png\" width=\"768\" height=\"432\" alt=\" Roberta Metsola al Parlamento Europeo\"\/>  <\/p>\n<p> Roberta Metsola al Parlamento Europeo  (rainews) <\/p>\n<p>Il punto fermo, tuttavia, potrebbe non essere stato ancora scritto. La giudice, al momento di annunciare il verdetto, ha espressamente chiesto alla polizia di avviare nuove indagini sulla base delle testimonianze emerse in aula. La Procura avr\u00e0 ora due settimane di tempo per decidere se presentare ricorso e tentare di ribaltare una sentenza che ha riaperto una ferita mai curata nel cuore dell&#8217;Europa.<\/p>\n","protected":false},"excerpt":{"rendered":"&#8220;Disgusto&#8221;, &#8220;vergogna&#8221;, &#8220;sfiducia&#8221; e &#8220;rabbia&#8221;. Dalle 19.31 di ieri queste sono le uniche parole che attraversano Malta. A&hellip;\n","protected":false},"author":3,"featured_media":664070,"comment_status":"","ping_status":"","sticky":false,"template":"","format":"standard","meta":{"footnotes":"","_share_on_mastodon":"0"},"categories":[160],"tags":[14,164,165,166,7,15,11,167,12,168,161,162,163],"class_list":["post-664069","post","type-post","status-publish","format-standard","has-post-thumbnail","category-mondo","tag-cronaca","tag-dal-mondo","tag-dalmondo","tag-mondo","tag-news","tag-notizie","tag-ultime-notizie","tag-ultime-notizie-di-mondo","tag-ultimenotizie","tag-ultimenotiziedimondo","tag-world","tag-world-news","tag-worldnews"],"share_on_mastodon":{"url":"https:\/\/pubeurope.com\/@it\/117211128273488047","error":""},"_links":{"self":[{"href":"https:\/\/www.europesays.com\/it\/wp-json\/wp\/v2\/posts\/664069","targetHints":{"allow":["GET"]}}],"collection":[{"href":"https:\/\/www.europesays.com\/it\/wp-json\/wp\/v2\/posts"}],"about":[{"href":"https:\/\/www.europesays.com\/it\/wp-json\/wp\/v2\/types\/post"}],"author":[{"embeddable":true,"href":"https:\/\/www.europesays.com\/it\/wp-json\/wp\/v2\/users\/3"}],"replies":[{"embeddable":true,"href":"https:\/\/www.europesays.com\/it\/wp-json\/wp\/v2\/comments?post=664069"}],"version-history":[{"count":0,"href":"https:\/\/www.europesays.com\/it\/wp-json\/wp\/v2\/posts\/664069\/revisions"}],"wp:featuredmedia":[{"embeddable":true,"href":"https:\/\/www.europesays.com\/it\/wp-json\/wp\/v2\/media\/664070"}],"wp:attachment":[{"href":"https:\/\/www.europesays.com\/it\/wp-json\/wp\/v2\/media?parent=664069"}],"wp:term":[{"taxonomy":"category","embeddable":true,"href":"https:\/\/www.europesays.com\/it\/wp-json\/wp\/v2\/categories?post=664069"},{"taxonomy":"post_tag","embeddable":true,"href":"https:\/\/www.europesays.com\/it\/wp-json\/wp\/v2\/tags?post=664069"}],"curies":[{"name":"wp","href":"https:\/\/api.w.org\/{rel}","templated":true}]}}