{"id":664100,"date":"2026-09-04T05:55:12","date_gmt":"2026-09-04T05:55:12","guid":{"rendered":"https:\/\/www.europesays.com\/it\/664100\/"},"modified":"2026-09-04T05:55:12","modified_gmt":"2026-09-04T05:55:12","slug":"volkswagen-approva-il-piano-blume-50-mila-esuberi-4-stabilimenti-a-rischio-e-svolta-sulla-governance","status":"publish","type":"post","link":"https:\/\/www.europesays.com\/it\/664100\/","title":{"rendered":"Volkswagen approva il piano Blume: 50 mila esuberi, 4 stabilimenti a rischio e svolta sulla governance"},"content":{"rendered":"<p class=\"article-text\">Nel comunicato si parla anche di un &#8220;<b>ulteriore sviluppo delle attivit\u00e0 in Nord America e Cina<\/b>&#8220;. In Nord America il gruppo si concentrer\u00e0 sui segmenti pi\u00f9 redditizi, mentre sul mercato cinese l&#8217;obiettivo \u00e8 adattarsi alle nuove previsioni di crescita ed espandere le attivit\u00e0 di esportazione verso un non meglio precisato &#8220;Sud globale&#8221;.<\/p>\n<p class=\"article-text\">Poi ci sono due aspetti particolarmente rilevanti per il futuro di Wolfsburg. Anche se non viene citata esplicitamente, la storica <b>Legge Volkswagen<\/b>, che concede un potere di veto al Land della Bassa Sassonia e quindi una forte influenza all&#8217;interno del consiglio di sorveglianza, sar\u00e0 rivista dopo oltre 60 anni.<\/p>\n<p class=\"article-text\">Il consiglio di sorveglianza ha infatti chiesto al management &#8220;di sviluppare un modello per una struttura decisionale e di gruppo evoluta&#8221;, che &#8220;costituir\u00e0 la base per la realizzazione di sinergie tecnologiche e di altro tipo che riducano i costi in tutto il Gruppo&#8221; e consentir\u00e0 &#8220;una chiara attribuzione delle responsabilit\u00e0 e una governance pi\u00f9 rapida, efficiente e moderna&#8221;.<\/p>\n<p class=\"article-text\">A tal fine, lo stesso consiglio ha garantito il proprio impegno a &#8220;limitare i diritti di approvazione riservati alle misure di rilevanza sostanziale per il Gruppo nel suo complesso, con soglie adeguate e allineate alla prassi standard del mercato&#8221;.<\/p>\n<p class=\"article-text\">In altre parole, il massimo organo amministrativo ha accettato di rivedere i poteri concessi alla <b>Bassa Sassonia<\/b> sulle decisioni di rilevanza strategica, considerati dai vertici aziendali un ostacolo all&#8217;attuazione delle misure di ristrutturazione.<\/p>\n<p class=\"article-text\">Infine, sono confermate le iniziative di <b>razionalizzazione del portafoglio di investimenti e di utilizzo pi\u00f9 efficace del capitale<\/b>. Le partecipazioni azionarie e le attivit\u00e0 saranno valutate rigorosamente per mantenere soltanto quelle con un chiaro contributo strategico e finanziario al core business.<\/p>\n<p class=\"article-text\">Circa un terzo degli asset sar\u00e0 oggetto di razionalizzazione, mentre le attivit\u00e0 non strategiche saranno cedute o riorganizzate e il portafoglio immobiliare sar\u00e0 sottoposto a revisione.<\/p>\n<p class=\"article-text\">Non vengono menzionati marchi come<b> Seat<\/b> o partecipazioni in Ducati, Traton o SGL Carbon, ma la sostanza non cambia: \u00e8 probabile che finiscano al centro delle attivit\u00e0 di revisione.<\/p>\n<p class=\"article-text\">Il comunicato si conclude con i prossimi passi che saranno compiuti dal gruppo, a partire dall&#8217;avvio immediato delle necessarie interlocuzioni con i rappresentanti dei lavoratori, laddove siano richiesti accordi specifici, e con gli organi responsabili dei marchi e delle filiali.<\/p>\n<p class=\"article-text\">In ogni caso, &#8220;il consiglio di sorveglianza sar\u00e0 strettamente coinvolto nel processo, regolarmente aggiornato sui progressi e consultato ove necessario&#8221;. Una cosa \u00e8 certa: il management e Blume, riuscendo a convincere il consiglio di sorveglianza ad avviare un <b>piano lacrime e sangue<\/b>, hanno evitato che il prossimo autunno diventasse infuocato a Wolfsburg e nel resto della Germania.<\/p>\n","protected":false},"excerpt":{"rendered":"Nel comunicato si parla anche di un &#8220;ulteriore sviluppo delle attivit\u00e0 in Nord America e Cina&#8220;. In Nord&hellip;\n","protected":false},"author":3,"featured_media":664101,"comment_status":"","ping_status":"","sticky":false,"template":"","format":"standard","meta":{"footnotes":"","_share_on_mastodon":"0"},"categories":[172],"tags":[178,177,55080,1537,90,89],"class_list":["post-664100","post","type-post","status-publish","format-standard","has-post-thumbnail","category-affari","tag-affari","tag-business","tag-gruppo-volkswagen","tag-it","tag-italia","tag-italy"],"share_on_mastodon":{"url":"https:\/\/pubeurope.com\/@it\/117211229257697164","error":""},"_links":{"self":[{"href":"https:\/\/www.europesays.com\/it\/wp-json\/wp\/v2\/posts\/664100","targetHints":{"allow":["GET"]}}],"collection":[{"href":"https:\/\/www.europesays.com\/it\/wp-json\/wp\/v2\/posts"}],"about":[{"href":"https:\/\/www.europesays.com\/it\/wp-json\/wp\/v2\/types\/post"}],"author":[{"embeddable":true,"href":"https:\/\/www.europesays.com\/it\/wp-json\/wp\/v2\/users\/3"}],"replies":[{"embeddable":true,"href":"https:\/\/www.europesays.com\/it\/wp-json\/wp\/v2\/comments?post=664100"}],"version-history":[{"count":0,"href":"https:\/\/www.europesays.com\/it\/wp-json\/wp\/v2\/posts\/664100\/revisions"}],"wp:featuredmedia":[{"embeddable":true,"href":"https:\/\/www.europesays.com\/it\/wp-json\/wp\/v2\/media\/664101"}],"wp:attachment":[{"href":"https:\/\/www.europesays.com\/it\/wp-json\/wp\/v2\/media?parent=664100"}],"wp:term":[{"taxonomy":"category","embeddable":true,"href":"https:\/\/www.europesays.com\/it\/wp-json\/wp\/v2\/categories?post=664100"},{"taxonomy":"post_tag","embeddable":true,"href":"https:\/\/www.europesays.com\/it\/wp-json\/wp\/v2\/tags?post=664100"}],"curies":[{"name":"wp","href":"https:\/\/api.w.org\/{rel}","templated":true}]}}