{"id":664104,"date":"2026-09-04T05:57:15","date_gmt":"2026-09-04T05:57:15","guid":{"rendered":"https:\/\/www.europesays.com\/it\/664104\/"},"modified":"2026-09-04T05:57:15","modified_gmt":"2026-09-04T05:57:15","slug":"indagine-sui-militari-nel-partito-di-vannacci-il-divieto-di-svolgere-attivita-politiche-per-le-divise-in-servizio-attivo","status":"publish","type":"post","link":"https:\/\/www.europesays.com\/it\/664104\/","title":{"rendered":"Indagine sui militari nel partito di Vannacci. Il divieto di svolgere attivit\u00e0 politiche per le divise \u00abin servizio attivo\u00bb"},"content":{"rendered":"<p>    di<br \/>\n    Fulvio Fiano<\/p>\n<p class=\"summary-art is-line-h-12\">Il coordinatore Simoni: noi sereni, finir\u00e0 con l\u2019archiviazione<\/p>\n<p class=\"chapter-paragraph\">Divieto di svolgere <b>attivit\u00e0 politica mentre si \u00e8 in servizio e<\/b> <b>uso distorto dei distacchi sindacali <\/b>sono<a href=\"https:\/\/roma.corriere.it\/notizie\/cronaca\/26_settembre_03\/vannacci-procura-militare-indagine-5606ea9f-a249-4f01-aea9-1bfdb73a1xlk.shtml\" title=\"Procura militare avvia verifiche sugli appartenenti alle forze armate in Futuro nazionale. I difensori: nessun reato, confidiamo nell&#039;archiviazione\" rel=\"nofollow noopener\" target=\"_blank\"> le contestazioni a due dirigenti di Futuro nazionale contenute nell\u2019esposto presentato alla Procura militare<\/a> contro un sottufficiale dei carabinieri e un generale di divisione aerea che stanno animando la campagna elettorale del <a href=\"https:\/\/roma.corriere.it\/notizie\/politica\/26_settembre_03\/sospetti-governo-vannacci-8bfee47a-7c06-448f-a6ca-87504cdc0xlk.shtml\" title=\"I sospetti del governo sull&#039;ex generale Vannacci condizionato da Mosca: il dossier dell&#039;intelligence e il timore di manipolazione\" rel=\"nofollow noopener\" target=\"_blank\">partito di Roberto Vannacci<\/a>. Su di loro ha avviato <b>accertamenti preliminari<\/b> \u00abanche alla luce di notizie estratte da autorevoli organi di stampa estera\u00bb (<b>l\u2019articolo del <\/b><b>Financial Times <\/b>sul presunto <a href=\"https:\/\/www.corriere.it\/politica\/26_settembre_02\/vannacci-cavallo-troia-russia-61563b42-80ee-418a-b514-4a0662ce5xlk.shtml\" title=\"Il Financial Times: \u00abVannacci cavallo di Troia della Russia in Italia\u00bb. La replica di lui in tv: \u00abIo sono solo filo-italiano\u00bb. E sulle alleanze: \u00abNoi naturali interlocutori del centrodestra\u00bb\" rel=\"nofollow noopener\" target=\"_blank\">ruolo di Vannacci come \u00abCavallo di Troia\u00bb  di Putin in Europa<\/a>, ndr) il procuratore militare <b>Marco De Paolis,<\/b> specificando che non si pu\u00f2 ancora parlare di \u00abnotizia di reato\u00bb e dunque di indagine aperta e che si resta nel perimetro \u00abdi propria stretta competenza in relazione a persone soggette alla giurisdizione militare\u00bb.\u00a0<\/p>\n<p class=\"chapter-paragraph\"><b>L\u2019esposto, \u00e8 stato presentato dall\u2019avvocato Massimo Strampelli<\/b>, docente di diritto militare presso l\u2019Universit\u00e0 Link, per conto del <b>Sindacato dei Militari <\/b>e fa il paio con quello affidato pochi giorni fa alla magistratura penale per valutare la possibile<b> violazione della legge Scelba sulla ricostituzione del partito fascista <\/b>nei confronti del<b> generale  Vannacci<\/b>, del coordinatore nazionale di Fn <b>Massimiliano Simoni <\/b>e del responsabile del programma <b>Lorenzo Gasperini.<\/b> \u00abLe accuse formulate appaiono manifestamente infondate, non sussistendo alcuno dei presupposti richiesti dalla legge per configurare i reati ipotizzati. Siamo pertanto assolutamente sereni:<b> l\u2019esposto non potr\u00e0 che concludersi, in tempi brevi,<\/b> con un provvedimento di <b>archiviazione<\/b>\u00bb, dice l\u2019avvocato  <b>Giorgio Carta,<\/b> difensore di Vannacci.    &#13;<br \/>\n&#13;<br \/>\n&#13;<br \/>\n&#13;<br \/>\n&#13;<br \/>\n&#13;<br \/>\n&#13;<br \/>\n&#13;<br \/>\n&#13;<br \/>\n&#13;<br \/>\n&#13;<br \/>\n&#13;<br \/>\n&#13;<br \/>\n&#13;<br \/>\n&#13;<br \/>\n&#13;<br \/>\n&#13;<br \/>\n&#13;<br \/>\n&#13;<br \/>\n&#13;<br \/>\n&#13;<br \/>\n&#13;<br \/>\n&#13;<br \/>\n&#13;<br \/>\n&#13;<br \/>\n&#13;<br \/>\n&#13;<br \/>\n&#13;<br \/>\n&#13;<br \/>\n&#13;<br \/>\n&#13;<br \/>\n&#13;<br \/>\n&#13;<br \/>\n&#13;<br \/>\n&#13;<br \/>\n&#13;<br \/>\n&#13;<br \/>\n&#13;<br \/>\n&#13;<br \/>\n&#13;<br \/>\n&#13;<br \/>\n&#13;<br \/>\n&#13;<br \/>\n&#13;<br \/>\n&#13;<br \/>\n&#13;<br \/>\n&#13;<br \/>\n&#13;<br \/>\n&#13;<br \/>\n&#13;<br \/>\n&#13;<br \/>\n&#13;<br \/>\n&#13;\n<\/p>\n<p class=\"chapter-paragraph\">Alla Procura militare si chiede con l\u2019esposto di esaminare il comportamento anche di altri esponenti delle forze armate, ma i due sui quali si concentra l\u2019att0 hanno in comune appunto il ruolo di sindacalisti: un aspetto centrale, questo, per <b>le  possibili violazioni al codice militare.<\/b> Si tratta di <b>Luigi Avveduto<\/b>, segretario nazionale del Sim, referente a Roma del comitato 1333 di Futuro nazionale, e di<b> Antonsergio Belfiori, <\/b>segretario nazionale del Siam e referente a Villafranca (Verona) del comitato 329 di Futuro Nazionale: \u00ab<b>Militari in servizio attivo<\/b> \u2014 si legge nell\u2019esposto \u2014 che avrebbero assunto ruoli di vertice e di propaganda all\u2019interno di un movimento politico, in aperta<b> violazione dei doveri fondamentali di fedelt\u00e0, neutralit\u00e0 e imparzialit\u00e0<\/b> imposti dall\u2019ordinamento militare\u00bb. Qui il primo punto.<a href=\"https:\/\/www.corriere.it\/politica\/26_agosto_24\/vannacci-nel-programma-il-riconoscimento-giuridico-del-concepito-e-la-deroga-al-patto-di-stabilita-per-la-riattivazione-8dea171f-7f85-464f-9e3c-ff9fceaf7xlk.shtml\" title=\"Vannacci, nuovi dettagli sul programma: \u00abL&#039;aborto non \u00e8 un diritto. Via le unioni civili, soldi per la &quot;riattivazione demografica&quot; e lezioni di difesa a scuola\u00bb\" rel=\"nofollow noopener\" target=\"_blank\"> I temi della campagna elettorale vannacciana <\/a>sono compatibili con i valori della Costituzione sulla quale i due militari hanno prestato giuramento? E i distacchi sindacali, di cui beneficiano <b>a spese dei contribuenti<\/b>, sono usati per i fini propri del loro incarico o per fare proselitismo politico?<\/p>\n<p class=\"chapter-paragraph\">Il sindacato chiama in causa anche il ministro della Difesa <b>Guido Crosetto,<\/b> al quale gi\u00e0 da aprile ha segnalato formalmente le condotte ritenute improprie, senza per\u00f2 mai avere risposta. Tanto da averlo  diffidato a giugno per la \u00abpersistente inerzia istituzionale\u00bb. Avveduto e Belfiori, in particolare, hanno partecipato \u00aballa promozione di contenuti ideologici radicali, riconducibili al documento programmatico  \u00abB.I.P. 2027-2037\u00bb, le cui previsioni includono strategie di impiego delle Forze Armate (<a href=\"https:\/\/www.corriere.it\/politica\/26_luglio_12\/vannacci-tra-remigrazione-e-tolleranza-zero-il-centrodestra-se-ci-vuole-condivida-le-nostre-linee-rosse-bd564450-9e4f-4c1b-9a91-999b0727exlk.shtml\" title=\"\u00abIl centrodestra se ci vuole condivida le nostre linee rosse\u00bb: Vannacci tra remigrazione e tolleranza zero\" rel=\"nofollow noopener\" target=\"_blank\">la \u00abremigrazione\u00bb<\/a>, ndr) incompatibili con il giuramento di fedelt\u00e0 alla Repubblica\u00bb. Crosetto commenta la vicenda su X, specificando che \u00abresto garantista e sarebbe profondamente sbagliato trasformare un accertamento preliminare in una \u201cindagine\u201d per la ricostituzione del partito fascista\u00bb.  E sulle verifiche avviate dalla Procura militare interviene lo stesso generale in pensione<b> Roberto Vannacci: <\/b>\u00ab<b>Ma ancora credete ai giornali e a quattro politicanti <\/b>e scribacchini livorosi? Domani Futuro nazionale al 12%!\u00bb.<\/p>\n<p class=\"is-mr-t-20 is-mr-b-20\"><b><br \/>\n                    <a href=\"https:\/\/roma.corriere.it\/?intcmp=Notizielocali_nd_010623_corriere_ss_roma\" target=\"_blank\" rel=\"nofollow noopener\">Vai a tutte le notizie di Roma<\/a><br \/>\n            <\/b><\/p>\n<p>[an error occurred while processing this directive]<\/p>\n<p class=\"is-last-update\" datetime=\"2026-09-03T22:59:02+02:00\">4 settembre 2026<\/p>\n<p class=\"is-copyright\">\n            \u00a9 RIPRODUZIONE RISERVATA\n        <\/p>\n","protected":false},"excerpt":{"rendered":"di Fulvio Fiano Il coordinatore Simoni: noi sereni, finir\u00e0 con l\u2019archiviazione Divieto di svolgere attivit\u00e0 politica mentre si&hellip;\n","protected":false},"author":3,"featured_media":664105,"comment_status":"","ping_status":"","sticky":false,"template":"","format":"standard","meta":{"footnotes":"","_share_on_mastodon":"0"},"categories":[79],"tags":[1238,28358,4486,1498,6699,365954,1239,365955,39,6820,2334,20552,14,93,94,20321,58328,365956,704,365957,365958,27,11196,268146,18615,35396,769,4488,135381,950,1537,90,89,1207,794,888,4052,7,15,29,365959,332,3036,282,365837,33161,174091,669,11,84,91,12,85,92,18099],"class_list":["post-664104","post","type-post","status-publish","format-standard","has-post-thumbnail","category-italia","tag-aperta","tag-archiviazione","tag-armate","tag-attivita","tag-attivo","tag-avveduto","tag-avvocato","tag-belfiori","tag-campagna","tag-campagna-elettorale","tag-comitato","tag-coordinatore","tag-cronaca","tag-cronaca-italiana","tag-cronacaitaliana","tag-crosetto","tag-distacchi","tag-distacchi-sindacali","tag-divieto","tag-divieto-svolgere","tag-divieto-svolgere-attivita","tag-elettorale","tag-esposto","tag-esposto-presentato","tag-fascista","tag-fedelta","tag-forze","tag-forze-armate","tag-giuramento","tag-indagine","tag-it","tag-italia","tag-italy","tag-legge","tag-militare","tag-militari","tag-ndr","tag-news","tag-notizie","tag-partito","tag-partito-fascista","tag-politico","tag-presentato","tag-procura","tag-procura-militare","tag-referente","tag-ricostituzione","tag-servizio","tag-ultime-notizie","tag-ultime-notizie-e-news-di-oggi","tag-ultime-notizie-italia","tag-ultimenotizie","tag-ultimenotizieenewsdioggi","tag-ultimenotizieitalia","tag-vannacci"],"share_on_mastodon":{"url":"","error":"Validation failed: Text character limit of 500 exceeded"},"_links":{"self":[{"href":"https:\/\/www.europesays.com\/it\/wp-json\/wp\/v2\/posts\/664104","targetHints":{"allow":["GET"]}}],"collection":[{"href":"https:\/\/www.europesays.com\/it\/wp-json\/wp\/v2\/posts"}],"about":[{"href":"https:\/\/www.europesays.com\/it\/wp-json\/wp\/v2\/types\/post"}],"author":[{"embeddable":true,"href":"https:\/\/www.europesays.com\/it\/wp-json\/wp\/v2\/users\/3"}],"replies":[{"embeddable":true,"href":"https:\/\/www.europesays.com\/it\/wp-json\/wp\/v2\/comments?post=664104"}],"version-history":[{"count":0,"href":"https:\/\/www.europesays.com\/it\/wp-json\/wp\/v2\/posts\/664104\/revisions"}],"wp:featuredmedia":[{"embeddable":true,"href":"https:\/\/www.europesays.com\/it\/wp-json\/wp\/v2\/media\/664105"}],"wp:attachment":[{"href":"https:\/\/www.europesays.com\/it\/wp-json\/wp\/v2\/media?parent=664104"}],"wp:term":[{"taxonomy":"category","embeddable":true,"href":"https:\/\/www.europesays.com\/it\/wp-json\/wp\/v2\/categories?post=664104"},{"taxonomy":"post_tag","embeddable":true,"href":"https:\/\/www.europesays.com\/it\/wp-json\/wp\/v2\/tags?post=664104"}],"curies":[{"name":"wp","href":"https:\/\/api.w.org\/{rel}","templated":true}]}}