{"id":664106,"date":"2026-09-04T05:58:18","date_gmt":"2026-09-04T05:58:18","guid":{"rendered":"https:\/\/www.europesays.com\/it\/664106\/"},"modified":"2026-09-04T05:58:18","modified_gmt":"2026-09-04T05:58:18","slug":"report-la-nuova-conduttrice-e-claudia-di-pasquale-corsini-i-nomi-li-decido-io-e-piervincenzi-resta-presutti-decisione-personale","status":"publish","type":"post","link":"https:\/\/www.europesays.com\/it\/664106\/","title":{"rendered":"Report, la nuova conduttrice \u00e8 Claudia Di Pasquale. Corsini: \u00abI nomi li decido io, e Piervincenzi resta. Presutti? Decisione personale\u00bb"},"content":{"rendered":"<p>    di<br \/>\n    Antonella Baccaro e Redazione Roma<\/p>\n<p class=\"summary-art is-line-h-12\">Il direttore Corsini si era preso 24 ore di tempo dopo l&#8217;incontro con il Cdr e la redazione (che difende l&#8217;autonomia del programma e rifiuta l&#8217;ipotesi di rinvio della messa in onda) per fare le sue valutazioni e cercare una soluzione interna<\/p>\n<p class=\"chapter-paragraph\">Una donna al posto di una donna alla guida di <b>Report<\/b><b>.<\/b>\u00a0Era l&#8217;impegno annunciato\u00a0gioved\u00ec mattina dal direttore dell\u2019Approfondimento Rai, <b>Paolo Corsini<\/b>, a margine della presentazione della nuova stagione di Ore14, condotto da <a href=\"https:\/\/roma.corriere.it\/notizie\/cronaca\/26_settembre_03\/ranucci-contro-sottile-6d5b0cb9-5787-45b1-a66b-c1a3fd818xlk.shtml\" title=\"Ranucci contro Sottile: \u00abLa mia squadra non si piega di fronte all&#039;arroganza e le miserie di chi si sente protetto dal potere\u00bb\" rel=\"nofollow noopener\" target=\"_blank\">Salvo Sottile<\/a>.\u00a0<\/p>\n<p class=\"chapter-paragraph\">Ora la conferma che quell&#8217;impegno \u00e8 stato mantenuto.\u00a0\u00c8 <a href=\"https:\/\/roma.corriere.it\/notizie\/cronaca\/26_settembre_03\/claudia-di-pasquale-alla-conduzione-di-report-0cee2e88-e4f4-469d-a0d7-fdec3138fxlk.shtml\" rel=\"nofollow noopener\" target=\"_blank\">Claudia Di Pasquale, infatti, la nuova conduttrice di Report<\/a> al posto di Giulia Presutti.\u00a0    &#13;<br \/>\n&#13;<br \/>\n&#13;<br \/>\n&#13;<br \/>\n&#13;<br \/>\n&#13;<br \/>\n&#13;<br \/>\n&#13;<br \/>\n&#13;<br \/>\n&#13;<br \/>\n&#13;<br \/>\n&#13;<br \/>\n&#13;<br \/>\n&#13;<br \/>\n&#13;<br \/>\n&#13;<br \/>\n&#13;<br \/>\n&#13;<br \/>\n&#13;<br \/>\n&#13;<br \/>\n&#13;<br \/>\n&#13;<br \/>\n&#13;<br \/>\n&#13;<br \/>\n&#13;<br \/>\n&#13;<br \/>\n&#13;<br \/>\n&#13;<br \/>\n&#13;<br \/>\n&#13;<br \/>\n&#13;<br \/>\n&#13;<br \/>\n&#13;<br \/>\n&#13;<br \/>\n&#13;<br \/>\n&#13;<br \/>\n&#13;<br \/>\n&#13;<br \/>\n&#13;<br \/>\n&#13;<br \/>\n&#13;<br \/>\n&#13;<br \/>\n&#13;<br \/>\n&#13;<br \/>\n&#13;<br \/>\n&#13;<br \/>\n&#13;<br \/>\n&#13;<br \/>\n&#13;<br \/>\n&#13;<br \/>\n&#13;<br \/>\n&#13;<br \/>\n&#13;\n<\/p>\n<p class=\"chapter-paragraph\">Prima della conferma, i nomi che erano girati erano stati vari. Da <b>Giulia Innocenzi<\/b>, che per\u00f2 non ha il tesserino da giornalista, a<b> Raffaella Notariale<\/b>,\u00a0fedelissima di Sigfrido Ranucci. Il fatto per\u00f2 che Di Pasquale fosse stata convocata nel pomeriggio proprio da Corsino, aveva lasciato presupporre che potesse trattarsi di lei.<\/p>\n<p class=\"chapter-paragraph\">A meno di 24 ore  dalla decisione di <a href=\"https:\/\/roma.corriere.it\/notizie\/politica\/26_settembre_02\/report-giulia-presutti-conduzione-rinuncia-passo-indietro-7a105ed3-8634-48ce-962a-d4545f4fbxlk.shtml\" rel=\"nofollow noopener\" target=\"_blank\">Giulia Presutti di rinunciare alla conduzione di Report<\/a>, inviata con una mail al direttore degli Approfondimenti<b>\u00a0Rai Paolo Corsini<\/b>, poco dopo l&#8217;incontro tra la redazione e lo stesso Corsini che aveva portato all&#8217;apertura di un dialogo sul futuro del programma d&#8217;inchiesta di Rai3, si \u00e8 infatti delineata la posizione di <b>Daniele Piervincenzi<\/b>, il secondo giornalista scelto dalla Rai per il dopo Ranucci. <b>Resta? \u00abAssolutamente s\u00ec\u00bb: \u00e8 la riposta ai cronisti di Corsini.<\/b><\/p>\n<p class=\"chapter-paragraph\">\u00abReport &#8211; spiega &#8211; andr\u00e0 in onda l&#8217;8 novembre, questa \u00e8 l&#8217;intenzione dell&#8217;azienda. Ieri ho incontrato la redazione, sto facendo le valutazioni del caso e a breve daremo tutte le risposte possibili\u00bb. <b>\u00abI conduttori li sceglie il direttore, mi pagano per questo\u00bb<\/b> e il passo indietro di Presutti \u00ab\u00e8 una scelta personale, lei \u00e8 una risorsa e un&#8217;ottima professionista\u00bb.<\/p>\n<p>    La conduzione?\u00a0\u00abL&#8217;intenzione \u00e8 di chiudere oggi\u00bb<\/p>\n<p class=\"chapter-paragraph\">\u00abNoi la quadra l&#8217;avevamo trovata poi \u00e8 successo quello che sapete\u00bb, aveva aggiunto Corsini in mattinata, riferendosi alle proteste della redazione che hanno poi portato alla rinuncia di Giulia Presutti. Poi ha sottolineato a pi\u00f9 riprese che <b>Daniele Piervincenzi rimarr\u00e0<\/b>, affiancato da un&#8217;altra conduttrice. \u00abL&#8217;attenzione al genere \u00e8 stata la mia prima preoccupazione, quindi cercher\u00f2 di mantenerla\u00bb, aveva concluso.<\/p>\n<p>    Ranucci via social:\u00a0\u00abLa mia squadra sempre con la schiena dritta\u00bb<\/p>\n<p class=\"chapter-paragraph\">E sono volati insulti nel cortile della sede Rai di via Teulada tra il conduttore <b>Salvo Sottile<\/b> e gli inviati di Report <b>Bernardo Iovene<\/b> e <b>Luca Bertazzoni<\/b>. Secondo quanto anticipato da Fanpage, nello spiazzo antistante gli uffici Rai si sarebbe verificato uno scambio acceso di battute fra Sottile, che stava entrando alla presentazione della conferenza stampa del suo programma e i due storici inviati della trasmissione di inchiesta. Lo scontro segue la pubblicazione di alcuni post che nelle scorse settimane Sottile ha dedicato a Report (questione sollevata nei giorni scorsi anche dal consigliere Rai Roberto Natale). <b>La risposta via social di Sigfrido Ranucci<\/b>:\u00a0\u00abLa mia squadra \u00e8 sempre la mia squadra. Spalle d&#8217;acciaio e schiena dritta che non si piega neppure di fronte all&#8217;arroganza e le miserie di chi si sente protetto dal potere. E per proteggersi meglio ha pure bloccato i commenti sotto i suoi post\u00bb.<\/p>\n<p>    Il giorno dopo l&#8217;assemblea<\/p>\n<p class=\"chapter-paragraph\">Il direttore Corsini si era preso 24 ore di tempo dopo l&#8217;incontro con il Cdr e la redazione (che difende l&#8217;autonomia del programma e rifiuta l&#8217;ipotesi di rinvio della messa in onda) per fare le sue valutazioni e cercare una soluzione interna.<\/p>\n<p class=\"chapter-paragraph\">Sono stati esclusi da quell\u2019incontro i due giornalisti designati venerd\u00ec scorso, fuori dall&#8217;<a href=\"https:\/\/roma.corriere.it\/notizie\/politica\/26_settembre_02\/rai-riunione-report-redazione-linea-dura-presutti-piervincenzi-innocenzi-4db8c046-28e0-4152-8be8-c81ce5a35xlk.shtml\" rel=\"nofollow noopener\" target=\"_blank\">assemblea che ha riunito inviati interni ed esterni alla trasmissione, produzione e giornalisti<\/a>, a colloquio per circa un&#8217;ora e mezza con i vertici aziendali. \u00ab<b>Se c&#8217;\u00e8 stato un confronto con la redazione? Non ancora, purtroppo\u00bb<\/b>, ha raccontato all&#8217;uscita dalla sede Rai Piervincenzi, unica concessione elargita ai cronisti prima di trincerarsi dietro un lungo silenzio.\u00a0<\/p>\n<p class=\"chapter-paragraph\">Rispetto all&#8217;aut aut emerso prima dell&#8217;incontro (\u00abse vengono nominati questi due conduttori noi inviati ci dimetteremo in blocco\u00bb, ha osservato <a href=\"https:\/\/roma.corriere.it\/notizie\/politica\/26_agosto_29\/report-chat-valesini-iovene-c712d4b8-0ad0-4676-9621-a92b5e117xlk.shtml\" rel=\"nofollow noopener\" target=\"_blank\">Giulia Innocenzi)<\/a> la posizione di questi ultimi si \u00e8 un po&#8217; \u201cammorbidita\u201d.<\/p>\n<p class=\"chapter-paragraph\">\u00abAbbiamo aperto un canale di comunicazione con l&#8217;azienda, per me \u00e8 positivo &#8211; ha sottolineato Danilo Procaccianti &#8211;<b> L&#8217;obiettivo \u00e8 andare in onda l&#8217;8 novembre con la consueta autonomia e indipendenza, che non \u00e8 cosa da poco. Non si \u00e8 parlato di nomi n\u00e9 di modalit\u00e0\u00bb.<\/b><\/p>\n<p class=\"chapter-paragraph\">Nel frattempo la Rai ha consegnato ai<a href=\"https:\/\/roma.corriere.it\/notizie\/cronaca\/26_agosto_31\/rai-rancucci-pressioni-legali-69ae38d0-3b47-4b7d-9c1c-46915f6f0xlk.shtml\" rel=\"nofollow noopener\" target=\"_blank\"> legali di Ranucci<\/a> la documentazione chiesta in risposta alla richiesta dell&#8217;avvocato di motivare nel dettaglio le ragioni della rimozione del giornalista dalla conduzione di Report.\u00a0<\/p>\n<p class=\"is-mr-t-20 is-mr-b-20\"><b><br \/>\n                    <a href=\"https:\/\/roma.corriere.it\/?intcmp=Notizielocali_nd_010623_corriere_ss_roma\" target=\"_blank\" rel=\"nofollow noopener\">Vai a tutte le notizie di Roma<\/a><br \/>\n            <\/b><\/p>\n<p>[an error occurred while processing this directive]<\/p>\n<p class=\"is-last-update\" datetime=\"2026-09-03T20:35:37+02:00\">3 settembre 2026 ( modifica il 3 settembre 2026 | 20:35)<\/p>\n<p class=\"is-copyright\">\n            \u00a9 RIPRODUZIONE RISERVATA\n        <\/p>\n","protected":false},"excerpt":{"rendered":"di Antonella Baccaro e Redazione Roma Il direttore Corsini si era preso 24 ore di tempo dopo l&#8217;incontro&hellip;\n","protected":false},"author":3,"featured_media":664107,"comment_status":"","ping_status":"","sticky":false,"template":"","format":"standard","meta":{"footnotes":"","_share_on_mastodon":"0"},"categories":[6],"tags":[10147,9978,2546,365960,365961,4072,179966,365962,365963,2138,365964,365965,5682,9084,365966,15948,45400,32320,365967,365968,352247,1245,365969,365970,14,20770,3163,360711,1368,13204,365971,1109,4348,2618,8,399,7292,21658,2460,1537,90,89,7,15,82,9,83,10,9167,360709,8559,360710,897,2848,30051,7163,4910,69038,1857,13,11,80,84,12,81,85,47180],"class_list":["post-664106","post","type-post","status-publish","format-standard","has-post-thumbnail","category-ultime-notizie","tag-assemblea","tag-aut","tag-autonomia","tag-autonomia-programma","tag-autonomia-programma-rifiuta","tag-azienda","tag-cdr","tag-cdr-redazione","tag-cdr-redazione-difende","tag-cercare","tag-cercare-soluzione","tag-cercare-soluzione-interna","tag-chiudere","tag-claudia","tag-claudia-pasquale","tag-conduttore","tag-conduttori","tag-conduzione","tag-conduzione-intenzione","tag-conduzione-intenzione-chiudere","tag-conduzione-report","tag-corsini","tag-corsini-preso","tag-corsini-preso-incontro","tag-cronaca","tag-cronisti","tag-daniele","tag-daniele-piervincenzi","tag-decisione","tag-difende","tag-difende-autonomia","tag-direttore","tag-giornalista","tag-giulia","tag-headlines","tag-incontro","tag-intenzione","tag-inviati","tag-ipotesi","tag-it","tag-italia","tag-italy","tag-news","tag-notizie","tag-notizie-di-cronaca","tag-notizie-principali","tag-notiziedicronaca","tag-notizieprincipali","tag-onda","tag-piervincenzi","tag-preso","tag-presutti","tag-programma","tag-rai","tag-ranucci","tag-redazione","tag-report","tag-sottile","tag-squadra","tag-titoli","tag-ultime-notizie","tag-ultime-notizie-di-cronaca","tag-ultime-notizie-e-news-di-oggi","tag-ultimenotizie","tag-ultimenotiziedicronaca","tag-ultimenotizieenewsdioggi","tag-valutazioni"],"share_on_mastodon":{"url":"","error":"Validation failed: Text character limit of 500 exceeded"},"_links":{"self":[{"href":"https:\/\/www.europesays.com\/it\/wp-json\/wp\/v2\/posts\/664106","targetHints":{"allow":["GET"]}}],"collection":[{"href":"https:\/\/www.europesays.com\/it\/wp-json\/wp\/v2\/posts"}],"about":[{"href":"https:\/\/www.europesays.com\/it\/wp-json\/wp\/v2\/types\/post"}],"author":[{"embeddable":true,"href":"https:\/\/www.europesays.com\/it\/wp-json\/wp\/v2\/users\/3"}],"replies":[{"embeddable":true,"href":"https:\/\/www.europesays.com\/it\/wp-json\/wp\/v2\/comments?post=664106"}],"version-history":[{"count":0,"href":"https:\/\/www.europesays.com\/it\/wp-json\/wp\/v2\/posts\/664106\/revisions"}],"wp:featuredmedia":[{"embeddable":true,"href":"https:\/\/www.europesays.com\/it\/wp-json\/wp\/v2\/media\/664107"}],"wp:attachment":[{"href":"https:\/\/www.europesays.com\/it\/wp-json\/wp\/v2\/media?parent=664106"}],"wp:term":[{"taxonomy":"category","embeddable":true,"href":"https:\/\/www.europesays.com\/it\/wp-json\/wp\/v2\/categories?post=664106"},{"taxonomy":"post_tag","embeddable":true,"href":"https:\/\/www.europesays.com\/it\/wp-json\/wp\/v2\/tags?post=664106"}],"curies":[{"name":"wp","href":"https:\/\/api.w.org\/{rel}","templated":true}]}}