{"id":664112,"date":"2026-09-04T06:10:24","date_gmt":"2026-09-04T06:10:24","guid":{"rendered":"https:\/\/www.europesays.com\/it\/664112\/"},"modified":"2026-09-04T06:10:24","modified_gmt":"2026-09-04T06:10:24","slug":"caso-basket-a-brescia-ferrari-sono-pronto-da-lunedi-a-mettere-a-disposizione-due-titoli-di-b1-e-uno-di-a2-serve-una-newco-io-mi-impegno-per-le-giovanili","status":"publish","type":"post","link":"https:\/\/www.europesays.com\/it\/664112\/","title":{"rendered":"Caso basket a Brescia, Ferrari: sono pronto da luned\u00ec a mettere a disposizione due titoli di B1 e uno di A2. Serve una newco, io mi impegno per le giovanili"},"content":{"rendered":"<p>    di<br \/>\n    Redazione Brescia<\/p>\n<p class=\"summary-art is-line-h-12\">Dopo la cessione dei diritti sportivi il presidente della Germani spiega le sue ragioni: \u00abNon esiste nessun progetto se non c&#8217; \u00e8 sostenibilit\u00e0 economica. Il basket per i ragazzi non sparir\u00e0. Da luned\u00ec i nostri dipendenti non saranno senza lavoro. Si pu\u00f2 continuare a fare basket al Palaleonessa ma con parametri diversi\u00bb Per il futuro \u00abSono pronto da luned\u00ec a mettere a disposizione delle istituzioni due titoli di B1 e uno  di A2\u00bb. \u00abUna sola famiglia non pu\u00f2 sostenere queste spese, abbiamo messo 11-12 milioni l&#8217;anno, \u00e8 stato bello, ci siamo divertiti, ma ora bisogna resettare e ripartire\u00bb<\/p>\n<p class=\"chapter-paragraph\">Ore 17. L&#8217;ora della verit\u00e0. O meglio<b> l&#8217;ora delle spiegazioni di Mauro Ferrari<\/b> che per sette milioni di euro ha ceduto i diritti sportivi della Pallacanestro Brescia a Paul Matiasic:<b>\u00a0 la Germani diventer\u00e0 Maxima Roma. <\/b>Una scelta che ha lasciato di sasso i tifosi, che meno di un paio di settimane fa erano sugli spalti a tifare per la conquista delle scudetto e ora provano a capire perch\u00e8\u00a0\u00abla loro squadra del cuore\u00bb non giocher\u00e0 pi\u00f9 in citt\u00e0.\u00a0<\/p>\n<p class=\"chapter-paragraph\">Sono accorsi numerosi all&#8217;azienda Germani per sentire le parole di Ferrari, sventolando le bandiere bianche e blu, le stesse che per anni, hanno riempito le gradinate del palazzetto, hanno sostenuto i giocatori. Davanti alla sede hanno<b> posizionato anche una corona di fiori&#8230; il funerale della Germani basket.\u00a0<\/b>    &#13;<br \/>\n&#13;<br \/>\n&#13;<br \/>\n&#13;<br \/>\n&#13;<br \/>\n&#13;<br \/>\n&#13;<br \/>\n&#13;<br \/>\n&#13;<br \/>\n&#13;<br \/>\n&#13;<br \/>\n&#13;<br \/>\n&#13;<br \/>\n&#13;<br \/>\n&#13;<br \/>\n&#13;<br \/>\n&#13;<br \/>\n&#13;<br \/>\n&#13;<br \/>\n&#13;<br \/>\n&#13;<br \/>\n&#13;<br \/>\n&#13;<br \/>\n&#13;<br \/>\n&#13;<br \/>\n&#13;<br \/>\n&#13;<br \/>\n&#13;<br \/>\n&#13;<br \/>\n&#13;<br \/>\n&#13;<br \/>\n&#13;<br \/>\n&#13;<br \/>\n&#13;<br \/>\n&#13;<br \/>\n&#13;<br \/>\n&#13;<br \/>\n&#13;<br \/>\n&#13;<br \/>\n&#13;<br \/>\n&#13;<br \/>\n&#13;<br \/>\n&#13;<br \/>\n&#13;<br \/>\n&#13;<br \/>\n&#13;<br \/>\n&#13;<br \/>\n&#13;<br \/>\n&#13;<br \/>\n&#13;<br \/>\n&#13;<br \/>\n&#13;<br \/>\n&#13;\n<\/p>\n<p class=\"chapter-paragraph\">Ma<b> l&#8217;ingresso di Ferrari \u00e8 accompagnato dalle grida di\u00a0\u00abBuffone, buffone\u00bb, \u00abSei solo come Cellino\u00bb,<\/b>\u00a0\u00abVogliamo solo rispetto\u00bb,\u00a0\u00abVergogna\u00bb. E il presidente reagisce dicendo:\u00a0\u00abPoi chiediamoci perch\u00e8 a Brescia spariscono calcio, rugby e basket\u00bb. \u00abFerrari put&#8230;na l&#8217;hai fatto per la grana&#8230;\u00a0\u00bb incalzano rabbiosi i tifosi prima dell&#8217;inizio della conferenza.\u00a0<\/p>\n<p>    L&#8217;attacco dei tifosi e la difesa di Ferrari<\/p>\n<p class=\"chapter-paragraph\">Subissato di fischi e di \u00abfuori, fuori, fuori\u00bb  Ferrari inizia appellandosi alla \u00abinsostenibilit\u00e0 del sistema\u00bb e facendo la storia della societ\u00e0: <b>iniziamo nel 2016 dopo la promozione in Serie A, <\/b>avevano bisogno di un sostegno economico e si rivolgono a me attraverso un suggerimento di Franco Dusina (presidente della  Centrale del Latte, ndr); da l\u00ec nasce un percorso che ha fatto<b> decollare Pallacanestro Brescia <\/b>perch\u00e9 Basket Brescia era in default. \u00c8  giusto sappiate che<b> durante questo periodo sono stati fatto sforzi economici importanti, per 30 milioni\u00bb.\u00a0<\/b>\u00abL<b>a sostenibilit\u00e0 deve essere alla base di un progetto &#8211;<\/b> ha proseguito Ferrari   -. <b>Un capo famiglia deve essere consapevole delle proprie disponibilit\u00e0 finanziarie, deve capire quando \u00e8 ora di resettare: nella<\/b><b> cassa della societ\u00e0 10 anni fa avevamo 30 milioni e ora 500 mila euro\u00bb<\/b>.\u00a0 Dice anche di aver convocato lo scorso anno 40 imprenditori per chiedere un sostegno economico al basket:\u00a0\u00abMi hanno risposto due signore\u00bb dice, per poi ricordare l&#8217;aiuto degli sponsor storici come Bonera e Zampedri.\u00a0<\/p>\n<p>    \u00abRipartiamo dalla B1 e dalle giovanili\u00bb<\/p>\n<p class=\"chapter-paragraph\">Ferrari assicura per\u00f2 che il <b>basket per i ragazzi a Brescia non scomparir\u00e0 e \u00abda luned\u00ec i miei dipendenti  non resteranno senza posto di lavoro. <\/b> Non ho assi nella manica, tuttavia ho pensato che sia cosa buona e giusta mettere a disposizione delle istituzioni, che oggi avevo invitato<b>, gi\u00e0 da luned\u00ec due titoli di B1 e due di A2 da poter acquisire per continuare a fare basket nella nostra citt\u00e0\u00bb. E lancia la palla sul tavolo della sindaca e degli sponsor (su tutti A2A, gallina dalle uova d&#8217;oro per la citt\u00e0).<\/b> Il suo progetto \u00e8 quello di acquisire uno di questi titoli vacanti, devolverlo al Comune per farne tesoriere e darlo poi in concessione a un costo irrisorio<b> a una costituenda newco<\/b>. \u00abUna B1 costa oltre un milione, per la A2 servono tre milioni e mezzo\u00bb ha aggiunto. Ipotesi dalla quale si sfila l&#8217;avvocato Massimiliano Battagliola, capogruppo in consiglio comunale di Brescia Civica, che aveva invece appoggiato la sindaca un anno fa per far ripartire il nuovo Brescia con il presidente Pasini.\u00a0<\/p>\n<p>    La squadra di B1 da rilevare?\u00a0\u00abNon lo dico, il valore schizzerebbe\u00bb<\/p>\n<p class=\"chapter-paragraph\">I diritti di quale squadra Ferrari voglia rilevare resta un mistero, anche se di A2\u00a0 non ce ne sarebbero disponibili. \u00abSe dico quali sono i titoli schizzano in alto\u00bb dice ricordando che c&#8217;\u00e8 tempo fino al 7 luglio e non per forza al 30 giugno per l&#8217;iter.\u00a0<\/p>\n<p>    Il lungo silenzio comunicativo<\/p>\n<p class=\"chapter-paragraph\">La domanda declinata in pi\u00f9 modi da diversi giornalisti \u00e8 sempre la stessa: perch\u00e9 non ha detto prima delle difficolt\u00e0 economiche e della voglia di lasciare? Perch\u00e8 non ha chiesto aiuto, non ha alzato bandiera bianca prima di vendere in pochi giorni, in gran segreto? \u00abLa comunicazione poteva essere gestita meglio?\u00a0 \u00abCi ho pensato un giorno intero, ma c&#8217;era un patto di riservatezza che dovevo rispettare &#8211; risponde Ferrari &#8211; e c&#8217;erano almeno 4 club pronti a vendere agli americani: se avessi divulgato un&#8217;operazione del genere, peraltro con un iter non ancora concluso, sarebbe saltata.\u00a0Io ho venduto per avere liquidit\u00e0 da mettere nel progetto. <b>Per fare una squadra di A1, anche solo per potersi salvare, servono 5-6 milioni.<\/b> <b>Una famiglia sola, sponsor a parte, non pu\u00f2 continuare tutti gli anni a sborsare tra i 3 e i 4 milioni\u00bb.<\/b><\/p>\n<p>    L&#8217;attacco al centrodestra: \u00abIpocrita\u00bb<\/p>\n<p class=\"chapter-paragraph\">Ferrari se la prende anche con il centrodestra, in particolare con Fratelli d&#8217;Italia, che venerd\u00ec hanno attaccato la Loggia\u00a0\u00abrea\u00bb, a giudizio dei meloniani, di aver dato troppi aiuti economici alla squadra senza garanzie per il futuro.<b>\u00a0\u00abL&#8217;opposizione \u00e8 ipocrita se attacca la sindaca, <\/b>come mai l&#8217;opposizione non l&#8217;ha applaudita quando siamo arrivati in finale?\u00bb dice ricordando l&#8217;impegno profuso dal primo cittadino nel salvare la prima squadra del Calcio e nell&#8217;affiancare il progetto basket.\u00a0<\/p>\n<p class=\"is-mr-t-20 is-mr-b-20\"><b><br \/>\n                    <a href=\"https:\/\/brescia.corriere.it\/?intcmp=Notizielocali_nd_010623_corriere_ss_brescia\" target=\"_blank\" rel=\"nofollow noopener\">Vai a tutte le notizie di Brescia<\/a><br \/>\n            <\/b><\/p>\n<p>[an error occurred while processing this directive]<\/p>\n<p class=\"is-last-update\" datetime=\"2026-06-27T19:44:31+02:00\">27 giugno 2026 ( modifica il 27 giugno 2026 | 19:44)<\/p>\n<p class=\"is-copyright\">\n            \u00a9 RIPRODUZIONE RISERVATA\n        <\/p>\n","protected":false},"excerpt":{"rendered":"di Redazione Brescia Dopo la cessione dei diritti sportivi il presidente della Germani spiega le sue ragioni: \u00abNon&hellip;\n","protected":false},"author":3,"featured_media":664113,"comment_status":"","ping_status":"","sticky":false,"template":"","format":"standard","meta":{"footnotes":"","_share_on_mastodon":"0"},"categories":[1453],"tags":[34451,24,765,1756,10526,365979,1757,6073,365980,721,6880,112,1365,365981,3876,2588,880,87850,6258,365982,2391,4222,9644,724,1909,368,12114,11370,1167,33479,6355,1537,90,89,2635,1691,365983,365984,365985,963,365978,365986,26132,18155,9637,10527,23,14594,135,2851,1917,365987,365988,1699,40127,12350,9436,245,244,1857,6035,13],"class_list":["post-664112","post","type-post","status-publish","format-standard","has-post-thumbnail","category-basket","tag-acquisire","tag-aiuto","tag-attacco","tag-basket","tag-basket-brescia","tag-basket-ragazzi","tag-basketball","tag-brescia","tag-buffone","tag-calcio","tag-capire","tag-centrodestra","tag-continuare","tag-continuare-basket","tag-dico","tag-dipendenti","tag-diritti","tag-diritti-sportivi","tag-disposizione","tag-disposizione-istituzioni","tag-diversi","tag-economici","tag-economico","tag-euro","tag-famiglia","tag-ferrari","tag-germani","tag-giovanili","tag-impegno","tag-ipocrita","tag-istituzioni","tag-it","tag-italia","tag-italy","tag-iter","tag-lunedi","tag-lunedi-dipendenti","tag-lunedi-mettere","tag-lunedi-mettere-disposizione","tag-mettere","tag-mettere-disposizione","tag-mettere-disposizione-istituzioni","tag-newco","tag-opposizione","tag-pallacanestro","tag-pallacanestro-brescia","tag-pensato","tag-perche","tag-presidente","tag-progetto","tag-pronto","tag-pronto-lunedi","tag-pronto-lunedi-mettere","tag-ragazzi","tag-resettare","tag-sindaca","tag-sponsor","tag-sport","tag-sports","tag-squadra","tag-tifosi","tag-titoli"],"share_on_mastodon":{"url":"","error":"Validation failed: Text character limit of 500 exceeded"},"_links":{"self":[{"href":"https:\/\/www.europesays.com\/it\/wp-json\/wp\/v2\/posts\/664112","targetHints":{"allow":["GET"]}}],"collection":[{"href":"https:\/\/www.europesays.com\/it\/wp-json\/wp\/v2\/posts"}],"about":[{"href":"https:\/\/www.europesays.com\/it\/wp-json\/wp\/v2\/types\/post"}],"author":[{"embeddable":true,"href":"https:\/\/www.europesays.com\/it\/wp-json\/wp\/v2\/users\/3"}],"replies":[{"embeddable":true,"href":"https:\/\/www.europesays.com\/it\/wp-json\/wp\/v2\/comments?post=664112"}],"version-history":[{"count":0,"href":"https:\/\/www.europesays.com\/it\/wp-json\/wp\/v2\/posts\/664112\/revisions"}],"wp:featuredmedia":[{"embeddable":true,"href":"https:\/\/www.europesays.com\/it\/wp-json\/wp\/v2\/media\/664113"}],"wp:attachment":[{"href":"https:\/\/www.europesays.com\/it\/wp-json\/wp\/v2\/media?parent=664112"}],"wp:term":[{"taxonomy":"category","embeddable":true,"href":"https:\/\/www.europesays.com\/it\/wp-json\/wp\/v2\/categories?post=664112"},{"taxonomy":"post_tag","embeddable":true,"href":"https:\/\/www.europesays.com\/it\/wp-json\/wp\/v2\/tags?post=664112"}],"curies":[{"name":"wp","href":"https:\/\/api.w.org\/{rel}","templated":true}]}}