{"id":664116,"date":"2026-09-04T06:12:18","date_gmt":"2026-09-04T06:12:18","guid":{"rendered":"https:\/\/www.europesays.com\/it\/664116\/"},"modified":"2026-09-04T06:12:18","modified_gmt":"2026-09-04T06:12:18","slug":"amadeus-la-casa-a-milano-il-terrazzo-con-vista-mozzafiato-la-scala-a-chiocciola-in-ferro-le-pareti-dorate-in-soggiorno-la-cucina-con-le-vetrate","status":"publish","type":"post","link":"https:\/\/www.europesays.com\/it\/664116\/","title":{"rendered":"Amadeus, la casa a Milano: il terrazzo con vista mozzafiato, la scala a chiocciola in ferro, le pareti dorate in soggiorno, la cucina con le vetrate"},"content":{"rendered":"<p>Una <strong><a href=\"https:\/\/www.leggo.it\/t\/casa\" rel=\"nofollow noopener\" target=\"_blank\">casa<\/a><\/strong> che guarda <a href=\"https:\/\/www.leggo.it\/t\/milano\" rel=\"nofollow noopener\" target=\"_blank\">Milano<\/a> dall&#8217;alto con grandi vetrate, ambienti luminosi e una famiglia meravigliosa con cui condividerla. <strong><a href=\"https:\/\/www.leggo.it\/t\/amadeus\" rel=\"nofollow noopener\" target=\"_blank\">Amadeus<\/a><\/strong>, oggi 4 settembre, compie 64 anni. Da circa 40 anni, il conduttore vive nel capoluogo meneghino insieme alla moglie <strong><a href=\"https:\/\/www.leggo.it\/t\/giovanna-civitillo\" rel=\"nofollow noopener\" target=\"_blank\">Giovanna Civitillo<\/a><\/strong> e al figlio Jos\u00e9, ma, per via degli impegni lavorativi, possiede anche un secondo rifugio nella Capitale: una villa immersa nel verde, molto diversa dall&#8217;abitazione milanese.<\/p>\n<p> Chi \u00e8 <img decoding=\"async\" alt=\"\" src=\"https:\/\/www.europesays.com\/it\/wp-content\/uploads\/2026\/09\/amadeus_la_casa_1_03151632.jpg\"\/> Foto LaPresse  <\/p>\n<p>Amedeo Umberto Rita Sebastiani, in arte Amadeus, nasce a Ravenna il 4 settembre 1962. La sua carriera comincia nel mondo della radio, prima del passaggio alla televisione, dove negli anni diventa uno dei conduttori pi\u00f9 popolari del piccolo schermo. Tra i programmi che hanno segnato il suo percorso ci sono L&#8217;Eredit\u00e0, Affari Tuoi e I Soliti Ignoti, ma \u00e8 soprattutto il Festival di Sanremo ad averlo consacrato come uno dei grandi protagonisti della tv italiana. Dal 2020 al 2024 conduce e dirige artisticamente cinque edizioni consecutive della kermesse, contribuendo a rinnovarne formula e cast. Nel 2024 lascia la Rai e approda al Nove, con cui i rapporti sono cessati (consensualmente) da giugno 2026, due anni in anticipo. <\/p>\n","protected":false},"excerpt":{"rendered":"Una casa che guarda Milano dall&#8217;alto con grandi vetrate, ambienti luminosi e una famiglia meravigliosa con cui condividerla.&hellip;\n","protected":false},"author":3,"featured_media":664117,"comment_status":"","ping_status":"","sticky":false,"template":"","format":"standard","meta":{"footnotes":"","_share_on_mastodon":"0"},"categories":[1451],"tags":[5024,5134,1621,1620,158678,203,252787,204,1537,90,89,28],"class_list":["post-664116","post","type-post","status-publish","format-standard","has-post-thumbnail","category-celebrita","tag-amadeus","tag-casa","tag-celebrita","tag-celebrities","tag-dove-vive","tag-entertainment","tag-giovanna-civitillo","tag-intrattenimento","tag-it","tag-italia","tag-italy","tag-milano"],"share_on_mastodon":{"url":"https:\/\/pubeurope.com\/@it\/117211297098599801","error":""},"_links":{"self":[{"href":"https:\/\/www.europesays.com\/it\/wp-json\/wp\/v2\/posts\/664116","targetHints":{"allow":["GET"]}}],"collection":[{"href":"https:\/\/www.europesays.com\/it\/wp-json\/wp\/v2\/posts"}],"about":[{"href":"https:\/\/www.europesays.com\/it\/wp-json\/wp\/v2\/types\/post"}],"author":[{"embeddable":true,"href":"https:\/\/www.europesays.com\/it\/wp-json\/wp\/v2\/users\/3"}],"replies":[{"embeddable":true,"href":"https:\/\/www.europesays.com\/it\/wp-json\/wp\/v2\/comments?post=664116"}],"version-history":[{"count":0,"href":"https:\/\/www.europesays.com\/it\/wp-json\/wp\/v2\/posts\/664116\/revisions"}],"wp:featuredmedia":[{"embeddable":true,"href":"https:\/\/www.europesays.com\/it\/wp-json\/wp\/v2\/media\/664117"}],"wp:attachment":[{"href":"https:\/\/www.europesays.com\/it\/wp-json\/wp\/v2\/media?parent=664116"}],"wp:term":[{"taxonomy":"category","embeddable":true,"href":"https:\/\/www.europesays.com\/it\/wp-json\/wp\/v2\/categories?post=664116"},{"taxonomy":"post_tag","embeddable":true,"href":"https:\/\/www.europesays.com\/it\/wp-json\/wp\/v2\/tags?post=664116"}],"curies":[{"name":"wp","href":"https:\/\/api.w.org\/{rel}","templated":true}]}}