{"id":664132,"date":"2026-09-04T06:22:15","date_gmt":"2026-09-04T06:22:15","guid":{"rendered":"https:\/\/www.europesays.com\/it\/664132\/"},"modified":"2026-09-04T06:22:15","modified_gmt":"2026-09-04T06:22:15","slug":"orio-perche-ryanair-tagliera-i-voli-in-inverno-a-rischio-riduzione-i-collegamenti-con-londra","status":"publish","type":"post","link":"https:\/\/www.europesays.com\/it\/664132\/","title":{"rendered":"Orio, perch\u00e9 Ryanair taglier\u00e0 i voli in inverno. A rischio riduzione i collegamenti con Londra"},"content":{"rendered":"<p>    di<br \/>\n    Fabio Paravisi<\/p>\n<p class=\"summary-art is-line-h-12\">L&#8217;aeroporto bergamasco conferma un traffico aereo da record, ma la principale compagnia deve affrontare il problema del caro carburante. Possibili aumenti dei prezzi dei voli<\/p>\n<p class=\"chapter-paragraph\">Per andare <b>a Londra da Orio servono due ore e 5 minuti,<\/b> e in alcuni giorni lo fanno<b> quattro voli fra le 9.15 e le 22.40<\/b>. Mentre altri quattro, che ci impiegano dieci minuti in meno, fanno il percorso inverso tra le 6.05 e le 22.05. \u00c8 un collegamento multifrequenza ed \u00e8 uno di quelli che <b>potrebbe subire tagli dalla programmazione di Ryanair<\/b> per i mesi invernali. <br \/>Per ora non c\u2019\u00e8 niente di definitivo e i dettagli della \u00abwinter\u00bb saranno annunciati a fine mese.\u00a0<\/p>\n<p>    I calcoli di Ryanair sul carburante<\/p>\n<p class=\"chapter-paragraph\">Ma la compagnia sta facendo i calcoli sugli ultimi prezzi del carburante per aerei:<b> ha una scorta dell\u201980% di quello necessario  per l\u2019esercizio 2027 <\/b>coperto a 67 dollari al barile, ma dovr\u00e0 pagare il resto 140 dollari. Per questo, spiega Ryanair, dovr\u00e0<b> \u00abridurre l\u2019esposizione del Gruppo al carburante<\/b>  non coperto durante il periodo invernale non redditizio (da novembre a marzo)\u00bb, visto anche che la mole di traffico \u00e8 prevista sui livelli degli anni scorsi. Per risparmiare la compagnia<b> sta quindi ricalcolando il servizio<\/b> prevedendo di trasportare due milioni di passeggeri in meno nell\u2019arco di un anno, <b>con una serie di tagli.<\/b> La riduzione, che viene definita \u00abuna tantum\u00bb, del programma invernale permetter\u00e0 di risparmiare nel semestre tra i 70 e i 100 milioni di euro.    &#13;<br \/>\n&#13;<br \/>\n&#13;<br \/>\n&#13;<br \/>\n&#13;<br \/>\n&#13;<br \/>\n&#13;<br \/>\n&#13;<br \/>\n&#13;<br \/>\n&#13;<br \/>\n&#13;<br \/>\n&#13;<br \/>\n&#13;<br \/>\n&#13;<br \/>\n&#13;<br \/>\n&#13;<br \/>\n&#13;<br \/>\n&#13;<br \/>\n&#13;<br \/>\n&#13;<br \/>\n&#13;<br \/>\n&#13;<br \/>\n&#13;<br \/>\n&#13;<br \/>\n&#13;<br \/>\n&#13;<br \/>\n&#13;<br \/>\n&#13;<br \/>\n&#13;<br \/>\n&#13;<br \/>\n&#13;<br \/>\n&#13;<br \/>\n&#13;<br \/>\n&#13;<br \/>\n&#13;<br \/>\n&#13;<br \/>\n&#13;<br \/>\n&#13;<br \/>\n&#13;<br \/>\n&#13;<br \/>\n&#13;<br \/>\n&#13;<br \/>\n&#13;<br \/>\n&#13;<br \/>\n&#13;<br \/>\n&#13;<br \/>\n&#13;<br \/>\n&#13;<br \/>\n&#13;<br \/>\n&#13;<br \/>\n&#13;<br \/>\n&#13;<br \/>\n&#13;\n<\/p>\n<p>    La rotta per Londra Stansted<\/p>\n<p class=\"chapter-paragraph\">Tra le rotte che registrano le maggiori perdite nei mesi invernali c\u2019\u00e8 proprio quella per Londra Stansted, verso la quale si decolla anche da Ciampino, Malpensa e Venezia: <b>\u00e8 molto trafficata d\u2019estate ma molto meno nei mesi freddi<\/b>. E a Bergamo \u00e8 appunto una rotta multifrequenza, con diversi voli del corso della giornata<b>. E sulla quale \u00e8 quindi pi\u00f9 facile tagliare <\/b>senza creare grossi disagi. Sacbo non ha ancora ricevuto comunicazioni, ma, ammette il presidente Giovanni Sanga, \u00ab\u00e8 un rischio reale al quale non siamo estranei\u00bb. <br \/>Se poi i prezzi dei carburanti dovessero restare alti,<b>  Ryanair prevede aumenti \u00abin modo significativo\u00bb dei prezzi nei voli a corto raggio in Europa<\/b>, proprio come quelli che partono da Orio. Intanto la compagnia irlandese continua a crescere e dice di essere \u00absulla buona strada\u00bb per chiudere il traffico estivo (quello da aprile a ottobre) con un aumento del  5% dei propri passeggeri, da 138  a 145 milioni.<\/p>\n<p>    A Orio 300 mila passeggeri pi\u00f9 dell&#8217;anno record (2024)<\/p>\n<p class=\"chapter-paragraph\">E continua anche la crescita del traffico dello scalo di Orio: secondo gli ultimi dati di Assaeroporti, che arrivano fino alla fine di luglio, si tratta di numeri che viaggiano ormai a una quota stabilizzata di 300 mila passeggeri in pi\u00f9 rispetto all\u2019anno del record, il 2024. Nel mese di luglio, quindi, ci sono stati 10.778 tra decolli e atterraggi, con un aumento del 10,9% rispetto allo scorso anno: erano stati invece  10.610 nello stesso mese di due anni fa. I voli privati sono agli stessi livelli degli anni scorsi (140), ma il totale da inizio anno  conferma un boom in corso: in sette mesi sono stati 1.439 contro gli 882 dello scorso anno e gli 802 di due anni fa. Questo favorito anche dall\u2019apertura, un anno fa, dell\u2019apposita struttura di servizio Bgy Executive.<\/p>\n<p>    Solo a luglio +10,7% in pi\u00f9 di passeggeri<\/p>\n<p class=\"chapter-paragraph\">I passeggeri di luglio sono stati in tutto 1.776.768, anche qui con un +10,7% sullo stesso mese dell\u2019anno scorso.  Come sempre riguardano soprattutto i voli con l\u2019estero (1.413.696, +11,2) di cui 1.047.923 dai Paesi dell\u2019Unione europea, mentre quelli dei collegamenti nazionali sono stati 361.971. Se si considerano invece i primi sette mesi dell\u2019anno, a utilizzare \u00abIl Caravaggio\u00bb sono stati 10.436.901 passeggeri contro i 9.728.639 dell\u2019anno scorso ma soprattutto contro i 10.151.062 dell\u2019anno del primato. Bisogner\u00e0 ora capire in che modo gli eventuali tagli invernali di Ryanair potranno influire sul totale annuo e su un eventuale nuovo record.<\/p>\n<p class=\"is-mr-t-20 is-mr-b-20\"><b><br \/>\n                    <a href=\"https:\/\/bergamo.corriere.it\/?intcmp=Notizielocali_nd_010623_corriere_ss_bergamo\" target=\"_blank\" rel=\"nofollow noopener\">Vai a tutte le notizie di Bergamo<\/a><br \/>\n            <\/b><\/p>\n<p>[an error occurred while processing this directive]<\/p>\n<p class=\"is-last-update\" datetime=\"2026-09-03T19:31:09+02:00\">4 settembre 2026<\/p>\n<p class=\"is-copyright\">\n            \u00a9 RIPRODUZIONE RISERVATA\n        <\/p>\n","protected":false},"excerpt":{"rendered":"di Fabio Paravisi L&#8217;aeroporto bergamasco conferma un traffico aereo da record, ma la principale compagnia deve affrontare il&hellip;\n","protected":false},"author":3,"featured_media":664133,"comment_status":"","ping_status":"","sticky":false,"template":"","format":"standard","meta":{"footnotes":"","_share_on_mastodon":"0"},"categories":[172],"tags":[178,24015,737,177,20549,8740,15633,676,4385,934,70867,790,3761,72813,93925,1537,90,89,14707,365998,5122,213961,426,3783,3479,365999,47310,11021,3792,366000,3421,16559,2441,18216,1270,336,17932,12917,669,4740,1780,8700],"class_list":["post-664132","post","type-post","status-publish","format-standard","has-post-thumbnail","category-affari","tag-affari","tag-aumenti","tag-aumento","tag-business","tag-calcoli","tag-carburante","tag-collegamenti","tag-compagnia","tag-conferma","tag-continua","tag-coperto","tag-corso","tag-dollari","tag-invernale","tag-invernali","tag-it","tag-italia","tag-italy","tag-livelli","tag-livelli-scorsi","tag-londra","tag-londra-stansted","tag-luglio","tag-mese","tag-minuti","tag-multifrequenza","tag-orio","tag-passeggeri","tag-prezzi","tag-prezzi-voli","tag-record","tag-riduzione","tag-rischio","tag-risparmiare","tag-rispetto","tag-rotta","tag-ryanair","tag-scorsi","tag-servizio","tag-tagli","tag-traffico","tag-voli"],"share_on_mastodon":{"url":"","error":"Validation failed: Text character limit of 500 exceeded"},"_links":{"self":[{"href":"https:\/\/www.europesays.com\/it\/wp-json\/wp\/v2\/posts\/664132","targetHints":{"allow":["GET"]}}],"collection":[{"href":"https:\/\/www.europesays.com\/it\/wp-json\/wp\/v2\/posts"}],"about":[{"href":"https:\/\/www.europesays.com\/it\/wp-json\/wp\/v2\/types\/post"}],"author":[{"embeddable":true,"href":"https:\/\/www.europesays.com\/it\/wp-json\/wp\/v2\/users\/3"}],"replies":[{"embeddable":true,"href":"https:\/\/www.europesays.com\/it\/wp-json\/wp\/v2\/comments?post=664132"}],"version-history":[{"count":0,"href":"https:\/\/www.europesays.com\/it\/wp-json\/wp\/v2\/posts\/664132\/revisions"}],"wp:featuredmedia":[{"embeddable":true,"href":"https:\/\/www.europesays.com\/it\/wp-json\/wp\/v2\/media\/664133"}],"wp:attachment":[{"href":"https:\/\/www.europesays.com\/it\/wp-json\/wp\/v2\/media?parent=664132"}],"wp:term":[{"taxonomy":"category","embeddable":true,"href":"https:\/\/www.europesays.com\/it\/wp-json\/wp\/v2\/categories?post=664132"},{"taxonomy":"post_tag","embeddable":true,"href":"https:\/\/www.europesays.com\/it\/wp-json\/wp\/v2\/tags?post=664132"}],"curies":[{"name":"wp","href":"https:\/\/api.w.org\/{rel}","templated":true}]}}