{"id":664137,"date":"2026-09-04T06:25:18","date_gmt":"2026-09-04T06:25:18","guid":{"rendered":"https:\/\/www.europesays.com\/it\/664137\/"},"modified":"2026-09-04T06:25:18","modified_gmt":"2026-09-04T06:25:18","slug":"report-claudia-di-pasquale-scelta-come-co-conduttrice-insieme-a-daniele-piervincenzi","status":"publish","type":"post","link":"https:\/\/www.europesays.com\/it\/664137\/","title":{"rendered":"Report, Claudia Di Pasquale scelta come co-conduttrice insieme a Daniele Piervincenzi"},"content":{"rendered":"<p>Sembra essersi <a data-intcmp=\"skytg24_foglia articolo_interlink_text\" href=\"https:\/\/tg24.sky.it\/politica\/2026\/08\/29\/caso-ranucci-conduzione-report-polemica\" rel=\"nofollow noopener\" target=\"_blank\">sciolto il nodo della conduzione di Report<\/a>: il direttore dell&#8217;Approfondimento Rai Paolo Corsini ha infatti indicato Claudia Di Pasquale per affiancare Daniele Piervincenzi. La decisione, secondo quanto comunicato dalla Rai, \u00e8 stata assunta a seguito della <a data-intcmp=\"skytg24_foglia articolo_interlink_text\" href=\"https:\/\/tg24.sky.it\/cronaca\/2026\/09\/03\/giornalista-giulia-presutti-chi-e\" rel=\"nofollow noopener\" target=\"_blank\">rinuncia di Giulia Presutti<\/a>. Corsini ha spiegato: &#8220;Ho preso atto della scelta di Presutti, che comprendo umanamente. Una giovane e valida giornalista alla quale \u00e8 andata la fiducia dell&#8217;azienda che rinnovo convintamente. Di Pasquale \u00e8 una collega interna alla redazione del programma Report, di grande esperienza. Un grosso in bocca al lupo a lei e Daniele Piervincenzi e a tutta la squadra di Report per la sfida che ci attende&#8221;. Ai colleghi\u00a0Claudia Di Pasquale ha detto:\u00a0&#8220;Ho scelto di accettare solo perch\u00e9 tutta la squadra di Report mi ha chiesto di dire di s\u00ec\u201d.\u00a0L\u2019ex conduttore Sigfrido Ranucci si \u00e8 detto \u201cfelicissimo per la scelta di Claudia, perch\u00e9 \u00e8 una grandissima professionista, rigorosa, tosta e indipendente. Sarebbe stata una delle mie scelte preferite in una normale dialettica aziendale se Corsini me l&#8217;avesse chiesto&#8221;.<\/p>\n<p>\t\t \tLa soddisfazione degli inviati di Report<\/p>\n<p>Una indicazione che \u00e8 stata approvata dagli inviati di Report: questi infatti hanno espresso &#8220;soddisfazione per la scelta di Claudia Di Pasquale come nuova conduttrice del programma e di Bernardo Iovene e Giulio Valesini come capo-autori&#8221;. Gli inviati hanno aggiunto che \u201cClaudia Di Pasquale \u00e8 una delle giornaliste pi\u00f9 autorevoli della squadra storica di Report. Assunta da Milena Gabanelli nel 2011, ha realizzato alcuni dei servizi che hanno scritto la storia del programma. \u00c8 stata insignita dei pi\u00f9 importanti premi giornalistici, tra cui il Premiolino nel 2019. Per tutti noi Claudia Di Pasquale \u00e8 la pi\u00f9 degna rappresentante dello spirito e del dna di Report. Confidiamo che insieme a Valesini e Iovene sar\u00e0 in grado di garantire la consueta autonomia e libert\u00e0 alla squadra dei giornalisti&#8221;.<\/p>\n<p>Chi \u00e8 Claudia Di Pasquale<\/p>\n<p>Claudia Di Pasquale \u00e8 una delle inviate storiche di Report. Palermitana, classe 1977, ha iniziato la carriera nel 2000 scrivendo articoli per quotidiani e periodici. Nel 2006 ha vinto la borsa di studio del premio giornalistico &#8220;Mario Formenton&#8221;. Ha collaborato con la Sicilia, la Repubblica, il Venerd\u00ec, D la Repubblica delle Donne, e il settimanale Diario. Dal 2007 al 2011 \u00e8 stata inviata del programma Exit de La7. Nel 2009 \u00e8 stata finalista al premio &#8220;Ilaria Alpi&#8221; con l&#8217;inchiesta &#8220;Il Mercato dei voti&#8221; sulle elezioni regionali del 2008 in Sicilia. Dal 2011 \u00e8 inviata di Report, programma per il quale ha realizzato inchieste su diverse tematiche, divenendo uno dei volti pi\u00f9 riconoscibili della trasmissione. Tra i servizi pi\u00f9 rilevanti un reportage sugli intrecci politici e finanziari a San Marino &#8220;Un sottosegretario a San Marino&#8221;, che le \u00e8 valso nel 2019 la vittoria del Premiolino, e un approfondimento sul lavoro dei medici del 118 durante l&#8217;emergenza sanitaria, andato in onda nella puntata &#8220;Il paziente zero&#8221;, per il quale ha vinto nel 2020 il Premio SIS 118 &#8220;Giornalisti dell&#8217;Emergenza&#8221;.<\/p>\n<p>Consiglieri Rai chiedono Cda straordinario<\/p>\n<p>Intanto sul caso Report sono intervenuti in giornata i consiglieri Rai Roberto Natale, Alessandro Di Majo e Davide Di Pietro, che hanno chiesto la convocazione urgente di Cda straordinario: \u201cLa disastrosa gestione della vicenda Report continua a produrre ogni giorno effetti devastanti sull&#8217;immagine della Rai. Oggi la situazione di tensione che da settimane grava sul gruppo di lavoro ha prodotto un altro intollerabile capitolo: quello dei pubblici insulti ai danni di Salvo Sottile, che da settimane aveva pesantemente contribuito sui suoi social ad alimentare le polemiche contro Sigfrido Ranucci&#8221;.<\/p>\n<p>\t\t\t<a class=\"c-inline-card j-inline-card c-inline-card--with-image\" href=\"https:\/\/tg24.sky.it\/cronaca\/2026\/09\/02\/ranucci-lavitola-aggressione-carcere-rebibbia-roma\" rel=\"follow nofollow noopener\" data-intcmp=\"skytg24_articolo_approfondimenti_inline\" target=\"_blank\"><\/p>\n<p>\t\t\t         <img decoding=\"async\" crossorigin=\"anonymous\" alt=\"\"  loading=\"lazy\"  src=\"https:\/\/www.europesays.com\/it\/wp-content\/uploads\/2026\/09\/hero_ansa_lavitola_ranucci_presutti.jpg\"\/><\/p>\n<p>\n\t\t\t         Leggi anche<br \/>\n\t\t\t         Lavitola, fonti\u00a0Dap: no aggressione. Report, passo indietro Presutti\n\t\t\t      <\/p>\n<p>\t\t\t<\/a><\/p>\n","protected":false},"excerpt":{"rendered":"Sembra essersi sciolto il nodo della conduzione di Report: il direttore dell&#8217;Approfondimento Rai Paolo Corsini ha infatti indicato&hellip;\n","protected":false},"author":3,"featured_media":664138,"comment_status":"","ping_status":"","sticky":false,"template":"","format":"standard","meta":{"footnotes":"","_share_on_mastodon":"0"},"categories":[6],"tags":[14,369,8,1537,90,89,7,15,82,9,83,10,2848,4910,5486,13,11,80,84,12,81,85],"class_list":["post-664137","post","type-post","status-publish","format-standard","has-post-thumbnail","category-ultime-notizie","tag-cronaca","tag-digitall","tag-headlines","tag-it","tag-italia","tag-italy","tag-news","tag-notizie","tag-notizie-di-cronaca","tag-notizie-principali","tag-notiziedicronaca","tag-notizieprincipali","tag-rai","tag-report","tag-televisione","tag-titoli","tag-ultime-notizie","tag-ultime-notizie-di-cronaca","tag-ultime-notizie-e-news-di-oggi","tag-ultimenotizie","tag-ultimenotiziedicronaca","tag-ultimenotizieenewsdioggi"],"share_on_mastodon":{"url":"https:\/\/pubeurope.com\/@it\/117211347997761252","error":""},"_links":{"self":[{"href":"https:\/\/www.europesays.com\/it\/wp-json\/wp\/v2\/posts\/664137","targetHints":{"allow":["GET"]}}],"collection":[{"href":"https:\/\/www.europesays.com\/it\/wp-json\/wp\/v2\/posts"}],"about":[{"href":"https:\/\/www.europesays.com\/it\/wp-json\/wp\/v2\/types\/post"}],"author":[{"embeddable":true,"href":"https:\/\/www.europesays.com\/it\/wp-json\/wp\/v2\/users\/3"}],"replies":[{"embeddable":true,"href":"https:\/\/www.europesays.com\/it\/wp-json\/wp\/v2\/comments?post=664137"}],"version-history":[{"count":0,"href":"https:\/\/www.europesays.com\/it\/wp-json\/wp\/v2\/posts\/664137\/revisions"}],"wp:featuredmedia":[{"embeddable":true,"href":"https:\/\/www.europesays.com\/it\/wp-json\/wp\/v2\/media\/664138"}],"wp:attachment":[{"href":"https:\/\/www.europesays.com\/it\/wp-json\/wp\/v2\/media?parent=664137"}],"wp:term":[{"taxonomy":"category","embeddable":true,"href":"https:\/\/www.europesays.com\/it\/wp-json\/wp\/v2\/categories?post=664137"},{"taxonomy":"post_tag","embeddable":true,"href":"https:\/\/www.europesays.com\/it\/wp-json\/wp\/v2\/tags?post=664137"}],"curies":[{"name":"wp","href":"https:\/\/api.w.org\/{rel}","templated":true}]}}