{"id":664146,"date":"2026-09-04T06:38:18","date_gmt":"2026-09-04T06:38:18","guid":{"rendered":"https:\/\/www.europesays.com\/it\/664146\/"},"modified":"2026-09-04T06:38:18","modified_gmt":"2026-09-04T06:38:18","slug":"zvonimir-boban-intervista-il-milan-ramos-la-fifa-la-dinamo-e","status":"publish","type":"post","link":"https:\/\/www.europesays.com\/it\/664146\/","title":{"rendered":"Zvonimir Boban intervista: &#8220;Il Milan, Ramos, la Fifa, la Dinamo e&#8230;&#8221;"},"content":{"rendered":"<p>                                L&#8217;ex centrocampista: &#8220;Non vedo passi avanti in rossonero, se non la voglia di giocare un calcio offensivo. Mi \u00e8 piaciuta la storia di Cisse. Caos Nazionale, Maldini non ha responsabilit\u00e0&#8221;<\/p>\n<p>            <a class=\"image is-50x50\" href=\"https:\/\/www.gazzetta.it\/redazione\/luca-bianchin\/\" rel=\"nofollow noopener\" target=\"_blank\"><br \/>\n                <img decoding=\"async\" class=\"is-rounded\" src=\"https:\/\/www.europesays.com\/it\/wp-content\/uploads\/2026\/08\/luca_bianchin_avatar.png\" alt=\"Luca Bianchin\"\/><br \/>\n            <\/a><\/p>\n<p>Giornalista<\/p>\n<p>                    4 settembre &#8211; 07:42  &#8211; MILANO<\/p>\n<p class=\"paragraph\" spellcheck=\"true\">Se capitate a Zagabria in un marted\u00ec d\u2019autunno, andate al campo della Dinamo. Potreste trovare un uomo che gioca con i ragazzi dell\u2019Under 15. Elegante, tecnico, molto pi\u00f9 giovane dei suoi 58 anni: se lo chiamano Presidente, \u00e8 lui. Zvonimir Boban non ha perso l\u2019amore per il pallone e per lui qualche volta allaccia le scarpe, oppure guida per ore e ore. Nei prossimi mesi torner\u00e0 a fare Zagabria-Milano-Zagabria per commentare le coppe europee per Sky Sport e in fondo Zvone lo dice sempre, che nessuno al mondo ha percorso la A4 quanto lui. Una volta lo faceva ascoltando I promessi sposi \u2013 l\u2019uomo \u00e8 appassionato di Manzoni \u2013 mentre ora sta pi\u00f9 tempo al telefono, per trattare calciatori o parlare di Champions, Serie A, vita.<\/p>\n<p class=\"paragraph\" spellcheck=\"true\"><b>Cominciamo con tre temi forti sulla Champions. Mourinho \u00e8 all\u2019altezza della sfida al Real Madrid oppure il suo meglio \u00e8 alle spalle?<\/b>\u00a0<\/p>\n<p>&#8220;Negli ultimi tempi non \u00e8 stato quello degli anni migliori per\u00f2, se ritrova la vena, pu\u00f2 fare l\u2019impresa. Mi sembra comunque una sfida complessa&#8230;&#8221;.\u00a0<\/p>\n<p><b>Perch\u00e9? Ci sono squadre nettamente superiori?\u00a0<\/b><\/p>\n<p>&#8220;Barcellona, Psg e Bayern sono le migliori, e Yamal sarebbe la mia scelta per il Pallone d\u2019oro: ha un talento assurdo, \u00e8 ancora un bimbo ma la naturalezza con cui gioca \u00e8 unica. Tra le inglesi, dico Arsenal: \u00e8 la mia quarta favorita. Sono curioso, il nuovo format si \u00e8 rivelato avvincente e commentare le partite \u00e8 sempre bello&#8221;.\u00a0<\/p>\n<p><b>Si pu\u00f2 essere presidente di una societ\u00e0 di calcio e commentatore della squadra di Sky?\u00a0<\/b><br \/>\u200b<br \/>&#8220;S\u00ec, fare il commentatore mi permette di staccare dal mio ruolo di presidente della Dinamo e tenere vivo l\u2019amore per l\u2019Italia e il giornalismo&#8221;.\u00a0<\/p>\n<p><b>Secondo tema, parliamo della favorita della Champions: Luis Enrique, dopo il lavoro fatto al Psg, \u00e8 uno dei migliori 10 allenatori di sempre?\u00a0<\/b><\/p>\n<p>&#8220;Non mi piacciono queste classifiche ma di sicuro Luis Enrique \u00e8 gi\u00e0 nella storia: ha fatto un miracolo, non credevo fosse cos\u00ec bravo. Mi ha colpito come abbia trovato una collocazione a Demb\u00e9l\u00e9, che a Barcellona non capiva come collaborare con gli altri. Mi sembra della categoria di Kovacs, Sacchi, Cruijff, Guardiola, Capello: i grandi&#8221;.\u00a0<\/p>\n<p><b>E Maresca \u00e8 l\u2019uomo giusto per il dopo Guardiola?\u00a0<\/b><\/p>\n<p>&#8220;Mi piace tanto, ha un\u2019idea di calcio propositiva. C\u2019\u00e8 tanta logica nell\u2019aver scelto lui&#8221;.\u00a0<\/p>\n<p><b>Va bene ma, al posto di Guardiola, Boban avrebbe accettato la nazionale italiana?\u00a0<br \/><\/b><br \/>&#8220;No, il fatto che non se la sia sentita \u00e8 importante: probabilmente per lui sarebbe frustrante non lavorare ogni giorno sul campo. So che Guardiola ha un rispetto enorme per Maldini, ma ha capito che non era il momento. Dobbiamo ringraziarlo tutti, durante la sua carriera di allenatore ha dato tantissimo al calcio&#8221;.<\/p>\n<p class=\"paragraph\" spellcheck=\"true\"><b>Chi ha sbagliato nel caos-federazione?<\/b>\u00a0<\/p>\n<p>&#8220;Dipende da quali erano gli accordi e chi li ha traditi. Certamente non Paolo&#8230;&#8221;.\u00a0<\/p>\n<p><b>Certo che scegliere per la Nazionale un allenatore come Pirlo, reduce da Karagumruk, Sampdoria e United Fc\u2026<\/b>\u00a0<\/p>\n<p>&#8220;Pirlo come allenatore non ha avuto dei successi ma sa che cosa voglia dire la Nazionale. Non \u00e8 uno stupido e i giocatori in lui vedono un genio del calcio, e questo non \u00e8 stato capito. Un dirigente sceglie e si prende la responsabilit\u00e0 delle sue scelte&#8221;.\u00a0<\/p>\n<p class=\"text\">Pirlo come allenatore non ha avuto dei successi ma sa che cosa voglia dire la Nazionale. Non \u00e8 uno stupido e i giocatori in lui vedono un genio del calcio&#8221;<\/p>\n<p>Zvonimir Boban<\/p>\n<p class=\"paragraph\" spellcheck=\"true\"><b>\u00c8 un problema di mentalit\u00e0 del calcio italiano?\u00a0<\/b><\/p>\n<p>&#8220;Sul piano delle idee, siamo lontani dall\u2019Europa e dalla sua idea di velocit\u00e0. Il calcio italiano \u00e8 poco offensivo, sempre pi\u00f9 fisico e meno propositivo. In epoca post-Sacchi, il 90% delle squadre vincenti avevano la difesa a quattro e due uomini sulle fasce, in Italia invece si giocano i catenacci modernizzati, con le difese a tre. Sta ai club cambiare strada, la federazione non pu\u00f2 imporlo&#8221;.\u00a0<\/p>\n<p><b>Non salviamo nessuno?\u00a0<\/b><\/p>\n<p>&#8220;Il Como. Sono un tifoso del progetto e di come Fabregas sta allenando la squadra. E poi c\u2019\u00e8 Baturina, un ragazzo della Dinamo Zagabria come me&#8221;.\u00a0<\/p>\n<p><b>E se vincesse lo scudetto? Possibile?\u00a0<\/b><\/p>\n<p>&#8220;Se guardo come gioca il Como e quante volte ha perso partite dominate, dico di s\u00ec. Pu\u00f2 complicare la vita a tutti. Poi certo, l\u2019Inter \u00e8 molto pi\u00f9 avanti e la storia conta: ci saranno momenti in cui la forza della maglia e della tradizione peser\u00e0&#8221;.\u00a0<\/p>\n<p><b>Chi dopo l\u2019Inter?<\/b><\/p>\n<p>&#8220;La Juventus, la Roma&#8221;.\u00a0<\/p>\n<p><b>E il Milan?\u00a0<\/b><\/p>\n<p>&#8220;Il Milan da anni non fa cose da Milan, in nessun senso. Non vedo passi avanti, se non per il coraggio e la voglia di giocare un calcio offensivo. Lo scorso anno ha perso col Cagliari perch\u00e9 per tutta la stagione aveva giocato un calcio difensivo: al momento buono, non \u00e8 riuscito a dominare la partita. Ramos \u00e8 stato pagato un prezzo sproporzionato, in compenso si muove bene per il gol e vede la porta, ma siamo lontani dalla qualit\u00e0 che cambia la dimensione. Piuttosto, mi ha emozionato la storia di Cisse, un ragazzino arrivato dal nulla grazie al talento&#8221;.\u00a0<\/p>\n<p class=\"paragraph\" spellcheck=\"true\"><b>Il ragazzino di 41 anni ha fatto bene a continuare?<\/b><\/p>\n<p><b\/>&#8220;Luka Modric ha genio e il genio non sparisce con l\u2019et\u00e0: con la sua logica, anticipa le situazioni. Certo, sono scelte della vita. Credo che per lui sar\u00e0 pesante giocare nel sistema di Amorim. Con Allegri era difeso da due mezzali e giocava basso, ora dovr\u00e0 coprire 60 metri con un altro giocatore. Sar\u00e0 dura&#8221;.\u00a0<\/p>\n<p><b>A proposito di Croazia, com\u2019\u00e8 la vita alla Dinamo?\u00a0<\/b><\/p>\n<p>&#8220;Ne vado orgoglioso, sono il primo presidente democraticamente eletto, ma io nell\u2019anima rimango un calciatore: la posizione che occupo certo non cambier\u00e0 la passione vera per il pallone.  Restare in tribuna durante le partite per\u00f2 mi mette troppa tensione. Le partite sono la mia croce e di solito non le vedo, per\u00f2 la scorsa stagione, con le vittorie di campionato e coppa, \u00e8 stato il momento pi\u00f9 bello della mia vita calcistica&#8221;.\u00a0<\/p>\n<p><b>Addirittura? Meglio della Champions con il Milan, meglio di tutto?\u00a0<\/b><\/p>\n<p>&#8220;S\u00ec, la Dinamo \u00e8 nel mio cuore da sempre. Mio padre era un rappresentante della Dinamo, ho vissuto le partite con mio fratello allo stadio, a 18 anni ero il capitano della squadra. La Dinamo per me viene prima di tutto, a parte la famiglia&#8221;.\u00a0<\/p>\n<p class=\"text\">La Dinamo per me viene prima di tutto, a parte la famiglia. La scorsa stagione, con le vittorie di campionato e coppa, \u00e8 stato il momento pi\u00f9 bello della mia vita calcistica&#8221;<\/p>\n<p>Zvonimir Boban<\/p>\n<p class=\"paragraph\" spellcheck=\"true\"><b>\u00c8 pi\u00f9 difficile essere presidente o pap\u00e0?<\/b>\u00a0<\/p>\n<p>&#8220;Che domanda&#8230; Il presidente ha pi\u00f9 cose da fare, in s\u00e9 \u00e8 un lavoro probabilmente pi\u00f9 difficile ma gli errori che fai da pap\u00e0 li paghi per tutta la vita. Spero di non averne fatti cos\u00ec pesanti&#8221;.\u00a0<\/p>\n<p><b>L\u2019amore nel calcio invece, va e viene. Come va con Ceferin, dopo l\u2019addio polemico alla Uefa? Avete ricominciato a parlarvi?\u00a0<\/b><\/p>\n<p>&#8220;No, non ci sentiamo pi\u00f9. Ognuno vive con le proprie decisioni e le conseguenze&#8221;.\u00a0<\/p>\n<p><b>Sulla gestione di Infantino del Mondiale, dal caso Balogun in gi\u00f9, che cosa ha senso dire?\u00a0<\/b><br \/>\u200b<br \/>&#8220;Che la strada del calcio si \u00e8 persa, si \u00e8 perso il rispetto per le istituzioni. Nei primi anni, Gianni ha fatto un bel lavoro e la Fifa con lui ha guadagnato in pulizia, ora per\u00f2 la politica, il potere e il business hanno preso troppo spazio, sconfiggendo anche l\u2019amore che quel ragazzo di Briga aveva per il calcio. Mi dispiace per lui, per la Fifa e per il calcio, ma io non butto tutto di Infantino&#8221;.\u00a0<\/p>\n<p><b>Chiudiamo con domande e risposte senza pensare. Quale partita bisogna far vedere a un ragazzo per spiegare com\u2019era il calcio ai bei tempi della A?<\/b><\/p>\n<p>&#8220;Milan-Barcellona 4-0, finale di Champions \u201994&#8221;.\u00a0<\/p>\n<p><b>L\u2019errore peggiore della vita?<\/b><\/p>\n<p>&#8220;La palla persa nella semifinale mondiale 1998 contro la Francia. Ero il capitano e non ho mai perso una palla davanti alla mia area. Mai me la perdoner\u00f2&#8221;.\u00a0<\/p>\n<p><b>Meglio essere un calciatore oggi o negli anni Novanta?<br \/><\/b><br \/>&#8220;Ho vinto un Mondiale Under 20  e ho giocato nel Milan, il club migliore. Ora si guadagna di pi\u00f9 ma&#8230; chi se ne frega. Mi tengo i miei anni Novanta&#8221;.\u00a0<\/p>\n<p><b>C\u2019\u00e8 una persona con cui, dopo un litigio di tanti anni fa, sarebbe bello fare pace?\u00a0<\/b><\/p>\n<p>&#8220;No, onestamente, per\u00f2 auguro tutto il bene anche alle persone con cui non parlo pi\u00f9&#8221;.\u00a0<\/p>\n<p><b>Ma alla fine, Boban ha un caratteraccio oppure no?\u00a0<\/b><\/p>\n<p>&#8220;Magari non mi so vendere e ho idee forti, ma non un caratteraccio, almeno non mi sembra. Certo, lo ammetto, non sono San Francesco&#8221;.<\/p>\n<p class=\"is-copyright\">\u00a9 RIPRODUZIONE RISERVATA<\/p>\n","protected":false},"excerpt":{"rendered":"L&#8217;ex centrocampista: &#8220;Non vedo passi avanti in rossonero, se non la voglia di giocare un calcio offensivo. Mi&hellip;\n","protected":false},"author":3,"featured_media":664147,"comment_status":"","ping_status":"","sticky":false,"template":"","format":"standard","meta":{"footnotes":"","_share_on_mastodon":"0"},"categories":[1452],"tags":[366008,366009,366010,87,366011,366012,5693,14802,721,1740,1537,90,89,553,1739,245,244,64505],"class_list":["post-664146","post","type-post","status-publish","format-standard","has-post-thumbnail","category-calcio","tag-allaccia","tag-allaccia-scarpe","tag-allaccia-scarpe-guida","tag-amore","tag-amore-pallone","tag-amore-pallone-allaccia","tag-andate","tag-boban","tag-calcio","tag-football","tag-it","tag-italia","tag-italy","tag-milan","tag-soccer","tag-sport","tag-sports","tag-zagabria"],"share_on_mastodon":{"url":"https:\/\/pubeurope.com\/@it\/117211399441424770","error":""},"_links":{"self":[{"href":"https:\/\/www.europesays.com\/it\/wp-json\/wp\/v2\/posts\/664146","targetHints":{"allow":["GET"]}}],"collection":[{"href":"https:\/\/www.europesays.com\/it\/wp-json\/wp\/v2\/posts"}],"about":[{"href":"https:\/\/www.europesays.com\/it\/wp-json\/wp\/v2\/types\/post"}],"author":[{"embeddable":true,"href":"https:\/\/www.europesays.com\/it\/wp-json\/wp\/v2\/users\/3"}],"replies":[{"embeddable":true,"href":"https:\/\/www.europesays.com\/it\/wp-json\/wp\/v2\/comments?post=664146"}],"version-history":[{"count":0,"href":"https:\/\/www.europesays.com\/it\/wp-json\/wp\/v2\/posts\/664146\/revisions"}],"wp:featuredmedia":[{"embeddable":true,"href":"https:\/\/www.europesays.com\/it\/wp-json\/wp\/v2\/media\/664147"}],"wp:attachment":[{"href":"https:\/\/www.europesays.com\/it\/wp-json\/wp\/v2\/media?parent=664146"}],"wp:term":[{"taxonomy":"category","embeddable":true,"href":"https:\/\/www.europesays.com\/it\/wp-json\/wp\/v2\/categories?post=664146"},{"taxonomy":"post_tag","embeddable":true,"href":"https:\/\/www.europesays.com\/it\/wp-json\/wp\/v2\/tags?post=664146"}],"curies":[{"name":"wp","href":"https:\/\/api.w.org\/{rel}","templated":true}]}}