{"id":664180,"date":"2026-09-04T07:05:18","date_gmt":"2026-09-04T07:05:18","guid":{"rendered":"https:\/\/www.europesays.com\/it\/664180\/"},"modified":"2026-09-04T07:05:18","modified_gmt":"2026-09-04T07:05:18","slug":"inter-ausilio-fuori-e-le-domande-in-sospeso","status":"publish","type":"post","link":"https:\/\/www.europesays.com\/it\/664180\/","title":{"rendered":"Inter, Ausilio fuori e le domande in sospeso"},"content":{"rendered":"<p>                                L\u2019addio dopo quasi trent&#8217;anni apre una nuova fase per l\u2019Inter e lascia sul tavolo interrogativi sulle ragioni di una separazione maturata in modo diverso dal previsto<\/p>\n<p class=\"paragraph\" spellcheck=\"true\">Con Ausilio se ne va uno dei protagonisti dell\u2019ultimo periodo di storia interista. \u00c8 entrato nella societ\u00e0 nerazzurra quando era poco pi\u00f9 che un ragazzo, a ventisei anni, e la lascia dopo quasi tre decenni durante i quali molte cose sono successe: sono arrivate grandi vittorie (era il vice ds nella stagione del Triplete, \u00e8 stato il direttore sportivo degli ultimi tre scudetti), sono stati presi campioni di livello internazionale, \u00e8 stata ovviamente sbagliata qualche scelta com\u2019\u00e8 naturale che sia. Di sicuro l\u2019Inter perde un uomo che conosce alla perfezione il club in ogni sua sfaccettatura e che sa muoversi nel mercato internazionale grazie a un\u2019esperienza ormai ampia. Lo sostituir\u00e0 Baccin, cresciuto assieme a Marotta e allo stesso Ausilio: per lui sar\u00e0 una prova del fuoco. Era noto che Ausilio dovesse rinnovare il contratto e che la situazione per arrivare alla firma non fosse lineare come in passato, ma forse nessuno pensava che si sarebbe davvero arrivati al divorzio: alla fine vedrai che rimane, si diceva. Ci sono stati invece motivi pi\u00f9 rilevanti del previsto che hanno portato all\u2019addio immediato. \u00c8 noto che un ostacolo \u00e8 stato rappresentato dalla durata del contratto, che Ausilio avrebbe voluto triennale anzich\u00e9 annuale, ma pare che abbia inciso anche la consistenza dei rapporti che il ds aveva creato in tutti questi anni sia nel mondo del mercato che in quello dei media. Un peso che a qualcuno avrebbe dato fastidio.<\/p>\n","protected":false},"excerpt":{"rendered":"L\u2019addio dopo quasi trent&#8217;anni apre una nuova fase per l\u2019Inter e lascia sul tavolo interrogativi sulle ragioni di&hellip;\n","protected":false},"author":3,"featured_media":664181,"comment_status":"","ping_status":"","sticky":false,"template":"","format":"standard","meta":{"footnotes":"","_share_on_mastodon":"0"},"categories":[1452],"tags":[2983,366036,366037,366038,366039,28828,721,6693,7210,1740,350,832,1537,90,89,2735,1412,4474,29031,1739,245,244],"class_list":["post-664180","post","type-post","status-publish","format-standard","has-post-thumbnail","category-calcio","tag-addio","tag-addio-immediato","tag-addio-immediato-noto","tag-addio-trent","tag-addio-trent-apre","tag-ausilio","tag-calcio","tag-contratto","tag-ds","tag-football","tag-inter","tag-internazionale","tag-it","tag-italia","tag-italy","tag-lascia","tag-mercato","tag-noto","tag-previsto","tag-soccer","tag-sport","tag-sports"],"share_on_mastodon":{"url":"https:\/\/pubeurope.com\/@it\/117211504813049438","error":""},"_links":{"self":[{"href":"https:\/\/www.europesays.com\/it\/wp-json\/wp\/v2\/posts\/664180","targetHints":{"allow":["GET"]}}],"collection":[{"href":"https:\/\/www.europesays.com\/it\/wp-json\/wp\/v2\/posts"}],"about":[{"href":"https:\/\/www.europesays.com\/it\/wp-json\/wp\/v2\/types\/post"}],"author":[{"embeddable":true,"href":"https:\/\/www.europesays.com\/it\/wp-json\/wp\/v2\/users\/3"}],"replies":[{"embeddable":true,"href":"https:\/\/www.europesays.com\/it\/wp-json\/wp\/v2\/comments?post=664180"}],"version-history":[{"count":0,"href":"https:\/\/www.europesays.com\/it\/wp-json\/wp\/v2\/posts\/664180\/revisions"}],"wp:featuredmedia":[{"embeddable":true,"href":"https:\/\/www.europesays.com\/it\/wp-json\/wp\/v2\/media\/664181"}],"wp:attachment":[{"href":"https:\/\/www.europesays.com\/it\/wp-json\/wp\/v2\/media?parent=664180"}],"wp:term":[{"taxonomy":"category","embeddable":true,"href":"https:\/\/www.europesays.com\/it\/wp-json\/wp\/v2\/categories?post=664180"},{"taxonomy":"post_tag","embeddable":true,"href":"https:\/\/www.europesays.com\/it\/wp-json\/wp\/v2\/tags?post=664180"}],"curies":[{"name":"wp","href":"https:\/\/api.w.org\/{rel}","templated":true}]}}