{"id":664201,"date":"2026-09-04T07:17:12","date_gmt":"2026-09-04T07:17:12","guid":{"rendered":"https:\/\/www.europesays.com\/it\/664201\/"},"modified":"2026-09-04T07:17:12","modified_gmt":"2026-09-04T07:17:12","slug":"witkoff-e-kushner-a-kiev-e-mosca-nei-prossimi-giorni-nuova-ondata-di-raid-incrociati-notizie","status":"publish","type":"post","link":"https:\/\/www.europesays.com\/it\/664201\/","title":{"rendered":"Witkoff e Kushner a Kiev e Mosca nei prossimi giorni. Nuova ondata di raid incrociati &#8211; Notizie"},"content":{"rendered":"<p>Steve Witkoff e Jared Kushner, gli inviati del presidente degli Stati Uniti, Donald Trump, arriveranno a Kiev e poi a Mosca nei prossimi giorni. Lo riferiscono fonti all&#8217;agenzia russa Tass.<\/p>\n<p>Proprio ieri, il presidente ucraino, Volodymyr Zelensky, ha annunciato in un videomessaggio ripreso da Ukrainska Pravda che i negoziatori statunitensi impegnati a mediare una possibile soluzione alla guerra contro Kiev visiteranno presto sia l&#8217;Ucraina che la Russia.<\/p>\n<p>Ma intanto non si fermano gli attacchi incrociati tra Russia e Ucraina. L&#8217;esercito ucraino ha lanciato diverse ondate di attacchi ieri sera contro la citt\u00e0 russa di Sochi, tra cui un raid con droni contro una nave russa e un deposito di petrolio. Lo riferisce il quotidiano Kyiv Independent.<\/p>\n<p>Un video diffuso dalla Marina ucraina mostra le conseguenze incendiarie dell&#8217;attacco sulla nave. La Nefrit faceva parte dell&#8217;infrastruttura marittima ed energetica russa e supportava le operazioni petrolifere e del gas, la manutenzione delle piattaforme offshore, il trasporto di merci e personale e i lavori tecnici subacquei.<\/p>\n<p>Sempre ieri notte, filmati pubblicati su diversi canali Telegram russi mostrano un incendio in un deposito di petrolio, nel centro di Sochi, vicino al porto in seguito a un attacco aereo ucraino, sebbene la struttura stessa non sia stata identificata.<\/p>\n<p>Una persona invece \u00e8 morta e altre tre sono rimaste ferite a seguito di un attacco delle truppe russe a Odessa. Lo ha riferito RBC-Ucraina, citando il capo dell&#8217;amministrazione militare della citt\u00e0 di Odessa, Serhiy Lysak. Secondo il governatore inizialmente le persone colpite erano tre, alle quali \u00e8 stata immediatamente prestata l&#8217;assistenza necessaria. In seguito si \u00e8 appreso che una era deceduta a seguito dell&#8217;attentato avvenuto quella mattina.<\/p>\n<p>Secondo quanto dichiarato, in uno dei quartieri della citt\u00e0 sono stati danneggiati edifici residenziali e automobili. I servizi competenti sono al lavoro sul posto, il territorio viene ispezionato e si stanno documentando le conseguenze dell&#8217;attacco. \u00c8 stato inoltre allestito un quartier generale operativo per fornire assistenza alle vittime.\u00a0<\/p>\n<p class=\"article-copyright\">\n<p>Riproduzione riservata \u00a9 Copyright ANSA<\/p>\n","protected":false},"excerpt":{"rendered":"Steve Witkoff e Jared Kushner, gli inviati del presidente degli Stati Uniti, Donald Trump, arriveranno a Kiev e&hellip;\n","protected":false},"author":3,"featured_media":664202,"comment_status":"","ping_status":"","sticky":false,"template":"","format":"standard","meta":{"footnotes":"","_share_on_mastodon":"0"},"categories":[160],"tags":[14,164,165,166,7,15,11,167,12,168,161,162,163],"class_list":["post-664201","post","type-post","status-publish","format-standard","has-post-thumbnail","category-mondo","tag-cronaca","tag-dal-mondo","tag-dalmondo","tag-mondo","tag-news","tag-notizie","tag-ultime-notizie","tag-ultime-notizie-di-mondo","tag-ultimenotizie","tag-ultimenotiziedimondo","tag-world","tag-world-news","tag-worldnews"],"share_on_mastodon":{"url":"https:\/\/pubeurope.com\/@it\/117211551923607024","error":""},"_links":{"self":[{"href":"https:\/\/www.europesays.com\/it\/wp-json\/wp\/v2\/posts\/664201","targetHints":{"allow":["GET"]}}],"collection":[{"href":"https:\/\/www.europesays.com\/it\/wp-json\/wp\/v2\/posts"}],"about":[{"href":"https:\/\/www.europesays.com\/it\/wp-json\/wp\/v2\/types\/post"}],"author":[{"embeddable":true,"href":"https:\/\/www.europesays.com\/it\/wp-json\/wp\/v2\/users\/3"}],"replies":[{"embeddable":true,"href":"https:\/\/www.europesays.com\/it\/wp-json\/wp\/v2\/comments?post=664201"}],"version-history":[{"count":0,"href":"https:\/\/www.europesays.com\/it\/wp-json\/wp\/v2\/posts\/664201\/revisions"}],"wp:featuredmedia":[{"embeddable":true,"href":"https:\/\/www.europesays.com\/it\/wp-json\/wp\/v2\/media\/664202"}],"wp:attachment":[{"href":"https:\/\/www.europesays.com\/it\/wp-json\/wp\/v2\/media?parent=664201"}],"wp:term":[{"taxonomy":"category","embeddable":true,"href":"https:\/\/www.europesays.com\/it\/wp-json\/wp\/v2\/categories?post=664201"},{"taxonomy":"post_tag","embeddable":true,"href":"https:\/\/www.europesays.com\/it\/wp-json\/wp\/v2\/tags?post=664201"}],"curies":[{"name":"wp","href":"https:\/\/api.w.org\/{rel}","templated":true}]}}