{"id":664226,"date":"2026-09-04T07:39:12","date_gmt":"2026-09-04T07:39:12","guid":{"rendered":"https:\/\/www.europesays.com\/it\/664226\/"},"modified":"2026-09-04T07:39:12","modified_gmt":"2026-09-04T07:39:12","slug":"inter-si-sente-qualche-tensione-il-napoli-fermi-lemorragia-juve-milan-perche-verra-decisa-dai-due-allenatori","status":"publish","type":"post","link":"https:\/\/www.europesays.com\/it\/664226\/","title":{"rendered":"Inter, si sente qualche tensione. Il Napoli fermi l&#8217;emorragia. Juve-Milan, perch\u00e9 verr\u00e0 decisa dai due allenatori"},"content":{"rendered":"<p>    di<br \/>\n    Paolo Cond\u00f2<\/p>\n<p class=\"summary-art is-line-h-12\">Dall\u2019addio di Ausilio alle frasi sui contratti di Calhanoglu e Dimarco, in casa nerazzurra il clima non \u00e8 dei pi\u00f9 tranquilli. Allegri alle prese con lo stop di McTominay, il Como dimostri personalit\u00e0<\/p>\n<p>    <b>1. Esame di maturit\u00e0<\/b><\/p>\n<p class=\"chapter-paragraph\">L\u2019altra sera al Gal\u00e0 del Calcio il primo premiato (miglior giovane della B) \u00e8 stato Liberali, acquistato in estate dal Como, il secondo Nico Paz (miglior giovane), il terzo Fabregas (miglior allenatore), e questa \u2014 votano i calciatori \u2014 \u00e8 stata una scelta forte considerato che Chivu ha portato a casa scudetto e Coppa Italia. La voglia di Como \u00e8 percepibile a ogni livello, e questo gli aggiunge aspettativa. Da assecondare sempre, specie nelle trasferte della classifica di destra: Genova stasera \u00e8 un esame di maturit\u00e0.<\/p>\n<p>    <b>2. Gare intere al top<\/b><\/p>\n<p class=\"chapter-paragraph\">Lo scorso anno l\u2019Inter ha vinto lo scudetto malgrado alla terza giornata fosse attardata di 6 punti. Allegri se l\u2019\u00e8 segnato per esorcizzare la possibilit\u00e0, concreta, di precipitare a meno 6 dall\u2019Inter (e non solo) in caso di seconda sconfitta. Il Napoli deve fermare un\u2019emorragia, e gli serve il miglior De Bruyne,<a href=\"https:\/\/www.corriere.it\/sport\/calcio\/serie-a\/26_settembre_02\/mctominay-napoli-intervista-f9e5e59a-595c-4881-9805-39e8995bexlk.shtml\" title=\"McTominay: \u00abFermato dall&#039;aritmia, ma non sono preoccupato. Faccio l&#039;intervento e poi torno pi\u00f9 forte. L&#039;Inter non \u00e8 meglio del Napoli\u00bb\" target=\"_blank\" rel=\"nofollow noopener\"> cui lo stop di McTominay impone un upgrade<\/a>: non pi\u00f9 finali di qualit\u00e0, ma gare intere al top. Anche nel campo interista si intuisce qualche tensione, <a href=\"https:\/\/www.corriere.it\/sport\/26_settembre_02\/piero-ausilio-addio-inter-dopo-28-anni-motivi-7b7d9def-a426-4f0a-972e-52b79dc80xlk.shtml\" title=\"Piero Ausilio lascia l&#039;Inter dopo 28 anni, risoluzione immediata: il nodo contratto, ecco i motivi\" target=\"_blank\" rel=\"nofollow noopener\">dall\u2019addio di Ausilio <\/a>alle frasi sui contratti di Calhanoglu e Dimarco. Inter-Napoli:  molta polpa.    &#13;<br \/>\n&#13;<br \/>\n&#13;<br \/>\n&#13;<br \/>\n&#13;<br \/>\n&#13;<br \/>\n&#13;<br \/>\n&#13;<br \/>\n&#13;<br \/>\n&#13;<br \/>\n&#13;<br \/>\n&#13;<br \/>\n&#13;<br \/>\n&#13;<br \/>\n&#13;<br \/>\n&#13;<br \/>\n&#13;<br \/>\n&#13;<br \/>\n&#13;<br \/>\n&#13;<br \/>\n&#13;<br \/>\n&#13;<br \/>\n&#13;<br \/>\n&#13;<br \/>\n&#13;<br \/>\n&#13;<br \/>\n&#13;<br \/>\n&#13;<br \/>\n&#13;<br \/>\n&#13;<br \/>\n&#13;<br \/>\n&#13;<br \/>\n&#13;<br \/>\n&#13;<br \/>\n&#13;<br \/>\n&#13;<br \/>\n&#13;<br \/>\n&#13;<br \/>\n&#13;<br \/>\n&#13;<br \/>\n&#13;<br \/>\n&#13;<br \/>\n&#13;<br \/>\n&#13;<br \/>\n&#13;<br \/>\n&#13;<br \/>\n&#13;<br \/>\n&#13;<br \/>\n&#13;<br \/>\n&#13;<br \/>\n&#13;<br \/>\n&#13;<br \/>\n&#13;\n<\/p>\n<p>    <b>3. L\u2019equazione<\/b><\/p>\n<p class=\"chapter-paragraph\">La Roma che gioca benissimo ha fatto 6 punti. L\u2019Atalanta che gioca maluccio ha fatto 6 punti. Il confronto diretto pare messo l\u00ec apposta per risolvere la contraddittoria equazione. \u00c8 ovvio che Gasperini sia partito con un anno di lavoro alle spalle, e Sarri da zero: ma se continua a non perdere punti, che far\u00e0 quando la scolarizzazione dell\u2019Atalanta sar\u00e0 conclusa?<\/p>\n<p>    <b>4. Il lavoro dei tecnici<\/b><\/p>\n<p class=\"chapter-paragraph\">Anche Juve-Milan \u00e8 uno scontro diretto, condizionato da un finale di mercato che ha aggiunto a Spalletti un giocatore complesso ma di qualit\u00e0, Woltemade, mentre Amorim non ci ha ancora fatto vedere Moreira (n\u00e9 ovviamente Hutchinson). Pi\u00f9 di altre Juve e Milan saranno descritte dal lavoro dei loro allenatori, perch\u00e9 al momento siamo nel brodo primordiale. Ma gli scontri diretti contano anche cos\u00ec.<\/p>\n<p>    <b>5. Chi resta calmo<\/b><\/p>\n<p class=\"chapter-paragraph\">Nella folla di 7 squadre ancora a zero punti, Parma-Monza \u00e8 un duello \u00abnormale\u00bb, di quelli attesi. Fiorentina-Torino no, entrambe avevano altre ambizioni e il match contiene una nota di agitazione. Vince chi resta calmo.<\/p>\n<p class=\"is-last-update\" datetime=\"2026-09-03T22:40:38+02:00\">4 settembre 2026<\/p>\n<p class=\"is-copyright\">\n            \u00a9 RIPRODUZIONE RISERVATA\n        <\/p>\n","protected":false},"excerpt":{"rendered":"di Paolo Cond\u00f2 Dall\u2019addio di Ausilio alle frasi sui contratti di Calhanoglu e Dimarco, in casa nerazzurra il&hellip;\n","protected":false},"author":3,"featured_media":664227,"comment_status":"","ping_status":"","sticky":false,"template":"","format":"standard","meta":{"footnotes":"","_share_on_mastodon":"0"},"categories":[176],"tags":[2983,366055,366056,3076,6095,1495,569,28828,366057,366058,563,366059,43467,3705,9943,366060,366061,33595,7085,1884,366062,350,1537,90,89,565,23780,2197,553,248,1292,245,244],"class_list":["post-664226","post","type-post","status-publish","format-standard","has-post-thumbnail","category-sport","tag-addio","tag-addio-ausilio","tag-addio-ausilio-frasi","tag-allegri","tag-allenatori","tag-altre","tag-atalanta","tag-ausilio","tag-ausilio-frasi","tag-ausilio-frasi-contratti","tag-calhanoglu","tag-calhanoglu-dimarco","tag-calmo","tag-como","tag-contratti","tag-contratti-calhanoglu","tag-contratti-calhanoglu-dimarco","tag-dimarco","tag-diretto","tag-emorragia","tag-equazione","tag-inter","tag-it","tag-italia","tag-italy","tag-juve","tag-juve-milan","tag-miglior","tag-milan","tag-napoli","tag-punti","tag-sport","tag-sports"],"share_on_mastodon":{"url":"https:\/\/pubeurope.com\/@it\/117211638418832251","error":""},"_links":{"self":[{"href":"https:\/\/www.europesays.com\/it\/wp-json\/wp\/v2\/posts\/664226","targetHints":{"allow":["GET"]}}],"collection":[{"href":"https:\/\/www.europesays.com\/it\/wp-json\/wp\/v2\/posts"}],"about":[{"href":"https:\/\/www.europesays.com\/it\/wp-json\/wp\/v2\/types\/post"}],"author":[{"embeddable":true,"href":"https:\/\/www.europesays.com\/it\/wp-json\/wp\/v2\/users\/3"}],"replies":[{"embeddable":true,"href":"https:\/\/www.europesays.com\/it\/wp-json\/wp\/v2\/comments?post=664226"}],"version-history":[{"count":0,"href":"https:\/\/www.europesays.com\/it\/wp-json\/wp\/v2\/posts\/664226\/revisions"}],"wp:featuredmedia":[{"embeddable":true,"href":"https:\/\/www.europesays.com\/it\/wp-json\/wp\/v2\/media\/664227"}],"wp:attachment":[{"href":"https:\/\/www.europesays.com\/it\/wp-json\/wp\/v2\/media?parent=664226"}],"wp:term":[{"taxonomy":"category","embeddable":true,"href":"https:\/\/www.europesays.com\/it\/wp-json\/wp\/v2\/categories?post=664226"},{"taxonomy":"post_tag","embeddable":true,"href":"https:\/\/www.europesays.com\/it\/wp-json\/wp\/v2\/tags?post=664226"}],"curies":[{"name":"wp","href":"https:\/\/api.w.org\/{rel}","templated":true}]}}