{"id":664228,"date":"2026-09-04T07:40:17","date_gmt":"2026-09-04T07:40:17","guid":{"rendered":"https:\/\/www.europesays.com\/it\/664228\/"},"modified":"2026-09-04T07:40:17","modified_gmt":"2026-09-04T07:40:17","slug":"morgan-freeman-il-dolore-che-non-si-vede-cosa-sappiamo-davvero-sulla-sua-fibromialgia","status":"publish","type":"post","link":"https:\/\/www.europesays.com\/it\/664228\/","title":{"rendered":"Morgan Freeman, il dolore che non si vede: cosa sappiamo davvero sulla sua fibromialgia"},"content":{"rendered":"<p>Quando <strong>Morgan Freeman<\/strong> appare in pubblico, lo sguardo cade spesso su un dettaglio: il <strong>guanto nero<\/strong> che copre la mano sinistra. Non \u00e8 un vezzo estetico. \u00c8 la conseguenza visibile di una storia di dolore iniziata nel <strong>2008<\/strong>, quando l\u2019auto guidata dall\u2019attore usc\u00ec di strada nel Mississippi e si ribalt\u00f2 pi\u00f9 volte. Freeman riport\u00f2 gravi lesioni al braccio e alla mano sinistra e fu sottoposto a un lungo intervento per riconnettere i nervi e riparare i danni. La funzionalit\u00e0 dell\u2019arto, per\u00f2, non torn\u00f2 completamente. <strong>Dietro quel guanto non c\u2019\u00e8 soltanto un incidente passato: c\u2019\u00e8 una limitazione con cui l\u2019attore ha continuato a convivere.<\/strong><\/p>\n<p>Quattro anni dopo, durante un\u2019intervista a Esquire, Freeman pronunci\u00f2 la parola che avrebbe cambiato il modo in cui il pubblico guardava quella mano: <strong>fibromialgia<\/strong>. Descrisse un dolore che correva lungo il braccio e che, nei momenti peggiori, diventava \u201clancinante\u201d. \u00c8 una delle rare dichiarazioni dirette dell\u2019attore sulla propria salute. Proprio per questo occorre evitare di trasformarla in una cartella clinica immaginaria. <strong>Sappiamo che Freeman ha riferito di soffrire di fibromialgia e sappiamo che l\u2019incidente gli ha causato un serio danno neurologico; non possiamo per\u00f2 attribuire automaticamente ogni sintomo alla stessa condizione.<\/strong><\/p>\n<p>La <strong>fibromialgia<\/strong> \u00e8 una condizione cronica caratterizzata principalmente da <strong>dolore diffuso e maggiore sensibilit\u00e0 agli stimoli<\/strong>. Possono comparire anche stanchezza intensa, sonno non ristoratore, rigidit\u00e0, cefalea e difficolt\u00e0 di concentrazione o memoria, spesso indicate come \u201cfibro-fog\u201d. Non \u00e8 una malattia infiammatoria e non \u00e8 una patologia autoimmune. Le conoscenze attuali suggeriscono un coinvolgimento dei meccanismi con cui il sistema nervoso elabora e amplifica i segnali dolorosi. In altre parole, <strong>il dolore \u00e8 reale anche quando radiografie, analisi del sangue e altri esami non mostrano una lesione capace di spiegarlo da sola.<\/strong><\/p>\n<p>\u00c8 proprio questa invisibilit\u00e0 a rendere la fibromialgia difficile da raccontare e, talvolta, da riconoscere. Non esiste un singolo test di laboratorio o esame di imaging che possa confermarla in modo definitivo: la diagnosi si basa sull\u2019insieme dei sintomi e sulla valutazione di altre possibili cause. Per molti pazienti il percorso \u00e8 lungo, segnato dal sospetto di essere esagerati, ansiosi o semplicemente poco resistenti. La storia di una star mondiale rompe almeno in parte questo pregiudizio. <strong>Il successo, il talento e la forza di volont\u00e0 non proteggono dal dolore cronico e non rendono pi\u00f9 semplice conviverci.<\/strong><\/p>\n<p>Anche il rapporto tra trauma e fibromialgia va trattato con cautela. In alcune persone i sintomi possono iniziare dopo un infortunio, un intervento chirurgico, un\u2019infezione o un periodo di forte stress; in altre si sviluppano gradualmente, senza un singolo evento riconoscibile. Dire che l\u2019incidente abbia provocato con certezza la fibromialgia di Freeman sarebbe quindi una conclusione non dimostrabile sulla base delle informazioni pubbliche. \u00c8 invece possibile che nel suo caso convivano problemi differenti: <strong>il danno ai nervi del braccio, la perdita di mobilit\u00e0 della mano e una sindrome dolorosa cronica<\/strong> da lui stesso identificata come fibromialgia.<\/p>\n<p>Non esiste una cura risolutiva valida per tutti, ma questo non significa che non si possa fare nulla. La gestione moderna punta a ridurre i sintomi e recuperare qualit\u00e0 di vita attraverso un percorso personalizzato: movimento graduale e regolare, attenzione al sonno, strategie psicologiche e comportamentali, educazione al dolore e, quando indicato, farmaci scelti dal medico. L\u2019attivit\u00e0 fisica deve essere introdotta con gradualit\u00e0, perch\u00e9 partire con intensit\u00e0 eccessiva pu\u00f2 rendere pi\u00f9 difficile mantenere il programma. <strong>La parola chiave non \u00e8 sopportare, ma modulare:<\/strong> trovare una combinazione sostenibile, evitare gli eccessi nei giorni migliori e non interpretare ogni ricaduta come un fallimento.<\/p>\n<p>Freeman ha continuato a recitare, viaggiare e presentarsi davanti al pubblico, pur rinunciando o adattando attivit\u00e0 che richiedevano l\u2019uso di entrambe le mani. Questo non dimostra che la sua condizione sia lieve e non consegna una favola edificante sulla volont\u00e0 capace di vincere tutto. Mostra qualcosa di pi\u00f9 utile: <strong>si pu\u00f2 restare attivi anche quando il dolore non scompare, riconoscendo i limiti e costruendo una nuova normalit\u00e0.<\/strong><\/p>\n<p><strong>La lezione sanitaria della sua storia non \u00e8 essere forti come Morgan Freeman. \u00c8 credere a chi dice di avere dolore, anche quando quel dolore non si vede.<\/strong> E per chi riconosce sintomi simili, il messaggio pi\u00f9 importante \u00e8 non arrivare da solo a una diagnosi: <strong>il dolore persistente merita ascolto e una valutazione medica completa<\/strong>, perch\u00e9 condizioni differenti possono somigliarsi e richiedere percorsi diversi.<\/p>\n<p><img loading=\"lazy\" decoding=\"async\" src=\"https:\/\/www.europesays.com\/it\/wp-content\/uploads\/2026\/09\/ChatGPT_Image_3_set_2026,_16_46_15-1788446785801.webp\" alt=\"\" width=\"1024\" height=\"1536\" caption=\"false\"\/><\/p>\n<p><strong>Fonti:<\/strong><\/p>\n<p><strong> Esquire; ABC News\/AP; National Institute of Arthritis and Musculoskeletal and Skin Diseases\u2013NIH; American College of Rheumatology; Mayo Clinic; The Guardian.<\/strong><\/p>\n","protected":false},"excerpt":{"rendered":"Quando Morgan Freeman appare in pubblico, lo sguardo cade spesso su un dettaglio: il guanto nero che copre&hellip;\n","protected":false},"author":3,"featured_media":664229,"comment_status":"","ping_status":"","sticky":false,"template":"","format":"standard","meta":{"footnotes":"","_share_on_mastodon":"0"},"categories":[175],"tags":[65993,366064,351353,250669,48802,239,1537,90,89,87110,33744,84175,366063,240,112164],"class_list":["post-664228","post","type-post","status-publish","format-standard","has-post-thumbnail","category-salute","tag-abc-news","tag-american-college-of-rheumatology","tag-associated-press","tag-esquire","tag-fibromialgia","tag-health","tag-it","tag-italia","tag-italy","tag-mayo-clinic","tag-mississippi","tag-morgan-freeman","tag-national-institute-of-arthritis-and-musculoskeletal-and-skin-diseases","tag-salute","tag-the-guardian"],"share_on_mastodon":{"url":"https:\/\/pubeurope.com\/@it\/117211643384481118","error":""},"_links":{"self":[{"href":"https:\/\/www.europesays.com\/it\/wp-json\/wp\/v2\/posts\/664228","targetHints":{"allow":["GET"]}}],"collection":[{"href":"https:\/\/www.europesays.com\/it\/wp-json\/wp\/v2\/posts"}],"about":[{"href":"https:\/\/www.europesays.com\/it\/wp-json\/wp\/v2\/types\/post"}],"author":[{"embeddable":true,"href":"https:\/\/www.europesays.com\/it\/wp-json\/wp\/v2\/users\/3"}],"replies":[{"embeddable":true,"href":"https:\/\/www.europesays.com\/it\/wp-json\/wp\/v2\/comments?post=664228"}],"version-history":[{"count":0,"href":"https:\/\/www.europesays.com\/it\/wp-json\/wp\/v2\/posts\/664228\/revisions"}],"wp:featuredmedia":[{"embeddable":true,"href":"https:\/\/www.europesays.com\/it\/wp-json\/wp\/v2\/media\/664229"}],"wp:attachment":[{"href":"https:\/\/www.europesays.com\/it\/wp-json\/wp\/v2\/media?parent=664228"}],"wp:term":[{"taxonomy":"category","embeddable":true,"href":"https:\/\/www.europesays.com\/it\/wp-json\/wp\/v2\/categories?post=664228"},{"taxonomy":"post_tag","embeddable":true,"href":"https:\/\/www.europesays.com\/it\/wp-json\/wp\/v2\/tags?post=664228"}],"curies":[{"name":"wp","href":"https:\/\/api.w.org\/{rel}","templated":true}]}}