{"id":664234,"date":"2026-09-04T07:43:25","date_gmt":"2026-09-04T07:43:25","guid":{"rendered":"https:\/\/www.europesays.com\/it\/664234\/"},"modified":"2026-09-04T07:43:25","modified_gmt":"2026-09-04T07:43:25","slug":"barilla-compra-lamericana-goodles-ed-entra-nel-mercato-dei-maccheroni-al-formaggio","status":"publish","type":"post","link":"https:\/\/www.europesays.com\/it\/664234\/","title":{"rendered":"Barilla compra l\u2019americana Goodles ed entra nel mercato dei maccheroni al formaggio"},"content":{"rendered":"<p>    di<br \/>\n    Francesco Bertolino<\/p>\n<p class=\"summary-art is-line-h-12 is-mr-t-20\">L\u2019azienda californiana entra a far parte del gruppo italiano che punta forte sul mercato statunitense. Fra i suoi investitori celebrit\u00e0 come Weston McKennie e Christina Aguilera<\/p>\n<p class=\"chapter-paragraph\">Nel 1790 Thomas Jefferson, il terzo presidente degli Stati Uniti, torn\u00f2 da un viaggio in Europa con un macchina napoletana per fare la pasta e una ricetta scritta a mano: quella dei maccheroni al formaggio. Da allora il \u00abmac and cheese\u00bb \u00e8 diventato uno dei piatti simbolo della cultura americana. E ora anche parte dell\u2019offerta di Barilla.<\/p>\n<p class=\"chapter-paragraph\"><b>Il gruppo italiano ha infatti stretto un accordo per rilevare Goodles, azienda statunitense specializzata nella produzione di maccheroni al formaggio proteici e in vari gusti.<\/b> Fondata nel 2020 a Santa Cruz, in California, Goodles aveva raccolto 13 milioni di dollari nel 2023 da <b>un gruppo di investitori guidato dal fondo L Catterton e partecipato da celebrit\u00e0 come il calciatore Weston McKennie, la cantante Christina Aguilera, il cestista Klay Thompson.<\/b>    &#13;<br \/>\n&#13;<br \/>\n&#13;<br \/>\n&#13;<br \/>\n&#13;<br \/>\n&#13;<br \/>\n&#13;<br \/>\n&#13;<br \/>\n&#13;<br \/>\n&#13;<br \/>\n&#13;<br \/>\n&#13;<br \/>\n&#13;<br \/>\n&#13;<br \/>\n&#13;<br \/>\n&#13;<br \/>\n&#13;<br \/>\n&#13;<br \/>\n&#13;<br \/>\n&#13;<br \/>\n&#13;<br \/>\n&#13;<br \/>\n&#13;<br \/>\n&#13;<br \/>\n&#13;<br \/>\n&#13;<br \/>\n&#13;<br \/>\n&#13;<br \/>\n&#13;<br \/>\n&#13;<br \/>\n&#13;<br \/>\n&#13;<br \/>\n&#13;<br \/>\n&#13;<br \/>\n&#13;<br \/>\n&#13;<br \/>\n&#13;<br \/>\n&#13;<br \/>\n&#13;<br \/>\n&#13;<br \/>\n&#13;<br \/>\n&#13;<br \/>\n&#13;<br \/>\n&#13;<br \/>\n&#13;<br \/>\n&#13;<br \/>\n&#13;<br \/>\n&#13;<br \/>\n&#13;<br \/>\n&#13;<br \/>\n&#13;<br \/>\n&#13;<br \/>\n&#13;\n<\/p>\n<p class=\"chapter-paragraph\">Nell\u2019operazione la societ\u00e0 aveva raggiunto una valutazione di 88 milioni, ma da allora \u00e8 cresciuta ancora, raggiungendo l\u2019utile nel 2024. Stando ai dati riportati dal Wall Street Journal, <b>nell\u2019ultimo anno Goodles ha catturato quasi il 9% della spesa degli americani sui \u00abmac and cheese\u00bb da scaffale<\/b>, che ogni anno generano un giro d\u2019affari compreso 2,1 e 2,3 miliardi. <b>L\u2019azienda sostiene poi di aver conquistato 2 milioni di nuovi clienti negli ultimi 90 giorni<\/b> grazie alle vendite sul canale online e in supermercati Target e Whole Foods.<\/p>\n<p class=\"chapter-paragraph\">L\u2019obiettivo \u00e8 accelerare questo percorso di crescita grazie al supporto di Barilla. <b>\u00abOltre il 90% degli americani non ha ancora assaggiato i Goodles, quindi abbiamo appena cominciato <\/b>\u2014 ha detto Jen Zeszut, ceo e co-fondatore dell\u2019azienda, raccontando di aver regalato a Guido Barilla, presidente del gruppo, un adesivo per la sua nuova auto con scritto \u00abMe and my Homies Love Macaronis (a me e ai miei amici piacciono i maccheroni, ndr)\u00bb.  <b>Zezsut ha aggiunto di aver  scelto Barilla come acquirente \u00abperch\u00e9 possono aiutarci a innovare e crescere all\u2019estero\u00bb.<\/b><\/p>\n<p class=\"chapter-paragraph\">Goodles entrer\u00e0 a far parte del gruppo italiano, ma rester\u00e0 un marchio indipendente, con libert\u00e0 di scelta su prodotti, ricette, ingredienti, marketing e fornitori.<b> L\u2019America rappresenta oltre un quinto dei 4,8 miliardi di ricavi di Barilla e il  gruppo sta puntando forte sugli Stati Uniti:<\/b> a maggio ha annunciato un investimento da 170 milioni per espandere il polo produttivo di Avon, nello stato di New York, e ora l\u2019acquisizione di Goodles in California. \u00abOggi \u00e8 un giorno importante per il nostro gruppo\u00bb, ha sottolineato ieri il presidente Guido Barilla. <b>\u00abSeguivamo Goodles da tempo e siamo rimasti sempre pi\u00f9 colpiti dalla forza del marchio, dalla qualit\u00e0 dei suoi prodotti e dallo slancio della sua crescita\u00bb.<\/b><\/p>\n<p><a href=\"https:\/\/www.corriere.it\/app-economia\/?intcmp=DL-app_nd_011024_corriere_ss_conomia\" target=\"_blank\" class=\"bck-app-banner\" rel=\"nofollow noopener\"><img decoding=\"async\" class=\"bck-app-img\" src=\"https:\/\/www.europesays.com\/it\/wp-content\/uploads\/2025\/08\/1756449670_863_app.png\"\/><\/p>\n<p>Nuova app <strong>L&#8217;Economia<\/strong>. News, approfondimenti e l&#8217;assistente virtuale al tuo servizio.<\/p>\n<p>SCARICA L&#8217; APP<\/p>\n<p><img decoding=\"async\" src=\"https:\/\/www.europesays.com\/it\/wp-content\/uploads\/2025\/07\/eco.png\"\/><\/a><\/p>\n<p>Iscriviti alle <a href=\"https:\/\/www.corriere.it\/newsletter\/?theme=4\" rel=\"nofollow noopener\" target=\"_blank\">newsletter de L&#8217;Economia<\/a>. Analisi e commenti sui principali avvenimenti\u00a0economici a cura delle firme del Corriere.<\/p>\n<p class=\"is-last-update\" datetime=\"2026-09-03T17:28:06+02:00\">3 settembre 2026<\/p>\n<p class=\"is-copyright\">\n            \u00a9 RIPRODUZIONE RISERVATA\n        <\/p>\n","protected":false},"excerpt":{"rendered":"di Francesco Bertolino L\u2019azienda californiana entra a far parte del gruppo italiano che punta forte sul mercato statunitense.&hellip;\n","protected":false},"author":3,"featured_media":664235,"comment_status":"","ping_status":"","sticky":false,"template":"","format":"standard","meta":{"footnotes":"","_share_on_mastodon":"0"},"categories":[172],"tags":[178,297221,4717,2017,13336,366068,4072,66671,177,14836,1621,62751,165705,337467,1307,12028,2097,366069,50821,3440,366065,11543,131562,3772,1537,90,1599,89,40274,366070,366071,366066,366067,135],"class_list":["post-664234","post","type-post","status-publish","format-standard","has-post-thumbnail","category-affari","tag-affari","tag-aguilera","tag-americana","tag-americani","tag-and","tag-and-cheese","tag-azienda","tag-barilla","tag-business","tag-california","tag-celebrita","tag-cheese","tag-christina","tag-christina-aguilera","tag-crescita","tag-entra","tag-far","tag-far-italiano","tag-formaggio","tag-forte","tag-goodles","tag-guido","tag-guido-barilla","tag-investitori","tag-it","tag-italia","tag-italiano","tag-italy","tag-mac","tag-mac-and","tag-mac-and-cheese","tag-maccheroni","tag-maccheroni-formaggio","tag-presidente"],"share_on_mastodon":{"url":"https:\/\/pubeurope.com\/@it\/117211655357763262","error":""},"_links":{"self":[{"href":"https:\/\/www.europesays.com\/it\/wp-json\/wp\/v2\/posts\/664234","targetHints":{"allow":["GET"]}}],"collection":[{"href":"https:\/\/www.europesays.com\/it\/wp-json\/wp\/v2\/posts"}],"about":[{"href":"https:\/\/www.europesays.com\/it\/wp-json\/wp\/v2\/types\/post"}],"author":[{"embeddable":true,"href":"https:\/\/www.europesays.com\/it\/wp-json\/wp\/v2\/users\/3"}],"replies":[{"embeddable":true,"href":"https:\/\/www.europesays.com\/it\/wp-json\/wp\/v2\/comments?post=664234"}],"version-history":[{"count":0,"href":"https:\/\/www.europesays.com\/it\/wp-json\/wp\/v2\/posts\/664234\/revisions"}],"wp:featuredmedia":[{"embeddable":true,"href":"https:\/\/www.europesays.com\/it\/wp-json\/wp\/v2\/media\/664235"}],"wp:attachment":[{"href":"https:\/\/www.europesays.com\/it\/wp-json\/wp\/v2\/media?parent=664234"}],"wp:term":[{"taxonomy":"category","embeddable":true,"href":"https:\/\/www.europesays.com\/it\/wp-json\/wp\/v2\/categories?post=664234"},{"taxonomy":"post_tag","embeddable":true,"href":"https:\/\/www.europesays.com\/it\/wp-json\/wp\/v2\/tags?post=664234"}],"curies":[{"name":"wp","href":"https:\/\/api.w.org\/{rel}","templated":true}]}}