{"id":664245,"date":"2026-09-04T07:55:18","date_gmt":"2026-09-04T07:55:18","guid":{"rendered":"https:\/\/www.europesays.com\/it\/664245\/"},"modified":"2026-09-04T07:55:18","modified_gmt":"2026-09-04T07:55:18","slug":"nasce-non-correre-pedala-il-progetto-dedicato-alla-bicicletta-al-benessere-e-alla-scoperta-del-territorio","status":"publish","type":"post","link":"https:\/\/www.europesays.com\/it\/664245\/","title":{"rendered":"Nasce \u201cNon correre, pedala!\u201d, il progetto dedicato alla bicicletta, al benessere e alla scoperta del territorio"},"content":{"rendered":"<p><img decoding=\"async\" fetchpriority=\"high\" width=\"202\" height=\"291\" data-wp-class--hide=\"state.isContentHidden\" data-wp-class--show=\"state.isContentVisible\" data-wp-init=\"callbacks.setButtonStyles\" data-wp-on--click=\"actions.showLightbox\" data-wp-on--load=\"callbacks.setButtonStyles\" data-wp-on--pointerdown=\"actions.preloadImage\" data-wp-on--pointerenter=\"actions.preloadImageWithDelay\" data-wp-on--pointerleave=\"actions.cancelPreload\" data-wp-on-window--resize=\"callbacks.setButtonStyles\" src=\"https:\/\/www.europesays.com\/it\/wp-content\/uploads\/2026\/09\/CD82F9C9-C861-481F-9951-2A0596CE37B2-202x291.webp\" alt=\"\" class=\"wp-image-107372\"  \/><\/p>\n<p class=\"wp-block-paragraph\"><strong>CASTELBUONO (PA)<\/strong> \u2013 Non serve essere ciclisti professionisti, non serve avere gambe da Giro d\u2019Italia e soprattutto non serve arrivare primi.<\/p>\n<p class=\"wp-block-paragraph\">A Castelbuono nasce \u201c<strong>Non correre, pedala<\/strong>!\u201d, una proposta semplice e informale per chi vuole andare in bicicletta, fare movimento, stare insieme e riscoprire il territorio a un ritmo decisamente pi\u00f9 umano. L\u2019idea \u00e8 quella di creare un appuntamento fisso con uscite della durata di circa un\u2019ora\/un\u2019ora e mezza, scegliendo percorsi accessibili e compatibili con il livello del gruppo.<\/p>\n<p class=\"wp-block-paragraph\">Il progetto \u00e8 rivolto ai possessori di biciclette elettriche che condividono il piacere di pedalare. Il principio \u00e8 molto semplice: si pedala insieme e si aspetta chi resta indietro.<\/p>\n<p class=\"wp-block-paragraph\">Non sar\u00e0 una gara, non ci saranno cronometri, classifiche o record da battere. La salita si pu\u00f2 affrontare lentamente, fermarsi \u00e8 consentito e, soprattutto, nessuno dovr\u00e0 sentirsi inadeguato perch\u00e9 non \u00e8 abbastanza allenato.<\/p>\n<p class=\"wp-block-paragraph\">Il progetto nasce pensando soprattutto a chi vorrebbe andare in bicicletta ma non trova mai l\u2019occasione, a chi vuole ricominciare dopo un periodo di inattivit\u00e0, a chi desidera fare un po\u2019 di movimento o semplicemente a chi ha voglia di trascorrere qualche ora all\u2019aria aperta.<\/p>\n<p class=\"wp-block-paragraph\">La bicicletta diventa cos\u00ec anche un modo per conoscere e vivere Castelbuono e il suo territorio, attraversando strade e paesaggi con uno sguardo diverso, lontano dalla fretta e dalla logica della prestazione.<\/p>\n<p class=\"wp-block-paragraph\">\u201cL\u2019idea \u00e8 nata proprio dalla voglia di togliere alla bicicletta quell\u2019idea di fatica, competizione e prestazione che spesso allontana le persone \u2013 spiegano i promotori \u2013. Vorremmo creare un gruppo in cui ognuno possa pedalare secondo le proprie possibilit\u00e0, senza sentirsi giudicato. Perch\u00e9 non \u00e8 importante andare forte: \u00e8 importante andare\u201d.<\/p>\n<p class=\"wp-block-paragraph\">Il primo appuntamento \u00e8 fissato per domenica 6 settembre alle ore 9:30. Sar\u00e0 l\u2019occasione per incontrarsi, conoscersi e dare ufficialmente il via a questa nuova esperienza.<\/p>\n<p class=\"wp-block-paragraph\">L\u2019iniziativa \u00e8 aperta a tutti quelli che hanno lo spirito giusto: casco, bicicletta e voglia di stare insieme.<\/p>\n<p class=\"wp-block-paragraph\">E, naturalmente, dopo una bella pedalata, un caff\u00e8 insieme sar\u00e0 quasi parte integrante del progetto.<\/p>\n<p class=\"wp-block-paragraph\">Perch\u00e9 a Castelbuono si pu\u00f2 pedalare anche senza voler conquistare una tappa del Giro d\u2019Italia.<\/p>\n<p class=\"wp-block-paragraph\">Basta una bicicletta.<\/p>\n<p class=\"wp-block-paragraph\">E la voglia di partire.<\/p>\n<p class=\"wp-block-paragraph\"><strong>NON CORRERE, PEDALA!<\/strong><strong\/><\/p>\n<p class=\"wp-block-paragraph\">Domenica 6 settembre \u2013 ore 9:30 a Castelbuono. Nessuno corre. Nessuno resta indietro.<\/p>\n<p class=\"wp-block-paragraph\">Per informazioni e adesioni: contattare <strong>esclusivamente tramite WhatsApp<\/strong> ai numeri:<\/p>\n<p class=\"wp-block-paragraph\">+39 388 650 6177<\/p>\n<p class=\"wp-block-paragraph\">+39 331 641 4761<\/p>\n","protected":false},"excerpt":{"rendered":"CASTELBUONO (PA) \u2013 Non serve essere ciclisti professionisti, non serve avere gambe da Giro d\u2019Italia e soprattutto non&hellip;\n","protected":false},"author":3,"featured_media":664246,"comment_status":"","ping_status":"","sticky":false,"template":"","format":"standard","meta":{"footnotes":"","_share_on_mastodon":"0"},"categories":[1456],"tags":[366077,1719,366078,138065,1824,1825,67563,1537,90,89,11899,366079,245,244,440],"class_list":["post-664245","post","type-post","status-publish","format-standard","has-post-thumbnail","category-ciclismo","tag-attivita-allaria-aperta","tag-benessere","tag-bicicletta-elettrica","tag-castelbuono","tag-ciclismo","tag-cycling","tag-e-bike","tag-it","tag-italia","tag-italy","tag-mobilita-sostenibile","tag-non-correre-pedala","tag-sport","tag-sports","tag-territorio"],"share_on_mastodon":{"url":"https:\/\/pubeurope.com\/@it\/117211702062877955","error":""},"_links":{"self":[{"href":"https:\/\/www.europesays.com\/it\/wp-json\/wp\/v2\/posts\/664245","targetHints":{"allow":["GET"]}}],"collection":[{"href":"https:\/\/www.europesays.com\/it\/wp-json\/wp\/v2\/posts"}],"about":[{"href":"https:\/\/www.europesays.com\/it\/wp-json\/wp\/v2\/types\/post"}],"author":[{"embeddable":true,"href":"https:\/\/www.europesays.com\/it\/wp-json\/wp\/v2\/users\/3"}],"replies":[{"embeddable":true,"href":"https:\/\/www.europesays.com\/it\/wp-json\/wp\/v2\/comments?post=664245"}],"version-history":[{"count":0,"href":"https:\/\/www.europesays.com\/it\/wp-json\/wp\/v2\/posts\/664245\/revisions"}],"wp:featuredmedia":[{"embeddable":true,"href":"https:\/\/www.europesays.com\/it\/wp-json\/wp\/v2\/media\/664246"}],"wp:attachment":[{"href":"https:\/\/www.europesays.com\/it\/wp-json\/wp\/v2\/media?parent=664245"}],"wp:term":[{"taxonomy":"category","embeddable":true,"href":"https:\/\/www.europesays.com\/it\/wp-json\/wp\/v2\/categories?post=664245"},{"taxonomy":"post_tag","embeddable":true,"href":"https:\/\/www.europesays.com\/it\/wp-json\/wp\/v2\/tags?post=664245"}],"curies":[{"name":"wp","href":"https:\/\/api.w.org\/{rel}","templated":true}]}}