{"id":664275,"date":"2026-09-04T08:13:17","date_gmt":"2026-09-04T08:13:17","guid":{"rendered":"https:\/\/www.europesays.com\/it\/664275\/"},"modified":"2026-09-04T08:13:17","modified_gmt":"2026-09-04T08:13:17","slug":"kyrgios-sospeso-un-mese-per-doping-dopo-la-positivita-alla-cocaina","status":"publish","type":"post","link":"https:\/\/www.europesays.com\/it\/664275\/","title":{"rendered":"Kyrgios sospeso un mese per doping dopo la positivit\u00e0 alla cocaina"},"content":{"rendered":"<p>                                L\u2019Itia, ente per l&#8217;integrit\u00e0 del tennis, ha riconosciuto che l\u2019assunzione era avvenuta al di fuori della competizione e non per migliorare le prestazioni<\/p>\n<p>            <a class=\"image is-50x50\" href=\"https:\/\/www.gazzetta.it\/collaboratori\/luigi-ansaloni\/\" rel=\"nofollow noopener\" target=\"_blank\"><br \/>\n                <img decoding=\"async\" class=\"is-rounded\" src=\"https:\/\/www.europesays.com\/it\/wp-content\/uploads\/2026\/03\/1774472354_735_omino.png\" alt=\"Luigi Ansaloni\"\/><br \/>\n            <\/a><\/p>\n<p>Collaboratore<\/p>\n<p>                    4 settembre &#8211; 08:26  &#8211; MILANO<\/p>\n<p class=\"paragraph\" spellcheck=\"true\">Un mese di squalifica e un programma di trattamento da completare. Si chiude cos\u00ec, almeno per il momento e apparentemente, il caso antidoping che ha coinvolto Nick Kyrgios, risultato positivo alla cocaina durante un torneo Atp disputato a Maiorca, in Spagna, nel giugno 2026.<\/p>\n<p>    atp maiorca\u2014 \u00a0<\/p>\n<p class=\"paragraph is-inline\" spellcheck=\"true\">Il 31enne australiano, ex numero 13 del mondo e uno dei pi\u00f9 grandi accusatori di Jannik Sinner nei mesi dell&#8217;assunzione involontaria di clostebol e della sospensione concordata con la Wada di tre mesi,  \u00e8 stato sospeso provvisoriamente dal 4 agosto, dopo che la sostanza vietata \u00e8 stata rilevata nel suo campione. La cocaina \u00e8 infatti inserita tra quelle proibite durante le competizioni e una positivit\u00e0 comporta l\u2019immediata sospensione provvisoria.  Davanti agli investigatori dell\u2019International Tennis Integrity Agency (Itia), Kyrgios ha spiegato di aver assunto la cocaina in un &#8220;contesto sociale&#8221;, durante una serata fuori prima della partita giocata a Maiorca, dunque per non migliorare le prestazioni.   Una spiegazione che, secondo l\u2019esperto scientifico indipendente consultato dall\u2019Itia presso un laboratorio accreditato dalla Wada, risulta compatibile con la quantit\u00e0 di sostanza rilevata nel campione. Sulla base di questa valutazione, l\u2019Itia ha riconosciuto che l\u2019assunzione era avvenuta al di fuori della competizione. La normativa Wada prevede normalmente una squalifica di tre mesi per una violazione di questo tipo. La sanzione pu\u00f2 per\u00f2 essere ridotta a un mese se l\u2019atleta accetta di seguire un programma di trattamento approvato dall\u2019Itia.<\/p>\n<p><a class=\"is-partner-link\" href=\"https:\/\/ad.doubleclick.net\/ddm\/trackclk\/N1792338.340088CAIRORCSMEDIAS.P.\/B35025367.453773505;dc_trk_aid=647320059;dc_trk_cid=249314339;dc_dbm_token=%24%7BDC_DBM_TOKEN%7D;dc_lat=;dc_rdid=;tag_for_child_directed_treatment=;tfua=;gdpr=%24%7BGDPR%7D;gdpr_consent=%24%7BGDPR_CONSENT_755%7D;gpp=%24%7BGPP_STRING_755%7D;gpp_sid=%24%7BGPP_SID%7D;ltd=;dc_tdv=1\" rel=\"nofollow noopener\" target=\"_blank\">Guarda live tutte le partite degli US Open dal 30 Agosto in streaming su NOW! Attiva il Pass Sport da 19,99\u20ac al mese<\/a><\/p>\n<p>    scaduta\u2014 \u00a0<\/p>\n<p class=\"paragraph is-inline\" spellcheck=\"true\">Sospensione gi\u00e0 finita Kyrgios ha scelto questa strada. La sua sospensione \u00e8 quindi gi\u00e0 terminata ieri, il 3 settembre 2026, a condizione che completi il programma previsto.  Il caso avr\u00e0 per\u00f2 anche conseguenze sportive: il tennista australiano perder\u00e0 il premio in denaro e i punti per il ranking conquistati al torneo di Maiorca.<\/p>\n<p class=\"is-copyright\">\u00a9 RIPRODUZIONE RISERVATA<\/p>\n","protected":false},"excerpt":{"rendered":"L\u2019Itia, ente per l&#8217;integrit\u00e0 del tennis, ha riconosciuto che l\u2019assunzione era avvenuta al di fuori della competizione e&hellip;\n","protected":false},"author":3,"featured_media":664276,"comment_status":"","ping_status":"","sticky":false,"template":"","format":"standard","meta":{"footnotes":"","_share_on_mastodon":"0"},"categories":[6],"tags":[10842,366088,366089,7919,7376,3610,366090,1953,9564,5002,879,366091,14,8,1537,90,89,25064,7375,28029,3783,7,15,82,9,83,10,897,10547,27661,13,11,80,84,12,81,85,122952],"class_list":["post-664275","post","type-post","status-publish","format-standard","has-post-thumbnail","category-ultime-notizie","tag-assunzione","tag-assunzione-avvenuta","tag-assunzione-avvenuta-competizione","tag-atp","tag-australiano","tag-avvenuta","tag-avvenuta-competizione","tag-campione","tag-cocaina","tag-competizione","tag-contesto","tag-contesto-sociale","tag-cronaca","tag-headlines","tag-it","tag-italia","tag-italy","tag-itia","tag-kyrgios","tag-maiorca","tag-mese","tag-news","tag-notizie","tag-notizie-di-cronaca","tag-notizie-principali","tag-notiziedicronaca","tag-notizieprincipali","tag-programma","tag-sospensione","tag-squalifica","tag-titoli","tag-ultime-notizie","tag-ultime-notizie-di-cronaca","tag-ultime-notizie-e-news-di-oggi","tag-ultimenotizie","tag-ultimenotiziedicronaca","tag-ultimenotizieenewsdioggi","tag-wada"],"share_on_mastodon":{"url":"","error":"Validation failed: Text character limit of 500 exceeded"},"_links":{"self":[{"href":"https:\/\/www.europesays.com\/it\/wp-json\/wp\/v2\/posts\/664275","targetHints":{"allow":["GET"]}}],"collection":[{"href":"https:\/\/www.europesays.com\/it\/wp-json\/wp\/v2\/posts"}],"about":[{"href":"https:\/\/www.europesays.com\/it\/wp-json\/wp\/v2\/types\/post"}],"author":[{"embeddable":true,"href":"https:\/\/www.europesays.com\/it\/wp-json\/wp\/v2\/users\/3"}],"replies":[{"embeddable":true,"href":"https:\/\/www.europesays.com\/it\/wp-json\/wp\/v2\/comments?post=664275"}],"version-history":[{"count":0,"href":"https:\/\/www.europesays.com\/it\/wp-json\/wp\/v2\/posts\/664275\/revisions"}],"wp:featuredmedia":[{"embeddable":true,"href":"https:\/\/www.europesays.com\/it\/wp-json\/wp\/v2\/media\/664276"}],"wp:attachment":[{"href":"https:\/\/www.europesays.com\/it\/wp-json\/wp\/v2\/media?parent=664275"}],"wp:term":[{"taxonomy":"category","embeddable":true,"href":"https:\/\/www.europesays.com\/it\/wp-json\/wp\/v2\/categories?post=664275"},{"taxonomy":"post_tag","embeddable":true,"href":"https:\/\/www.europesays.com\/it\/wp-json\/wp\/v2\/tags?post=664275"}],"curies":[{"name":"wp","href":"https:\/\/api.w.org\/{rel}","templated":true}]}}