{"id":664283,"date":"2026-09-04T08:26:14","date_gmt":"2026-09-04T08:26:14","guid":{"rendered":"https:\/\/www.europesays.com\/it\/664283\/"},"modified":"2026-09-04T08:26:14","modified_gmt":"2026-09-04T08:26:14","slug":"consigli-fantacalcio-i-giocatori-consigliati-partita-per-partita-nella-3a-giornata","status":"publish","type":"post","link":"https:\/\/www.europesays.com\/it\/664283\/","title":{"rendered":"Consigli fantacalcio, i giocatori consigliati partita per partita nella 3\u00aa giornata"},"content":{"rendered":"<p class=\"paragraph\" spellcheck=\"true\">Uno dei giocatori pi\u00f9 in forma in questo avvio di stagione del Como \u00e8 <b>Assane Diao<\/b>, che ha trovato l&#8217;assist nella sfida contro il Napoli ma non segna da diverse giornate. L&#8217;ultima delle sue ultime 10 reti realizzate in Serie A \u00e8 arrivata proprio in trasferta contro il Genoa lo scorso 26 aprile: un motivo in pi\u00f9 per schierarlo. La squadra di De Rossi, invece, spicca per i recuperi offensivi (nessuna ne ha effettuati di pi\u00f9 in questo inizio di campionato, ben 20); potrebbe beneficiarne <b>Baldanzi<\/b>, che ha gi\u00e0 avuto diverse occasioni da bonus. In mezzo al campo puntiamo sul bell&#8217;avvio di <b>Luis Milla<\/b>, nuova sorpresa di Fabregas che finora ha fatto incetta di bei voti ma non ha ancora trovato la sua specialit\u00e0: l&#8217;assist vincente (nella scorsa stagione in Liga ne ha messi a segno ben dieci).<\/p>\n","protected":false},"excerpt":{"rendered":"Uno dei giocatori pi\u00f9 in forma in questo avvio di stagione del Como \u00e8 Assane Diao, che ha&hellip;\n","protected":false},"author":3,"featured_media":664284,"comment_status":"","ping_status":"","sticky":false,"template":"","format":"standard","meta":{"footnotes":"","_share_on_mastodon":"0"},"categories":[1452],"tags":[251456,62700,366095,839,8235,569,3732,2482,391,586,587,6090,6300,721,563,1856,921,3153,714,366096,366097,631,3705,33555,31293,26529,59770,3173,1277,277,4053,33595,3669,5115,188275,32608,50904,85829,85830,7217,94017,598,1740,2498,1974,1837,366098,3412,5183,1911,85832,1976,350,1537,90,89,558,10329,553,21438,14711,4425,366092,74043,54231,2518,15313,1270,17114,366093,366094,1821,3461,8445,1739,245,244,1857,577,67624,907,4412,12097],"class_list":["post-664283","post","type-post","status-publish","format-standard","has-post-thumbnail","category-calcio","tag-affidiamo","tag-aggiustare","tag-aggiustare-mira","tag-almeno","tag-assist","tag-atalanta","tag-avvio","tag-azione","tag-ben","tag-bologna","tag-bonus","tag-buona","tag-cagliari","tag-calcio","tag-calhanoglu","tag-campionato","tag-campo","tag-centrocampista","tag-chiamato","tag-chiamato-aggiustare","tag-chiamato-aggiustare-mira","tag-cinque","tag-como","tag-completato","tag-concessi","tag-creato","tag-creato-occasioni","tag-cross","tag-dato","tag-de","tag-difensore","tag-dimarco","tag-distanza","tag-diverse","tag-diverse-occasioni","tag-effettuati","tag-effettuato","tag-expected","tag-expected-goals","tag-federico","tag-federico-dimarco","tag-finora","tag-football","tag-forma","tag-formazione","tag-gare","tag-gare-campionato","tag-giocatori","tag-giornata","tag-giornate","tag-goals","tag-gol","tag-inter","tag-it","tag-italia","tag-italy","tag-juventus","tag-merito","tag-milan","tag-occasioni","tag-pari","tag-prime","tag-prime-gare","tag-prime-giornate","tag-puntiamo","tag-rete","tag-reti","tag-rispetto","tag-segnare","tag-segnare-prime","tag-segnare-prime-gare","tag-serie","tag-sfida","tag-sfide","tag-soccer","tag-sport","tag-sports","tag-squadra","tag-stagione","tag-tiri","tag-ultime","tag-uomini","tag-uscite"],"share_on_mastodon":{"url":"","error":"Validation failed: Text character limit of 500 exceeded"},"_links":{"self":[{"href":"https:\/\/www.europesays.com\/it\/wp-json\/wp\/v2\/posts\/664283","targetHints":{"allow":["GET"]}}],"collection":[{"href":"https:\/\/www.europesays.com\/it\/wp-json\/wp\/v2\/posts"}],"about":[{"href":"https:\/\/www.europesays.com\/it\/wp-json\/wp\/v2\/types\/post"}],"author":[{"embeddable":true,"href":"https:\/\/www.europesays.com\/it\/wp-json\/wp\/v2\/users\/3"}],"replies":[{"embeddable":true,"href":"https:\/\/www.europesays.com\/it\/wp-json\/wp\/v2\/comments?post=664283"}],"version-history":[{"count":0,"href":"https:\/\/www.europesays.com\/it\/wp-json\/wp\/v2\/posts\/664283\/revisions"}],"wp:featuredmedia":[{"embeddable":true,"href":"https:\/\/www.europesays.com\/it\/wp-json\/wp\/v2\/media\/664284"}],"wp:attachment":[{"href":"https:\/\/www.europesays.com\/it\/wp-json\/wp\/v2\/media?parent=664283"}],"wp:term":[{"taxonomy":"category","embeddable":true,"href":"https:\/\/www.europesays.com\/it\/wp-json\/wp\/v2\/categories?post=664283"},{"taxonomy":"post_tag","embeddable":true,"href":"https:\/\/www.europesays.com\/it\/wp-json\/wp\/v2\/tags?post=664283"}],"curies":[{"name":"wp","href":"https:\/\/api.w.org\/{rel}","templated":true}]}}