{"id":664285,"date":"2026-09-04T08:27:14","date_gmt":"2026-09-04T08:27:14","guid":{"rendered":"https:\/\/www.europesays.com\/it\/664285\/"},"modified":"2026-09-04T08:27:14","modified_gmt":"2026-09-04T08:27:14","slug":"report-la-nuova-conduttrice-e-claudia-di-pasquale-e-ce-la-tregua-tra-la-rai-e-la-redazione","status":"publish","type":"post","link":"https:\/\/www.europesays.com\/it\/664285\/","title":{"rendered":"Report, la nuova conduttrice \u00e8 Claudia Di Pasquale. E c\u2019\u00e8 la \u00abtregua\u00bb tra la Rai e la redazione"},"content":{"rendered":"<p>    di<br \/>\n    Antonella Baccaro<\/p>\n<p class=\"summary-art is-line-h-12\">Con lei confermato Piervincenzi. Ranucci felicissimo, ma va avanti il duello con l&#8217;azienda<\/p>\n<p class=\"chapter-paragraph\">Finisce tra gli applausi della redazione e la soddisfazione della Rai la <b>trattativa <\/b>su chi <b>condurr\u00e0 Report <\/b>dall\u20198 novembre al posto di Sigfrido Ranucci. In sostituzione della dimissionaria <a href=\"https:\/\/roma.corriere.it\/notizie\/politica\/26_settembre_02\/report-giulia-presutti-conduzione-rinuncia-passo-indietro-7a105ed3-8634-48ce-962a-d4545f4fbxlk.shtml\" title=\"Giulia Presutti rinuncia alla conduzione di Report: \u00abPasso indietro per aiutare la trasmissione\u00bb. Il canale della redazione con la Rai e le polemiche su Innocenzi: \u00abNon \u00e8 giornalista\u00bb\" rel=\"nofollow noopener\" target=\"_blank\">Giulia Presutti<\/a>, ieri \u00e8 stata scelta una veterana del programma, gradita ai giornalisti: <a href=\"https:\/\/roma.corriere.it\/notizie\/cronaca\/26_settembre_03\/claudia-di-pasquale-alla-conduzione-di-report-0cee2e88-e4f4-469d-a0d7-fdec3138fxlk.shtml\" title=\"Chi \u00e8 Claudia Di Pasquale, scelta per la conduzione di Report: giornalista, gli inizi a La Sicilia, poi le inchieste su \u00abPaziente zero\u00bb e \u00abSforo olimpico\u00bb\" rel=\"nofollow noopener\" target=\"_blank\">Claudia Di Pasquale<\/a>, siciliana, classe 1978.<\/p>\n<p class=\"chapter-paragraph\">Il direttore dell\u2019Approfondimento Rai, <a href=\"https:\/\/roma.corriere.it\/notizie\/politica\/26_settembre_03\/report-corsini-conduttori-piervincenzi-presutti-36542955-dc30-43ba-af6c-15b2467cexlk.shtml\" title=\"Report, la nuova conduttrice \u00e8 Claudia Di Pasquale. Corsini: \u00abI nomi li decido io, e Piervincenzi resta. Presutti? Decisione personale\u00bb\" rel=\"nofollow noopener\" target=\"_blank\">Paolo Corsini<\/a>, ha tenuto il punto su <b>Daniele Piervincenzi<\/b>, confermando <b>Giulio Valesini<\/b> e <b>Bernardo Iovene<\/b> come <br \/>coautori. \u00abUn grosso in bocca al lupo\u00bb a tutta la squadra di Report \u00abper<br \/>la sfida che ci attende\u00bb \u00e8 la sua chiosa. \u00abSoddisfazione\u00bb viene <br \/>espressa dalla redazione per Di Pasquale: \u00abLa pi\u00f9 degna rappresentante <br \/>dello spirito e del dna di Report\u00bb, \u00abassunta da <b>Milena Gabanelli<\/b>\u00bb, i cui<br \/>servizi \u00abhanno scritto la storia del programma\u00bb. Infine l\u2019auspicio che <br \/>la scelta garantisca \u00abautonomia e libert\u00e0\u00bb.    &#13;<br \/>\n&#13;<br \/>\n&#13;<br \/>\n&#13;<br \/>\n&#13;<br \/>\n&#13;<br \/>\n&#13;<br \/>\n&#13;<br \/>\n&#13;<br \/>\n&#13;<br \/>\n&#13;<br \/>\n&#13;<br \/>\n&#13;<br \/>\n&#13;<br \/>\n&#13;<br \/>\n&#13;<br \/>\n&#13;<br \/>\n&#13;<br \/>\n&#13;<br \/>\n&#13;<br \/>\n&#13;<br \/>\n&#13;<br \/>\n&#13;<br \/>\n&#13;<br \/>\n&#13;<br \/>\n&#13;<br \/>\n&#13;<br \/>\n&#13;<br \/>\n&#13;<br \/>\n&#13;<br \/>\n&#13;<br \/>\n&#13;<br \/>\n&#13;<br \/>\n&#13;<br \/>\n&#13;<br \/>\n&#13;<br \/>\n&#13;<br \/>\n&#13;<br \/>\n&#13;<br \/>\n&#13;<br \/>\n&#13;<br \/>\n&#13;<br \/>\n&#13;<br \/>\n&#13;<br \/>\n&#13;<br \/>\n&#13;<br \/>\n&#13;<br \/>\n&#13;<br \/>\n&#13;<br \/>\n&#13;<br \/>\n&#13;<br \/>\n&#13;<br \/>\n&#13;\n<\/p>\n<p class=\"chapter-paragraph\">Non un pensiero per Ranucci. Che per\u00f2 ha commentato: \u00abSono <b>felicissimo <\/b>per la scelta di Claudia, perch\u00e9 \u00e8 una grandissima professionista, rigorosa, tosta e indipendente. Sarebbe stata una delle mie scelte preferite in una <br \/>normale dialettica aziendale se Corsini me l\u2019avesse chiesto\u00bb. Intanto <br \/>ieri il nuovo quadrumvirato con Corsini ha incontrato il regista per <br \/>ridefinire la conduzione. E Di Pasquale ha conosciuto <b>Piervincenzi<\/b>: \u00abUn <br \/>dialogo proficuo e sereno\u00bb.<\/p>\n<p class=\"chapter-paragraph\">Che l\u2019accordo fosse vicino lo si era capito gi\u00e0 ieri mattina quando Corsini si \u00e8 presentato con un largo sorriso alla conferenza stampa del nuovo programma di <a href=\"https:\/\/roma.corriere.it\/notizie\/cronaca\/26_settembre_03\/ranucci-contro-sottile-6d5b0cb9-5787-45b1-a66b-c1a3fd818xlk.shtml\" title=\"Ranucci contro Sottile: \u00abLa mia squadra non si piega di fronte all&#039;arroganza e alle miserie di chi si sente protetto dal potere\u00bb\" rel=\"nofollow noopener\" target=\"_blank\">Salvo Sottile<\/a>, assicurando: \u00abL\u2019attenzione al genere \u00e8 stata la mia prima preoccupazione, quindi cercher\u00f2 di mantenerla\u00bb. Ma che l\u2019ultimo <br \/>ostacolo fosse saltato lo si \u00e8 capito al primo pomeriggio, quando dalla <br \/>redazione di Report, accorsa al completo e raggiante gi\u00e0 di prima <br \/>mattina, si \u00e8 levato un <b>applauso <\/b>e un coro ha scandito il nome di <br \/>Claudia. <b>Fumata bianca<\/b>, dunque.<\/p>\n<p class=\"chapter-paragraph\">A ieri, il bilancio (provvisorio perch\u00e9 Ranucci ricorrer\u00e0 per il reintegro) vede l\u2019azienda portare a casa l\u2019avvicendamento del conduttore senza spiegare nel dettaglio le motivazioni: un punto su cui giocher\u00e0 la difesa del giornalista.<br \/>A <b>manovrare <\/b>tutto, silente, l\u2019amministratore delegato <b>Giampaolo Rossi<\/b> che <br \/>punta dritto alla riconferma, visto che \u00e8 in scadenza l\u2019anno prossimo (o<br \/>prima, se la riforma Rai verr\u00e0 approvata). Corsini ha corretto in corsa il passo falso di scegliere per la conduzione Presutti, la giornalista pi\u00f9 invisa alla redazione, ricompattandola. Presutti intanto sar\u00e0 <b>ricollocata <\/b>in un nuovo programma.<\/p>\n<p class=\"chapter-paragraph\">Mentre Corsini ieri, rivendicando l\u2019autonomia delle sue scelte, ha chiuso il caso, scommettendo su un presupposto: \u00abMeglio pi\u00f9 interlocutori che un uomo solo al comando\u00bb. Comprensibile il plauso degli inviati di Report: una dozzina di giornalisti, per lo pi\u00f9 esterni, sono riusciti a <b>estromettere <\/b>una vincitrice di concorso Rai. Incassa il colpo la vecchia guardia pi\u00f9 agguerrita: <a href=\"https:\/\/roma.corriere.it\/notizie\/politica\/26_agosto_30\/report-mottola-inviato-intervista-fe0308ad-2816-473d-8150-628117639xlk.shtml\" title=\"Report, l&#039;inviato Mottola: \u00abLa trasmissione si far\u00e0, qui o altrove. Ranucci \u00e8 stato un fesso. Il mio stipendio? Sono altri quelli che prendono dai 300-400 mila euro in su\u00bb\" rel=\"nofollow noopener\" target=\"_blank\">Giorgio Mottola<\/a>, dopo aver tentato di prendere la testa del gruppo, ha dovuto cederla. Stessa sorte per <b>Giulia Innocenzi<\/b>, la cui non iscrizione all\u2019Ordine ha pesato. \u00abHa perso chi pensava di normalizzare Report e renderlo inoffensivo alla vigilia delle elezioni politiche\u00bb dice Sandro Ruotolo <br \/>per il Pd.\u00a0<\/p>\n<p class=\"chapter-paragraph\">Quanto a Ranucci, continua i suoi <b>spettacoli <\/b>per l\u2019Italia: ieri ha denunciato il tentativo di FdI di impedirne uno. \u00abDi me hanno parlato anche in Pakistan\u00bb ha rivelato ieri al suo pubblico. Su di lui \u2014 ha scritto Open \u2014 ripone fiducia chi ha commissionato un sondaggio a Swg e societ\u00e0 simili per verificarne la <br \/>popolarit\u00e0. Forse un partito che vuole candidarlo.<\/p>\n<p class=\"is-mr-t-20 is-mr-b-20\"><b><br \/>\n                    <a href=\"https:\/\/roma.corriere.it\/?intcmp=Notizielocali_nd_010623_corriere_ss_roma\" target=\"_blank\" rel=\"nofollow noopener\">Vai a tutte le notizie di Roma<\/a><br \/>\n            <\/b><\/p>\n<p>[an error occurred while processing this directive]<\/p>\n<p class=\"is-last-update\" datetime=\"2026-09-04T09:23:38+02:00\">4 settembre 2026<\/p>\n<p class=\"is-copyright\">\n            \u00a9 RIPRODUZIONE RISERVATA\n        <\/p>\n","protected":false},"excerpt":{"rendered":"di Antonella Baccaro Con lei confermato Piervincenzi. Ranucci felicissimo, ma va avanti il duello con l&#8217;azienda Finisce tra&hellip;\n","protected":false},"author":3,"featured_media":664286,"comment_status":"","ping_status":"","sticky":false,"template":"","format":"standard","meta":{"footnotes":"","_share_on_mastodon":"0"},"categories":[1451],"tags":[579,366099,366100,45233,366101,366102,43431,366103,366104,6964,6965,366105,16468,366106,366107,2546,4072,3079,1621,1620,9084,365966,32320,1245,203,34669,4348,807,2618,204,1537,90,89,4557,15471,360709,360710,897,494,2848,30051,7163,4910,1360,50410,988,24363],"class_list":["post-664285","post","type-post","status-publish","format-standard","has-post-thumbnail","category-celebrita","tag-accordo","tag-accordo-capito","tag-accordo-capito-mattina","tag-accorsa","tag-accorsa-completo","tag-accorsa-completo-raggiante","tag-agguerrita","tag-agguerrita-giorgio","tag-agguerrita-giorgio-mottola","tag-amministratore","tag-amministratore-delegato","tag-amministratore-delegato-giampaolo","tag-applausi","tag-applausi-redazione","tag-applausi-redazione-soddisfazione","tag-autonomia","tag-azienda","tag-capito","tag-celebrita","tag-celebrities","tag-claudia","tag-claudia-pasquale","tag-conduzione","tag-corsini","tag-entertainment","tag-felicissimo","tag-giornalista","tag-giornalisti","tag-giulia","tag-intrattenimento","tag-it","tag-italia","tag-italy","tag-mattina","tag-pasquale","tag-piervincenzi","tag-presutti","tag-programma","tag-punto","tag-rai","tag-ranucci","tag-redazione","tag-report","tag-scelta","tag-scelte","tag-scritto","tag-soddisfazione"],"share_on_mastodon":{"url":"","error":"Validation failed: Text character limit of 500 exceeded"},"_links":{"self":[{"href":"https:\/\/www.europesays.com\/it\/wp-json\/wp\/v2\/posts\/664285","targetHints":{"allow":["GET"]}}],"collection":[{"href":"https:\/\/www.europesays.com\/it\/wp-json\/wp\/v2\/posts"}],"about":[{"href":"https:\/\/www.europesays.com\/it\/wp-json\/wp\/v2\/types\/post"}],"author":[{"embeddable":true,"href":"https:\/\/www.europesays.com\/it\/wp-json\/wp\/v2\/users\/3"}],"replies":[{"embeddable":true,"href":"https:\/\/www.europesays.com\/it\/wp-json\/wp\/v2\/comments?post=664285"}],"version-history":[{"count":0,"href":"https:\/\/www.europesays.com\/it\/wp-json\/wp\/v2\/posts\/664285\/revisions"}],"wp:featuredmedia":[{"embeddable":true,"href":"https:\/\/www.europesays.com\/it\/wp-json\/wp\/v2\/media\/664286"}],"wp:attachment":[{"href":"https:\/\/www.europesays.com\/it\/wp-json\/wp\/v2\/media?parent=664285"}],"wp:term":[{"taxonomy":"category","embeddable":true,"href":"https:\/\/www.europesays.com\/it\/wp-json\/wp\/v2\/categories?post=664285"},{"taxonomy":"post_tag","embeddable":true,"href":"https:\/\/www.europesays.com\/it\/wp-json\/wp\/v2\/tags?post=664285"}],"curies":[{"name":"wp","href":"https:\/\/api.w.org\/{rel}","templated":true}]}}