{"id":664298,"date":"2026-09-04T08:35:14","date_gmt":"2026-09-04T08:35:14","guid":{"rendered":"https:\/\/www.europesays.com\/it\/664298\/"},"modified":"2026-09-04T08:35:14","modified_gmt":"2026-09-04T08:35:14","slug":"i-dilemmi-esistenziali-di-alessandro-borghi-sul-set-recito-con-i-miei-tic","status":"publish","type":"post","link":"https:\/\/www.europesays.com\/it\/664298\/","title":{"rendered":"I dilemmi esistenziali di Alessandro Borghi: \u00abSul set recito con i miei tic\u00bb"},"content":{"rendered":"<p>    di<br \/>\n    Chiara Maffioletti, inviata a Venezia<\/p>\n<p class=\"summary-art is-line-h-12\">L&#8217;attore, protagonista del film \u00abNessun dolore\u00bb:  ho la sindrome di Tourette, Amelio mi ha chiesto di non nasconderla<\/p>\n<p class=\"chapter-paragraph\"><b>VENEZIA<\/b> Nel girare  Nessun dolore, in sala dal 24 settembre, Alessandro Borghi si \u00e8 ritrovato \u00abin  luoghi assolutamente inesplorati per me, emotivamente\u00bb. \u00c8 l\u00ec che lo ha portato G<b>ianni Amelio, che dopo 32 anni da Lamerica \u00e8 tornato a parlare di migrazione, di accoglienza, di empatia<\/b>.\u00a0<\/p>\n<p class=\"chapter-paragraph\">Borghi \u2014 alla Mostra  anche con  Serpenti \u2014, interpreta un libraio, Davide, travolto da rimorsi e dilemmi morali dopo che la sua vita cambia prepotentemente e nel modo pi\u00f9 imprevedibile: <b>un uomo cerca di affidargli un bambino, per strada, per garantirgli  un futuro migliore<\/b>.   \u00abC\u2019\u00e8 una frase all\u2019inizio del film molto bella \u2014 spiega l\u2019attore \u2014. Dice che questa \u00e8 una storia che deve ancora accadere. Nel senso che  potrebbe accadere a tutti o che forse \u00e8 accaduta gi\u00e0. Sembra straordinaria, ma  \u00e8 legata alla routine di ognuno di noi: <b>ci fa interrogare su quanto siamo disposti a guardare gli altri e capire quando qualcuno ha bisogno di noi<\/b>\u00bb.\u00a0    &#13;<br \/>\n&#13;<br \/>\n&#13;<br \/>\n&#13;<br \/>\n&#13;<br \/>\n&#13;<br \/>\n&#13;<br \/>\n&#13;<br \/>\n&#13;<br \/>\n&#13;<br \/>\n&#13;<br \/>\n&#13;<br \/>\n&#13;<br \/>\n&#13;<br \/>\n&#13;<br \/>\n&#13;<br \/>\n&#13;<br \/>\n&#13;<br \/>\n&#13;<br \/>\n&#13;<br \/>\n&#13;<br \/>\n&#13;<br \/>\n&#13;<br \/>\n&#13;<br \/>\n&#13;<br \/>\n&#13;<br \/>\n&#13;<br \/>\n&#13;<br \/>\n&#13;<br \/>\n&#13;<br \/>\n&#13;<br \/>\n&#13;<br \/>\n&#13;<br \/>\n&#13;<br \/>\n&#13;<br \/>\n&#13;<br \/>\n&#13;<br \/>\n&#13;<br \/>\n&#13;<br \/>\n&#13;<br \/>\n&#13;<br \/>\n&#13;<br \/>\n&#13;<br \/>\n&#13;<br \/>\n&#13;<br \/>\n&#13;<br \/>\n&#13;<br \/>\n&#13;<br \/>\n&#13;<br \/>\n&#13;<br \/>\n&#13;<br \/>\n&#13;<br \/>\n&#13;\n<\/p>\n<p class=\"chapter-paragraph\">Il suo Davide, nel tentativo di espiare le sue presunte colpe, si libera di tutto quello che ha, aprendo le porte della sua casa a chi ne ha pi\u00f9 bisogno: \u00ab<b>Mi reputo una persona buona, per\u00f2, ecco, no, questo personaggio non mi somiglia<\/b>. Infatti  ho cercato di annullare i pensieri che riguardavano me  per lasciare spazio a lui\u00bb.  Se Borghi fosse stato un  amico del suo personaggio, spesso gli avrebbe detto: \u00ab\u201cMa  tu sei scemo\u201d. Quasi sempre avrei fatto l\u2019opposto di quello che fa lui. Per\u00f2 cosa fosse giusto, ancora non lo so. Ed \u00e8  per questo che ringrazio  di avermi messo al centro di questa storia, perch\u00e9 credo che <b>il cinema debba sollevare dei quesiti che hanno a che fare con l\u2019individualit\u00e0 o, in questo caso,  con la societ\u00e0<\/b>\u00bb.\u00a0<\/p>\n<p class=\"chapter-paragraph\">Il suo libraio   \u00e8 dunque \u00abun uomo  assolutamente puro. Ed \u00e8 per questo che non mi riconosco lui, perch\u00e9 io non lo sono\u00bb. Per\u00f2 Borghi, di certo, \u00e8 stato generoso affidandosi ad Amelio anche nella scelta di non camuffare la caratteristica del suo respiro spezzato: \u00ab<b>Io ho la sindrome di Tourette, questo \u00e8 un tic che ho. Gianni mi ha guardato e mi ha detto: \u201cMettilo nel film\u201d<\/b>.  Io non ero neanche troppo sicuro, perch\u00e9 quando provi a riprodurre un tic va in tilt il cervello,  a volte non \u00e8 stato semplicissimo. Ma credo volesse aggiungere un elemento di fragilit\u00e0 al personaggio\u00bb. Come anche nella vita, \u00abquel tic per me \u00e8 sempre un segnale di allarme: quando sono molto stressato o sotto pressione aumenta. E succede anche nel racconto\u00bb.\u00a0<\/p>\n<p class=\"chapter-paragraph\">Non \u00e8 il solo passaggio autobiografico del film che ha come coprotagonista anche una intensa Valeria Golino. <b>Amelio \u00e8 partito dal riflesso della sua storia: \u00abIo  ho adottato un ragazzo albanese<\/b> ma l\u2019ho adottato tramite suo padre, di cui ero diventato amico, che mi ha spinto a farlo. Quindi  ho parlato di me cercando per\u00f2 di parlare di tutti e per tutti\u00bb, in un film molto allegorico, che ha anche  un valore politico.\u00a0<\/p>\n<p class=\"chapter-paragraph\">Riprende il regista:  \u00ab<b>Il problema non riguarda soltanto la mancata accoglienza, ma un nostro progressivo inaridimento<\/b>, forse dettato dalla paura\u00bb. La sintesi, la traccia Borghi: \u00abMi piacerebbe un\u2019altra versione del film in cui non c\u2019\u00e8 bisogno che Davide ospiti nessuno perch\u00e9 se ne occupano le istituzioni\u00bb.\u00a0<\/p>\n<p class=\"is-last-update\" datetime=\"2026-09-03T19:36:51+02:00\">4 settembre 2026<\/p>\n<p class=\"is-copyright\">\n            \u00a9 RIPRODUZIONE RISERVATA\n        <\/p>\n","protected":false},"excerpt":{"rendered":"di Chiara Maffioletti, inviata a Venezia L&#8217;attore, protagonista del film \u00abNessun dolore\u00bb: ho la sindrome di Tourette, Amelio&hellip;\n","protected":false},"author":3,"featured_media":664299,"comment_status":"","ping_status":"","sticky":false,"template":"","format":"standard","meta":{"footnotes":"","_share_on_mastodon":"0"},"categories":[174],"tags":[16403,366113,366114,366115,366116,67071,366117,366118,18954,17725,2535,35593,149045,4008,11965,2382,37,366111,20451,1367,8506,366112,1905,203,454,11405,204,1537,90,89,56650,5775,2379,16706,306290,1567,136913,90329],"class_list":["post-664298","post","type-post","status-publish","format-standard","has-post-thumbnail","category-intrattenimento","tag-accadere","tag-accadere-accaduta","tag-accadere-accaduta-straordinaria","tag-accadere-senso","tag-accadere-senso-accadere","tag-accaduta","tag-accaduta-straordinaria","tag-accaduta-straordinaria-legata","tag-accoglienza","tag-adottato","tag-alessandro","tag-alessandro-borghi","tag-amelio","tag-amico","tag-assolutamente","tag-attore","tag-bisogno","tag-bisogno-davide","tag-borghi","tag-credo","tag-davide","tag-dilemmi","tag-dolore","tag-entertainment","tag-film","tag-gianni","tag-intrattenimento","tag-it","tag-italia","tag-italy","tag-libraio","tag-parlare","tag-personaggio","tag-sindrome","tag-sindrome-tourette","tag-storia","tag-tic","tag-tourette"],"share_on_mastodon":{"url":"","error":"Validation failed: Text character limit of 500 exceeded"},"_links":{"self":[{"href":"https:\/\/www.europesays.com\/it\/wp-json\/wp\/v2\/posts\/664298","targetHints":{"allow":["GET"]}}],"collection":[{"href":"https:\/\/www.europesays.com\/it\/wp-json\/wp\/v2\/posts"}],"about":[{"href":"https:\/\/www.europesays.com\/it\/wp-json\/wp\/v2\/types\/post"}],"author":[{"embeddable":true,"href":"https:\/\/www.europesays.com\/it\/wp-json\/wp\/v2\/users\/3"}],"replies":[{"embeddable":true,"href":"https:\/\/www.europesays.com\/it\/wp-json\/wp\/v2\/comments?post=664298"}],"version-history":[{"count":0,"href":"https:\/\/www.europesays.com\/it\/wp-json\/wp\/v2\/posts\/664298\/revisions"}],"wp:featuredmedia":[{"embeddable":true,"href":"https:\/\/www.europesays.com\/it\/wp-json\/wp\/v2\/media\/664299"}],"wp:attachment":[{"href":"https:\/\/www.europesays.com\/it\/wp-json\/wp\/v2\/media?parent=664298"}],"wp:term":[{"taxonomy":"category","embeddable":true,"href":"https:\/\/www.europesays.com\/it\/wp-json\/wp\/v2\/categories?post=664298"},{"taxonomy":"post_tag","embeddable":true,"href":"https:\/\/www.europesays.com\/it\/wp-json\/wp\/v2\/tags?post=664298"}],"curies":[{"name":"wp","href":"https:\/\/api.w.org\/{rel}","templated":true}]}}