{"id":664329,"date":"2026-09-04T09:00:21","date_gmt":"2026-09-04T09:00:21","guid":{"rendered":"https:\/\/www.europesays.com\/it\/664329\/"},"modified":"2026-09-04T09:00:21","modified_gmt":"2026-09-04T09:00:21","slug":"antonelli-da-ultimo-alla-top-5-a-monza-sara-full-attack","status":"publish","type":"post","link":"https:\/\/www.europesays.com\/it\/664329\/","title":{"rendered":"Antonelli: \u201cDa ultimo alla top-5. A Monza sar\u00e0 full attack\u201d"},"content":{"rendered":"<p>\u201cLa rimonta\u201d. Tra gli argomenti pi\u00f9 gettonati alla vigilia del Gran Premio d\u2019Italia c\u2019\u00e8 il punto interrogativo su quali siano gli obiettivi di Kimi Antonelli, pronto a scontare la penalit\u00e0 legata all\u2019utilizzo di una nuova power unit. Il leader del mondiale non si nasconde: sar\u00e0 in modalit\u00e0 \u201cfull attack\u201d e utilizzer\u00e0 le tre sessioni di prove libere per dedicarsi esclusivamente al setup per la gara.<\/p>\n<p>In una lunga chiacchierata Antonelli ha confermato che ci sar\u00e0 da ottimizzare tutto il possibile fino alla tappa di Sepang, quando la Mercedes porter\u00e0 in pista una versione aggiornata della monoposto. A Monza non si tirer\u00e0 indietro se la squadra gli chieder\u00e0 di aiutare Russell in qualifica e, un po&#8217; a sorpresa, Kimi ha confermato che, da quanto ha visto al simulatore, guidare a Monza con le power unit 2026 non sar\u00e0 cos\u00ec problematico come temuto. E sul trofeo riservato a chi salir\u00e0 sul podio&#8230;<\/p>\n<p><strong>Ti sei fatto un po&#8217; un&#8217;idea dell\u2019obiettivo a cui puoi puntare questo weekend partendo dal fondo della griglia?<\/strong><br \/>\u201cCredo che lo capiremo dal passo che troveremo sessione dopo sessione. Questo fine settimana lavoreremo in modo un po&#8217; diverso rispetto al solito, ci focalizzeremo solo sul setup da gara, poi si vedr\u00e0. Penso che la top-5 possa essere alla portata, per\u00f2 ovviamente bisogner\u00e0 vedere come si svolger\u00e0 la corsa\u201d.<\/p>\n<p><strong>Per te la qualifica sar\u00e0 poco significativa. Credi che, vista l&#8217;importanza della scia su questa pista, ti possa essere chiesto di dare una mano a George?<\/strong><br \/>\u201cPotrebbe accadere. \u00c8 una conversazione che avremo anche internamente, per essere pronti nel caso si presenti questa necessit\u00e0. Per\u00f2 non \u00e8 scontato, ovviamente ne parler\u00f2 con il team e poi vedremo come andranno le cose. Credo comunque che possa accadere\u201d.<\/p>\n<p><strong>Toto ha detto apertamente che la scelta di scontare la penalit\u00e0 qui deriva da ragionamenti legati al campionato&#8230;<\/strong><br \/>\u201cNon \u00e8 il massimo prendere una penalit\u00e0 nel Gran Premio di casa, soprattutto una penalit\u00e0 di questa portata. Per\u00f2 alla fine noi come team guardiamo al campionato e sicuramente questa \u00e8 una delle piste migliori dove farlo. Quindi \u00e8 meglio cambiare tutto adesso per poi non avere problemi, si spera ovviamente, in futuro. Anche perch\u00e9 credo che prenderemo un&#8217;altra penalit\u00e0 quando monteremo il motore con ADUO, per\u00f2 quando accadr\u00e0 sconteremo solo cinque posizioni. Quindi adesso cambiamo tutto, cos\u00ec da non avere problemi in futuro. E poi, come detto in precedenza, questa \u00e8 la pista migliore dove farlo\u201d.<\/p>\n<p>   <img decoding=\"async\" draggable=\"false\" src=\"https:\/\/www.europesays.com\/it\/wp-content\/uploads\/2026\/09\/kimi-antonelli-mercedes.jpg\" alt=\"Kimi Antonelli, Mercedes\" width=\"1200\" height=\"800\" loading=\"lazy\"\/> <\/p>\n<p class=\"title\">Kimi Antonelli, Mercedes<\/p>\n<p class=\"photographer\">Foto di: Eric Le Galliot<\/p>\n<p><strong>Paradossalmente forse senti meno pressione, visto che parti dietro e sei un po&#8217; l&#8217;outsider del tuo Gran Premio di casa?<\/strong><br \/>\u201cSicuramente. Sar\u00e0 un weekend un po&#8217; strano perch\u00e9 \u00e8 il Gran Premio di casa, per\u00f2 sai gi\u00e0 che partirai ultimo. Credo che questo mi consentir\u00e0 di divertirmi ancora di pi\u00f9, di guidare pi\u00f9 spensierato, e penso sia una cosa positiva. Sicuramente toglie anche un po&#8217; della pressione\u00a0legata al Gran Premio di casa. Ovviamente non \u00e8 che volessi partire ultimo, preferirei di gran lunga partire in pole, per\u00f2 sicuramente mi aiuter\u00e0 ad affrontare il weekend con pi\u00f9 leggerezza\u201d.<\/p>\n<p><strong>Potenzialmente su questa pista la vostra macchina pu\u00f2 essere vincente e, sacrificando questa gara, potenzialmente rinunci a una vittoria. Avete valutato anche la possibilit\u00e0 che, a livello di punti, potesse essere meglio scontare la penalit\u00e0 in un&#8217;altra gara oppure \u00e8 stata soprattutto la possibilit\u00e0 di sorpasso a portare a questa scelta?<\/strong><br \/>\u201cSicuramente \u00e8 stata valutata la facilit\u00e0 di sorpasso. Gli ingegneri analizzano i Gran Premi e fanno delle simulazioni con un sistema che indica quanto sia importante il passo gara rispetto alla qualifica. Per esempio, a Monaco \u00e8 tutto incentrato sulla qualifica, anche a Zandvoort la qualifica conta molto. Qui a Monza, invece, se hai passo gara puoi risalire molto pi\u00f9 facilmente: anche se parti quinto, se vai forte puoi comunque vincere la gara. Questo \u00e8 uno degli aspetti che li ha spinti a farmi prendere la penalit\u00e0 su questa pista. Aggiungo che tra poco porteremo degli aggiornamenti e gli ingegneri sono fiduciosi che, con il nuovo pacchetto, la macchina guadagner\u00e0 abbastanza. Diciamo che \u00e8 stato l&#8217;insieme di tutte queste cose a spingerli a farmi prendere la penalit\u00e0 questo fine settimana\u201d.<\/p>\n<p><strong>Considerando le caratteristiche di questa pista, cosa ti aspetti dalla gestione della power unit?<\/strong><br \/>\u201cL&#8217;ho guidata (al simulatore) e posso dire che non \u00e8 il massimo, ma non \u00e8 neanche cos\u00ec terribile. A livello di superclipping, l&#8217;Australia credo sia stata la situazione peggiore e rimarr\u00e0 la peggiore per il resto dell&#8217;anno. Con il fatto che hanno ridotto la quantit\u00e0 di megajoule che puoi ricaricare, quindi l&#8217;harvesting che puoi fare durante il giro, ci sar\u00e0 molto meno superclipping. Ci sar\u00e0 pi\u00f9 tempo in cui useremo soltanto il motore a combustione invece della batteria, per\u00f2 non vedremo quel calo improvviso di velocit\u00e0 provocato dal superclipping. In molti punti la velocit\u00e0 rester\u00e0 la stessa e non vedremo drop importanti come magari in Australia o, in alcuni punti, a Silverstone. Almeno da questo punto di vista \u00e8 meglio, perch\u00e9 altrimenti sarebbe stato un po&#8217; un disastro. Devo dire che da guidare \u00e8 meglio di quello che mi aspettassi, ad essere sincero, molto meglio\u201d.<\/p>\n<p><strong>Qual \u00e8 il tuo ricordo pi\u00f9 bello delle gare che hai disputato qui in passato e qual \u00e8 la parte del circuito che ti piace di pi\u00f9?<\/strong><br \/>\u201cHo un sacco di ricordi qui a Monza, belli e brutti. Il pi\u00f9 bello \u00e8 sicuramente quando la Mercedes ha annunciato proprio in questo paddock il mio ingaggio in Formula 1 (era il 2024). Sempre su questa pista ho conquistato il mio primo podio in Formula 4, alla fine del 2021. \u00c8 un bellissimo ricordo: feci i miei primi tre podi in monoposto proprio qui, quindi \u00e8 stato un weekend che ricorder\u00f2 per sempre. Anche con la FRECA ho vinto entrambe le gare disputate a Monza. Direi che di bei ricordi ne ho tanti ed \u00e8 un circuito che mi sta molto a cuore. Come parte della pista che mi piace di pi\u00f9 direi Ascari, e subito dopo Lesmo 1 e Lesmo 2, ma la curva pi\u00f9 bella in assoluto per me \u00e8 Ascari. \u00c8 molto veloce e non \u00e8 facile, perch\u00e9 devi posizionare bene la macchina. Soprattutto dopo i cambiamenti che hanno fatto nel 2024, il cordolo di destra \u00e8 abbastanza scivoloso e quindi la macchina si muove sempre un pochino. Quest&#8217;anno, poi, con tutta la potenza che abbiamo in accelerazione sar\u00e0 una curva non facile, soprattutto in uscita. \u00c8 molto challenging, e per questo \u00e8 davvero bella\u201d.<\/p>\n<p>   <img decoding=\"async\" draggable=\"false\" src=\"https:\/\/www.europesays.com\/it\/wp-content\/uploads\/2026\/09\/1788512421_294_kimi-antonelli-mercedes.jpg\" alt=\"Kimi Antonelli, Mercedes\" width=\"1200\" height=\"800\" loading=\"lazy\"\/> <\/p>\n<p class=\"title\">Kimi Antonelli, Mercedes<\/p>\n<p class=\"photographer\">Foto di: Eric Le Galliot<\/p>\n<p><strong>Hai la sensazione che questo Gran Premio in particolare possa diventare un po&#8217; un derby tra la Ferrari e te?<\/strong><br \/>\u201cSe fossi partito davanti probabilmente s\u00ec, per\u00f2 vista la situazione \u00e8 difficile da dire. Credo che il tifo sia gigantesco e ovviamente credo che ce ne sia ancora di pi\u00f9 per la Ferrari. Per\u00f2 fa un po&#8217; strano: c&#8217;\u00e8 la Ferrari l\u00ec davanti e poi ci sono io, ma con una Mercedes. Sicuramente per i tifosi non \u00e8 facile\u201d.<\/p>\n<p><strong>Cambia qualcosa nel modo di guidare e di ragionare pensando al campionato rispetto, magari, all&#8217;inizio dell&#8217;anno, quando potevi andare all&#8217;attacco senza avere nulla da perdere perch\u00e9 non sapevamo ancora come sarebbe andata la stagione? \u00c8 cambiato qualcosa in te?<\/strong><br \/>\u201cNo. Soprattutto questo weekend, visto che parto ultimo, sar\u00e0\u2026 full attack! Ovviamente usando la testa: non \u00e8 che domenica arriver\u00f2 alla prima staccata frenando come in qualifica, altrimenti farei uno strike! E non voglio tirarmi la gufata da solo&#8230; Ma non ho nulla da perdere, l\u2019obiettivo \u00e8 recuperare pi\u00f9 punti possibili usando la testa, ma il \u2018mindset\u2019 sar\u00e0 quello di andare all&#8217;attacco il pi\u00f9 possibile e cercare di guadagnare pi\u00f9 posizioni possibile\u201d.<\/p>\n<p><strong>Cosa ne pensi del trofeo Pirelli, che quest&#8217;anno \u00e8 cos\u00ec particolare?<\/strong><br \/>\u201cQuello con le ciotole? Inizialmente pensavo fosse fake, poi ho capito che era vero! E successivamente ho capito il suo significato: rappresenta la fragilit\u00e0 della vittoria e il fatto che sia sempre qualcosa da costruire. L&#8217;idea \u00e8 bella e, anche se la forma \u00e8 particolare, spero di poter prendere il trofeo domenica e di portarmelo a casa. Non sar\u00e0 per niente facile, ma ci prover\u00f2\u201d.<\/p>\n<p><strong>C&#8217;\u00e8 tanto hype ovviamente intorno alla Ferrari e intorno alla tua figura, ma in pista ci saranno anche altri avversari. In particolare, qual \u00e8 il tuo giudizio sulla McLaren, che ultimamente sembra avere qualcosa in pi\u00f9?<\/strong><br \/>\u201cLa McLaren ha fatto un grandissimo step a partire dall&#8217;Ungheria, dove ha portato un gran pacchetto. A Zandvoort ha portato un ulteriore upgrade e credo che quello possa essere il loro ultimo aggiornamento importante dell&#8217;anno. \u00c8 evidente che abbiano fatto un grandissimo passo avanti, ma noi siamo fermi da un bel po&#8217;: \u00e8 dal Canada che non portiamo aggiornamenti, quindi ci aspettavamo che prima o poi gli avversari sarebbero cresciuti. In Malesia, per\u00f2, arriver\u00e0 il nostro turno: porteremo in pista i nostri aggiornamenti e la squadra sembra molto fiduciosa nel potenziale del pacchetto. Sicuramente nelle ultime due gare la McLaren \u00e8 stata la macchina e il team da battere, anche con Lando che ha fatto un grandissimo lavoro. Credo inoltre che questo weekend anche la Ferrari sar\u00e0 molto forte con il motore ADUO, quindi sar\u00e0 tirata. Per questo, il nostro obiettivo, soprattutto in queste gare in cui non portiamo aggiornamenti, \u00e8 massimizzare il risultato e fare il meglio possibile. Poi, quando sar\u00e0 il nostro turno di portare gli aggiornamenti, speriamo che ci permettano di guadagnare un po&#8217; di performance\u201d.<\/p>\n<p>Leggi anche:<\/p>\n<p>            Vogliamo la vostra opinione!<\/p>\n<p class=\"mt-auto\">Cosa vorresti vedere su Motorsport.com?<\/p>\n<p>            <a href=\"#\" class=\"ms-link text-link font-bold\">Partecipate al nostro sondaggio di 5 minuti.<\/a><\/p>\n<p class=\"mt-1 text-body\">&#8211; Il team di Motorsport.com<\/p>\n","protected":false},"excerpt":{"rendered":"\u201cLa rimonta\u201d. Tra gli argomenti pi\u00f9 gettonati alla vigilia del Gran Premio d\u2019Italia c\u2019\u00e8 il punto interrogativo su&hellip;\n","protected":false},"author":3,"featured_media":664330,"comment_status":"","ping_status":"","sticky":false,"template":"","format":"standard","meta":{"footnotes":"","_share_on_mastodon":"0"},"categories":[176],"tags":[1867,34878,366143,683,1537,90,89,1772,245,244],"class_list":["post-664329","post","type-post","status-publish","format-standard","has-post-thumbnail","category-sport","tag-andrea-kimi-antonelli","tag-autodromo-nazionale-monza","tag-f1-antonelli-u201cda-ultimo-alla-top-5-a-monza-saru00e0-full-attacku201d","tag-formula-1","tag-it","tag-italia","tag-italy","tag-mercedes","tag-sport","tag-sports"],"share_on_mastodon":{"url":"https:\/\/pubeurope.com\/@it\/117211957762282454","error":""},"_links":{"self":[{"href":"https:\/\/www.europesays.com\/it\/wp-json\/wp\/v2\/posts\/664329","targetHints":{"allow":["GET"]}}],"collection":[{"href":"https:\/\/www.europesays.com\/it\/wp-json\/wp\/v2\/posts"}],"about":[{"href":"https:\/\/www.europesays.com\/it\/wp-json\/wp\/v2\/types\/post"}],"author":[{"embeddable":true,"href":"https:\/\/www.europesays.com\/it\/wp-json\/wp\/v2\/users\/3"}],"replies":[{"embeddable":true,"href":"https:\/\/www.europesays.com\/it\/wp-json\/wp\/v2\/comments?post=664329"}],"version-history":[{"count":0,"href":"https:\/\/www.europesays.com\/it\/wp-json\/wp\/v2\/posts\/664329\/revisions"}],"wp:featuredmedia":[{"embeddable":true,"href":"https:\/\/www.europesays.com\/it\/wp-json\/wp\/v2\/media\/664330"}],"wp:attachment":[{"href":"https:\/\/www.europesays.com\/it\/wp-json\/wp\/v2\/media?parent=664329"}],"wp:term":[{"taxonomy":"category","embeddable":true,"href":"https:\/\/www.europesays.com\/it\/wp-json\/wp\/v2\/categories?post=664329"},{"taxonomy":"post_tag","embeddable":true,"href":"https:\/\/www.europesays.com\/it\/wp-json\/wp\/v2\/tags?post=664329"}],"curies":[{"name":"wp","href":"https:\/\/api.w.org\/{rel}","templated":true}]}}