{"id":664418,"date":"2026-09-04T10:19:14","date_gmt":"2026-09-04T10:19:14","guid":{"rendered":"https:\/\/www.europesays.com\/it\/664418\/"},"modified":"2026-09-04T10:19:14","modified_gmt":"2026-09-04T10:19:14","slug":"dubbio-dybala-il-motivo-mckennie-rowe-zielinski-boga-alisson-rabiot","status":"publish","type":"post","link":"https:\/\/www.europesays.com\/it\/664418\/","title":{"rendered":"Dubbio Dybala: il motivo! McKennie, Rowe, Zielinski, Boga, Alisson, Rabiot&#8230;"},"content":{"rendered":"<p>\nLa terza giornata del campionato di Serie A \u00e8 alle porte: vediamo di seguito le ultime novit\u00e0 che arrivano dai campi e non solo, in ottica fantacalcio.\n<\/p>\n<p>\n\ud83d\udccc <a href=\"https:\/\/www.sosfanta.com\/lista-formazioni\/probabili-formazioni-serie-a\/\" target=\"_blank\" rel=\"noopener nofollow\"><strong>Qui le nostre probabili formazioni per vedere chi gioca e chi no<\/strong><\/a>\n<\/p>\n<p>\n<strong>ROMA<\/strong> &#8211; La <strong>Roma<\/strong> si scalda in vista della sfida contro l\u2019Atalanta. Queste le ultime novit\u00e0 secondo La Gazzetta dello Sport a partire da Mora e dal <strong>dubbio Dybala<\/strong>: &#8220;Dopo il suo primo gol in campionato a Lecce il tecnico schierer\u00e0 Mora domani contro l\u2019Atalanta, dietro a Malen, come nella gara d\u2019esordio all\u2019Olimpico contro la Fiorentina. Perch\u00e9 alla cloche di comando sulla trequarti il portoghese potr\u00e0 giocare tra le linee come ama fare, l\u00ec dove pu\u00f2 ricevere il pallone, ma forse non potr\u00e0 dialogare con<strong> Dybala<\/strong> che \u00e8 in dubbio per l\u2019Atalanta per un <strong>piccolo<\/strong> <strong>risentimento<\/strong>. E pensando anche alla Champions col Fenerbahce, <strong>Gasperini potrebbe dare un turno di riposo a Dybala<\/strong>\u201d. Il Corriere dello Sport sull&#8217;argentino spiega: &#8220;Gestione per Paulo <strong>Dybala<\/strong>. <strong>L\u2019argentino ieri non ha lavorato con la squadra, dedicandosi a una seduta in palestra per gestire i carichi ed evitare stress fisici<\/strong>. Dopo l\u2019allenamento intenso di mercoled\u00ec, lo staff di GPG ha scelto la strada della prudenza, dosando le energie del numero 21 dopo i 163 minuti delle prime due partite&#8221;. Poi il quotidiano scrive: &#8220;Dopo aver smaltito l\u2019infiammazione all\u2019adduttore che lo aveva costretto a saltare la sfida contro il Lecce, Ndicka ieri ha svolto una parte dell\u2019allenamento insieme al gruppo. Oggi verranno valutate nuovamente le sue condizioni per capire se potr\u00e0 partire dal primo minuto. Intanto <strong>Balerdi<\/strong> resta alla finestra e si scalda. La notizia pi\u00f9 positiva arriva da <strong>Pellegrini<\/strong> che continua a vedere la luce in fondo al tunnel e ieri ha lavorato con il gruppo insieme a <strong>Rensch<\/strong>. Un altro passo verso il ritorno a pieno regime, con un obiettivo gi\u00e0 nel mirino: la trasferta contro il Torino. Pellegrini spera di rientrare tra i convocati, mentre la Roma prepara la sfida con l\u2019Atalanta aumentando i giri del motore&#8221;.\n<\/p>\n<p>        <img src=\"https:\/\/www.europesays.com\/it\/wp-content\/uploads\/2026\/09\/GettyImages-2293202949-d847856b7ec9-1200x675.jpeg\"   width=\"715\" height=\"402\" alt=\"AS Roma Training Session\" title=\"AS Roma Training Session\" loading=\"eager\" fetchpriority=\"high\" decoding=\"sync\" class=\"w-full h-auto aspect-3\/2 object-cover object-top rounded-lg\"\/><\/p>\n<p>\n<strong>JUVE<\/strong> &#8211; Oltre a K. <strong>Thuram<\/strong> ed <strong>Ekhator<\/strong> si \u00e8 aggiunto <strong>Cabal<\/strong> agli infortunati di Spalletti in casa Juve. Come riporta il Corriere dello Sport anche nel suo caso il periodo di stop non sar\u00e0 banale, visto che ha riportato una lesione di basso grado del muscolo semimembranoso della coscia sinistra: &#8220;Pure per lui si prospetta un\u2019indisponibilit\u00e0 piuttosto lunga, tra i 30 e i 40 giorni&#8221;, scrive il quotidiano. &#8220;Scenario non semplice, complicato ulteriormente dalle situazioni di Cambiaso, frenato da una distorsione alla caviglia destra rimediata contro il Parma, McKennie e Zhegrova, fermati da affaticamenti muscolari&#8221;, si legge. &#8220;Dopo la giornata di riposo di ieri, i bianconeri torneranno alla Continassa questa mattina per il penultimo allenamento in vista della sfida di domenica sera con il Milan. Luciano Spalletti auspica di recuperare <strong>McKennie<\/strong>, che per\u00f2 partirebbe comunque dalla panchina e cerca la soluzione sulla trequarti. Il pensiero va a <strong>Nico<\/strong> <strong>Gonzalez<\/strong>, protagonista di uno straordinario impatto contro il Parma, che potrebbe avere quindi una maglia da titolare alle spalle di <strong>Kolo<\/strong> <strong>Muani&#8221;<\/strong>. Sulle scelte, Tuttosport spiega: &#8220;Valutazioni per <strong>Cambiaso<\/strong>, che salter\u00e0 il <strong>Milan<\/strong> e dovr\u00e0 recuperare pure un po\u2019 di considerazione generale dopo aver perso il posto per <strong>Celik<\/strong>. Per questo motivo, potrebbe non essere impossibile una \u201cspallettata\u201d vecchio stampo: qualora il tecnico decidesse per un approcco pi\u00f9 difensivo, la mossa a sorpresa potrebbe diventare Kelly largo nella retroguardia a quattro. Ipotesi. Fantasie stuzzicate. E reazioni ai problemi, mai da vivere con passivit\u00e0. In fondo, con McKennie out, un dieci \u00e8 stato inventato e <strong>Nico<\/strong> ha lavorato in quella zona di campo. Douglas \u00e8 stato reinventato senza Thuram. E avendo Yildiz fuori \u00e8 salito in cattedra <strong>Boga<\/strong>. Insomma: a tutti sar\u00e0 chiesto qualcosa in pi\u00f9, e in particolare a questo centrocampo. Pape Sarr ha pochi allenamenti nelle gambe, ma in questi quattro mesi con Thuram ai margini dovr\u00e0 diventare praticamente fondamentale. Tempi stretti e richieste dirette: s\u00ec, \u00e8 gi\u00e0 finito il tempo degli esperimenti, persino di quelli mai sperimentati&#8221;.\n<\/p>\n<p>\n<strong>NAPOLI<\/strong> &#8211; Anche <strong>Giovane<\/strong> finisce sotto ai ferri, a sorpresa: ieri il club azzurro ha reso noto che il brasiliano \u00e8 stato sottoposto a un intervento di correzione per un\u2019ernia inguinale. Il Corriere dello Sport conferma che l&#8217;attaccante torner\u00e0, come McTominay, solo a ottobre, dopo lo stop per le gare delle nazionali: &#8220;per il Napoli un altro giocatore out dopo Scott, Marianucci e Buongiorno e aspettando Badiashile, che rincorre la miglior condizione fisica&#8221;, si legge. &#8220;Almeno due i cambi che sembrano certi per domani, al netto del forfait a centrocampo: a sinistra pronta una vera e propria rivoluzione con <strong>Spinazzola<\/strong> e <strong>Alisson<\/strong> pronti a prendere il posto di <strong>Olivera<\/strong> e Lang. In difesa si attende il rientro di Badiashile (decisiva la rifinitura di oggi) mentre \u00e8 ormai pronto Beukema&#8221; scrive il quotidiano.\n<\/p>\n<p>\n<strong>MILAN<\/strong> &#8211; Nella giornata di ieri si \u00e8 rivisto <strong>Tomori<\/strong> allenarsi con il resto del gruppo, con annessa stretta di mano al tecnico del Milan <strong>Amorim<\/strong>. Come riporta il Corriere dello Sport il difensore inglese \u00e8, dunque, disponibile e sar\u00e0 convocato per la trasferta contro la Juve, di domenica. Poi si legge: &#8220;A Torino, tra l&#8217;altro, potrebbe mancare Matteo <strong>Gabbia<\/strong>, il quale ieri si \u00e8 allenato a parte e solamente in palestra per il fastidio alla caviglia accusato marted\u00ec.  Al centro della difesa, contro la squadra di Luciano Spalletti, ci sar\u00e0 Koni De Winter, gi\u00e0 titolare nei primi due match di campionato, preferito proprio al numero 46 italiano. Completeranno il reparto Mario Gila e Strahinja Pavlovic&#8221;. Secondo il quotidiano, Loftus-Cheek dovrebbe andare in panchina &#8220;dopo le due brutte giornate iniziali&#8221;: in vantaggio Cisse e Rabiot dietro a Ramos.\n<\/p>\n<p>\n<strong>INTER<\/strong> &#8211; <strong>L&#8217;Inter<\/strong> si prepara alla sfida con il <strong>Napoli<\/strong>. Ecco le ultime di formazione de La Gazzetta dello Sport sui nerazzurri: &#8220;Con il Napoli \u00e8 un affare di cuore, mentre la battaglia per un posto in campo sar\u00e0 serrata e ben pi\u00f9 lunga di questa semplice partita di campionato: le opzioni per Chivu si sprecano, <strong>Zielinski<\/strong> \u00e8 al momento in posizione avanzata, ma alle sue spalle scalpitano <strong>Sucic<\/strong> e, soprattutto, il nuovo arrivato Curtis <strong>Jones<\/strong>. Aveva cominciato cos\u00ec, dal primo minuto e in gol contro il Monza nella passerella iniziale di stagione a San Siro, poi a Cagliari si \u00e8 riaccomodato serenamente in panchina, anche perch\u00e9 l\u2019allenatore ha deciso di provare Sucic nella stessa posizione. Arriver\u00e0, anche presto, il tempo in cui sar\u00e0 Jones a giocare da titolare (l\u2019alta nobilt\u00e0 del Bernabeu chiama), ma intanto nel primo scontro diretto il polacco sembra un passo avanti agli altri&#8221;.\n<\/p>\n<p>\n<strong>BOLOGNA<\/strong> &#8211; Riccardo <strong>Orsolini<\/strong> si ferma e si rivedr\u00e0 dopo la sosta. Il Corriere dello Sport conferma: &#8220;Questo il verdetto, salter\u00e0 le prossime 3 giornate di Serie A. Gli esami strumentali a cui si \u00e8 sottoposto, nelle ultime ore, l\u2019esterno d\u2019attacco del Bologna hanno evidenziato una lesione ai flessori della coscia sinistra. Orso aveva gi\u00e0 capito che il guaio era serio durante la partita contro l\u2019Atalanta, quando in campo aveva fatto il gesto dello strappo. Cos\u00ec, puntualmente, \u00e8 poi stato. Salter\u00e0 dunque le sfide con Sassuolo, Napoli e Torino e sfrutter\u00e0 le successive 3 settimane di pausa del campionato per recuperare e tornare a disposizione alla ripresa, dopo quindi la pausa per le nazionali. L\u2019obiettivo \u00e8 esserci a Lecce, dove si giocher\u00e0 anche il ballottaggio con Bernardeschi per il posto da titolare sulla corsia di destra&#8221;.\n<\/p>\n<p>\n<strong>ATALANTA<\/strong> &#8211; Ieri pomeriggio <strong>l&#8217;Atalanta<\/strong> ha ripreso la preparazione a Zingonia. Buone notizie per Maurizio <strong>Sarri<\/strong>, come spiega La Gazzetta dello Sport: \u201cHanno lavorato in gruppo sia Jonathan <strong>Rowe<\/strong> sia Franck <strong>Kessie<\/strong>. I due nuovi acquisti viaggiano verso la convocazione per la gara di domani. Cos\u00ec come Thomas Pompei, ultimissimo innesto in ordine temporale: il portiere preso dal Cosenza sar\u00e0 il terzo in campionato. Ottimismo infine pure per Thomas <strong>Kristensen<\/strong>. Ieri il danese ha svolto tutto il lavoro in gruppo e dovrebbe entrare in lista per la gara di domani. Solo terapie infine per <strong>Hien<\/strong> e Sulemana: per loro bisogna aspettare ottobre, dopo la sosta del campionato\u201d.\n<\/p>\n<p>\n<strong>CAGLIARI<\/strong> &#8211; Cos\u00ec il Corriere dello Sport sul <strong>Cagliari<\/strong> in vista della sfida con il Lecce: &#8220;Conclusa la serata di coppa, oggi Pisacane dovr\u00e0 fare il punto della situazione e iniziare gi\u00e0 a pensare alla gara con il Lecce di luned\u00ec pomeriggio. Da valutare la disponibilit\u00e0 di Mina, Sugawara e Kevin Carlos. Il difensore colombiano ha saltato le prime due di campionato per un affaticamento al polpaccio. Niente di grave, ma la sua presenza per la sfida con i pugliesi dell\u2019ex Di Francesco non \u00e8 certa. <strong>Sugawara<\/strong>, primo giapponese della storia rossobl\u00f9, si sta allenando con il gruppo ma \u00e8 in attesa del visto. In questo caso, tutto dipender\u00e0 dalla velocit\u00e0 della macchina burocratica. <strong>Kevin<\/strong> <strong>Carlos<\/strong>, infine, \u00e8 ancora in permesso in Spagna per motivi familiari, la sua presenza per la partita con il Lecce \u00e8 in forte dubbio. Rossobl\u00f9 al lavoro gi\u00e0 questa mattina per una seduta defaticante per chi ha giocato, un po\u2019 pi\u00f9 intesa per gli altri&#8221;.\n<\/p>\n<p>\n<strong>KOUTSOUPIAS<\/strong> &#8211; Ilias <strong>Koutsoupias<\/strong> lascia il Frosinone e il fantacalcio. Per il suo futuro si era parlato nel corso dell&#8217;estate anche di alcuni club di Serie A &#8211; come il Cagliari &#8211; ma come riporta SportMediaset ha invece firmato con l&#8217;<strong>Anderlecht<\/strong>.<\/p>\n","protected":false},"excerpt":{"rendered":"La terza giornata del campionato di Serie A \u00e8 alle porte: vediamo di seguito le ultime novit\u00e0 che&hellip;\n","protected":false},"author":3,"featured_media":664419,"comment_status":"","ping_status":"","sticky":false,"template":"","format":"standard","meta":{"footnotes":"","_share_on_mastodon":"0"},"categories":[1452],"tags":[70390,1548,11611,569,337942,168772,586,6300,721,36318,1856,921,3363,22232,7204,554,4385,4864,8393,366172,26152,86595,277,3177,4053,767,1690,1112,6018,1341,18967,720,45,1740,629,366173,1280,1281,1889,5183,1911,1976,8920,350,1537,90,89,4798,565,19911,343669,210301,53000,8427,6296,1207,33409,3418,64438,1258,4557,57022,553,3483,10819,248,1654,6250,4978,7462,1312,809,893,12038,6843,3484,6301,1290,68,2168,19089,427,6324,8014,13282,980,2174,4517,987,175898,6502,1821,3461,315,1739,24806,479,245,244,3375,33591,26462,1641,907],"class_list":["post-664418","post","type-post","status-publish","format-standard","has-post-thumbnail","category-calcio","tag-alisson","tag-allenamento","tag-argentino","tag-atalanta","tag-badiashile","tag-boga","tag-bologna","tag-cagliari","tag-calcio","tag-cambiaso","tag-campionato","tag-campo","tag-carlos","tag-caviglia","tag-centrocampo","tag-club","tag-conferma","tag-corriere","tag-corriere-sport","tag-corriere-sport-conferma","tag-coscia","tag-coscia-sinistra","tag-de","tag-destra","tag-difensore","tag-difesa","tag-domani","tag-domenica","tag-dovrebbe","tag-dubbio","tag-dybala","tag-fantacalcio","tag-fondo","tag-football","tag-gara","tag-gara-domani","tag-gazzetta","tag-gazzetta-sport","tag-giocare","tag-giornata","tag-giornate","tag-gol","tag-infine","tag-inter","tag-it","tag-italia","tag-italy","tag-jones","tag-juve","tag-kevin","tag-kevin-carlos","tag-koutsoupias","tag-kristensen","tag-lavorato","tag-lecce","tag-legge","tag-lesione","tag-luciano","tag-luciano-spalletti","tag-lunga","tag-mattina","tag-mckennie","tag-milan","tag-minuto","tag-motivo","tag-napoli","tag-nazionali","tag-ndicka","tag-nico","tag-novita","tag-numero","tag-obiettivo","tag-ottobre","tag-out","tag-palestra","tag-panchina","tag-parma","tag-partita","tag-passo","tag-pausa","tag-pellegrini","tag-pomeriggio","tag-posizione","tag-potra","tag-prepara","tag-quotidiano","tag-recuperare","tag-riporta","tag-roma","tag-saltera","tag-scrive","tag-serie","tag-sfida","tag-sinistra","tag-soccer","tag-spalletti","tag-spiega","tag-sport","tag-sports","tag-tecnico","tag-thuram","tag-titolare","tag-torino","tag-ultime"],"share_on_mastodon":{"url":"","error":"Validation failed: Text character limit of 500 exceeded"},"_links":{"self":[{"href":"https:\/\/www.europesays.com\/it\/wp-json\/wp\/v2\/posts\/664418","targetHints":{"allow":["GET"]}}],"collection":[{"href":"https:\/\/www.europesays.com\/it\/wp-json\/wp\/v2\/posts"}],"about":[{"href":"https:\/\/www.europesays.com\/it\/wp-json\/wp\/v2\/types\/post"}],"author":[{"embeddable":true,"href":"https:\/\/www.europesays.com\/it\/wp-json\/wp\/v2\/users\/3"}],"replies":[{"embeddable":true,"href":"https:\/\/www.europesays.com\/it\/wp-json\/wp\/v2\/comments?post=664418"}],"version-history":[{"count":0,"href":"https:\/\/www.europesays.com\/it\/wp-json\/wp\/v2\/posts\/664418\/revisions"}],"wp:featuredmedia":[{"embeddable":true,"href":"https:\/\/www.europesays.com\/it\/wp-json\/wp\/v2\/media\/664419"}],"wp:attachment":[{"href":"https:\/\/www.europesays.com\/it\/wp-json\/wp\/v2\/media?parent=664418"}],"wp:term":[{"taxonomy":"category","embeddable":true,"href":"https:\/\/www.europesays.com\/it\/wp-json\/wp\/v2\/categories?post=664418"},{"taxonomy":"post_tag","embeddable":true,"href":"https:\/\/www.europesays.com\/it\/wp-json\/wp\/v2\/tags?post=664418"}],"curies":[{"name":"wp","href":"https:\/\/api.w.org\/{rel}","templated":true}]}}