{"id":664420,"date":"2026-09-04T10:20:15","date_gmt":"2026-09-04T10:20:15","guid":{"rendered":"https:\/\/www.europesays.com\/it\/664420\/"},"modified":"2026-09-04T10:20:15","modified_gmt":"2026-09-04T10:20:15","slug":"kate-e-rooney-mara-per-la-prima-volta-insieme-john-malkovich-e-phoebe-waller-bridge-kendall-jenner-al-debutto-e-matilda-de-angelis-il-red-carpet-di-venezia-2026","status":"publish","type":"post","link":"https:\/\/www.europesays.com\/it\/664420\/","title":{"rendered":"Kate e Rooney Mara per la prima volta insieme, John Malkovich e Phoebe Waller-Bridge, Kendall Jenner al debutto e Matilda De Angelis: il red carpet di Venezia 2026"},"content":{"rendered":"<p><img decoding=\"async\" alt=\"John Malkovich\" loading=\"lazy\" class=\"ResponsiveImageContainer-dkeESL cQPiWi responsive-image__image\"   src=\"https:\/\/www.europesays.com\/it\/wp-content\/uploads\/2026\/09\/GettyImages-2293408430.jpg\"\/><\/p>\n<p>John Malkovich<\/p>\n<p>Elisabetta A. Villa\/Getty Images<\/p>\n<p><strong>McDonagh<\/strong> \u00e8 arrivato con la compagna Phoebe Waller-Bridge, la creatrice di Fleabag, uno dei sodalizi creativi e sentimentali pi\u00f9 interessanti del cinema contemporaneo. Rockwell con la compagna <strong>Leslie Bibb.<\/strong> E poi <strong>Kendall Jenner,<\/strong> 30 anni, al suo primo red carpet veneziano in assoluto: debutto sul Lido per la top model che aveva gi\u00e0 sfilato a Cannes ma non si era mai fermata qui. Con lei, tra gli altri, <strong>Laura Dern &#8211;<\/strong> che era gi\u00e0 sul red carpet di Venezia ieri sera per Ink &#8211; Vittoria Ceretti, Mackenzie Davis, Rupert Friend e il dj Anyma.<\/p>\n<p><strong>Malkovich<\/strong> sul tappeto rosso \u00e8 esattamente come ci si aspettava: aristocratico, eccentrico, imprevedibile.<\/p>\n<p>Nessun dolore: Borghi, Golino, Mastandrea e gli italiani<\/p>\n<p>A chiudere la serata, il cinema italiano. Nessun dolore di Gianni Amelio &#8211; Fuori Concorso &#8211; ha portato sul tappeto rosso <strong>Alessandro Borghi, <a href=\"https:\/\/www.vanityfair.it\/topic\/valeria-golino\" isautogenerated=\"true\" rel=\"nofollow noopener\" target=\"_blank\">Valeria Golino<\/a> e <a href=\"https:\/\/www.vanityfair.it\/topic\/valerio-mastandrea\" isautogenerated=\"true\" rel=\"nofollow noopener\" target=\"_blank\">Valerio Mastandrea<\/a><\/strong>. Tre nomi che da soli valgono un red carpet: Borghi, che dopo Suburra e Il primo re \u00e8 diventato uno dei volti pi\u00f9 riconoscibili del cinema italiano nel mondo, accompagnato dalla compagna Irene Forti. Golino, che a Venezia ha gi\u00e0 vinto la Coppa Volpi nel 1986 e sul Lido torna come a casa. Con loro il regista Gianni Amelio. E poi <a href=\"https:\/\/www.vanityfair.it\/topic\/matilda-de-angelis\" isautogenerated=\"true\" rel=\"nofollow noopener\" target=\"_blank\">Matilda De Angelis<\/a>, al Festival per Balcanica di Nicola Sorcinelli.<\/p>\n<p><strong>George Clooney<\/strong>, che ieri sera aveva ricevuto il Leone d&#8217;oro alla carriera e aveva fatto piangere tutta la Sala Grande con il suo discorso, stasera ha saltato il red carpet per andare a cena a Venezia, in uno dei suoi ristoranti preferiti. Del resto, l&#8217;aveva detto l&#8217;arrivo: \u00abLa magia di Venezia \u00e8 anche cenare in un ristorante con fuori quatto tavoli, con il ristoratore che si siede con te a chiacchierare, e mia moglie ovviamente\u00bb<\/p>\n","protected":false},"excerpt":{"rendered":"John Malkovich Elisabetta A. Villa\/Getty Images McDonagh \u00e8 arrivato con la compagna Phoebe Waller-Bridge, la creatrice di Fleabag,&hellip;\n","protected":false},"author":3,"featured_media":664421,"comment_status":"","ping_status":"","sticky":false,"template":"","format":"standard","meta":{"footnotes":"","_share_on_mastodon":"0"},"categories":[1451],"tags":[1621,1620,203,16300,204,1537,90,89,16299,364418,7391,222],"class_list":["post-664420","post","type-post","status-publish","format-standard","has-post-thumbnail","category-celebrita","tag-celebrita","tag-celebrities","tag-entertainment","tag-festival-del-cinema-di-venezia","tag-intrattenimento","tag-it","tag-italia","tag-italy","tag-mostra-del-cinema-di-venezia","tag-mostra-del-cinema-di-venezia-2026","tag-red-carpet","tag-venezia"],"share_on_mastodon":{"url":"https:\/\/pubeurope.com\/@it\/117212272960208004","error":""},"_links":{"self":[{"href":"https:\/\/www.europesays.com\/it\/wp-json\/wp\/v2\/posts\/664420","targetHints":{"allow":["GET"]}}],"collection":[{"href":"https:\/\/www.europesays.com\/it\/wp-json\/wp\/v2\/posts"}],"about":[{"href":"https:\/\/www.europesays.com\/it\/wp-json\/wp\/v2\/types\/post"}],"author":[{"embeddable":true,"href":"https:\/\/www.europesays.com\/it\/wp-json\/wp\/v2\/users\/3"}],"replies":[{"embeddable":true,"href":"https:\/\/www.europesays.com\/it\/wp-json\/wp\/v2\/comments?post=664420"}],"version-history":[{"count":0,"href":"https:\/\/www.europesays.com\/it\/wp-json\/wp\/v2\/posts\/664420\/revisions"}],"wp:featuredmedia":[{"embeddable":true,"href":"https:\/\/www.europesays.com\/it\/wp-json\/wp\/v2\/media\/664421"}],"wp:attachment":[{"href":"https:\/\/www.europesays.com\/it\/wp-json\/wp\/v2\/media?parent=664420"}],"wp:term":[{"taxonomy":"category","embeddable":true,"href":"https:\/\/www.europesays.com\/it\/wp-json\/wp\/v2\/categories?post=664420"},{"taxonomy":"post_tag","embeddable":true,"href":"https:\/\/www.europesays.com\/it\/wp-json\/wp\/v2\/tags?post=664420"}],"curies":[{"name":"wp","href":"https:\/\/api.w.org\/{rel}","templated":true}]}}