{"id":664426,"date":"2026-09-04T10:24:23","date_gmt":"2026-09-04T10:24:23","guid":{"rendered":"https:\/\/www.europesays.com\/it\/664426\/"},"modified":"2026-09-04T10:24:23","modified_gmt":"2026-09-04T10:24:23","slug":"biagio-antonacci-se-avessi-ventanni-sarei-un-trapper-i-club-dogo-e-fibra-sono-un-riferimento-con-eros-passeggio-tra-le-vigne-bresciane-parliamo-di-agricoltura","status":"publish","type":"post","link":"https:\/\/www.europesays.com\/it\/664426\/","title":{"rendered":"Biagio Antonacci: \u00abSe avessi vent\u2019anni sarei un trapper. I Club Dogo e Fibra sono un riferimento. Con Eros passeggio tra le vigne bresciane, parliamo di agricoltura\u00bb"},"content":{"rendered":"<p>    di<br \/>\n    Rosanna Scardi<\/p>\n<p class=\"summary-art is-line-h-12\">Antonacci si esibir\u00e0 dieci sere al Vittoriale: \u00abLo spettacolo lo fa il luogo\u00bb<\/p>\n<p class=\"chapter-paragraph\">Dieci concerti in acustico, intimi, quasi da salotto, con le luci delle candele e <b>l\u2019Anfiteatro del Vittoriale di Gardone Riviera<\/b> a fare da scenografia. Sono quelli che Biagio Antonacci proporr\u00e0, da stasera al 16 settembre, per Tener-a-mente Equinozio, il secondo capitolo di Tener-a-mente che nel 2026 presenta per la prima volta il nuovo appuntamento autunnale, dopo la consueta edizione estiva di Tener-a-mente Solstizio. Organizzato da Ripens\u2019arti, con la direzione artistica di Viola Costa e la produzione di Rita Costa, il festival Tener-a-mente si svolge nell\u2019anfiteatro del complesso monumentale, sotto la gestione affidata dal presidente della Fondazione Giordano Bruno Guerri.<\/p>\n<p class=\"chapter-paragraph\"><b>Antonacci, nel suo Unplugged tour si \u00e8 esibito al Teatro Greco di Tindari, all\u2019Anfiteatro romano di Lucera, dal 22 settembre al 4 ottobre sar\u00e0 al Teatro Grande di Pompei. Perch\u00e9 questo desiderio di riscoprire i luoghi storici?<\/b>    &#13;<br \/>\n&#13;<br \/>\n&#13;<br \/>\n&#13;<br \/>\n&#13;<br \/>\n&#13;<br \/>\n&#13;<br \/>\n&#13;<br \/>\n&#13;<br \/>\n&#13;<br \/>\n&#13;<br \/>\n&#13;<br \/>\n&#13;<br \/>\n&#13;<br \/>\n&#13;<br \/>\n&#13;<br \/>\n&#13;<br \/>\n&#13;<br \/>\n&#13;<br \/>\n&#13;<br \/>\n&#13;<br \/>\n&#13;<br \/>\n&#13;<br \/>\n&#13;<br \/>\n&#13;<br \/>\n&#13;<br \/>\n&#13;<br \/>\n&#13;<br \/>\n&#13;<br \/>\n&#13;<br \/>\n&#13;<br \/>\n&#13;<br \/>\n&#13;<br \/>\n&#13;<br \/>\n&#13;<br \/>\n&#13;<br \/>\n&#13;<br \/>\n&#13;<br \/>\n&#13;<br \/>\n&#13;<br \/>\n&#13;<br \/>\n&#13;<br \/>\n&#13;<br \/>\n&#13;<br \/>\n&#13;<br \/>\n&#13;<br \/>\n&#13;<br \/>\n&#13;<br \/>\n&#13;<br \/>\n&#13;<br \/>\n&#13;<br \/>\n&#13;<br \/>\n&#13;\n<\/p>\n<p class=\"chapter-paragraph\">\u00abPerch\u00e9 sono un essere umano curioso e, oltre a fare questo mestiere, ho bisogno di stimoli, di pensare alla qualit\u00e0, alle cose grandi. Ci saranno solo musica, candele, poche luci. Lo spettacolo lo fa il luogo. Noi ci prendiamo cura dell\u2019impianto grazie a una band di professionisti e ai miei brani storici, per due ore di nostalgia, malinconia e benessere\u00bb.<\/p>\n<p class=\"chapter-paragraph\"><b>I concerti, acustici, li ha definiti pi\u00f9 poetici che rock.<\/b><\/p>\n<p class=\"chapter-paragraph\">\u00abSar\u00e0 un concerto da salotto, anche con quasi duemila spettatori. Improvvisato, senza canovaccio. Nel bis far\u00f2 quattro o cinque canzoni, mantenendo il dialogo con il pubblico. \u00c8 come se cantassi a casa di ciascun spettatore e mi chiedesse: \u201cOra fai questo, poi canta quello\u201d\u2026 Se non ricorder\u00f2 il brano, poco male: legger\u00f2 il testo sul gobbo e canter\u00f2 a cappella\u00bb.<\/p>\n<p class=\"chapter-paragraph\"><b>Il suo \u00e8 un ritorno. Nel 2024, ad ascoltarla al Vittoriale, c\u2019era il suo amico fraterno Eros Ramazzotti: lei inton\u00f2 \u00abAdesso tu\u00bb, la canzone con cui Ramazzotti vinse Sanremo nel 1986; e lui rispose canticchiando a distanza. Eros verr\u00e0 anche questa volta?<\/b><\/p>\n<p class=\"chapter-paragraph\">\u00abNon saprei. I colleghi si presentano all\u2019ultimo, se vogliono vengono. Nell\u2019amicizia, poi, non esiste la parola inghippo. Io sono aperto alle visite di amici cantanti e non. Lo scorso giugno al San Nicola di Bari, sono salito come ospite a sorpresa del concerto di Eros. Il pomeriggio avevamo fatto le prove\u00bb.<\/p>\n<p class=\"chapter-paragraph\"><b>Eros, da qualche anno, vive in una villa ad Adro, nella campagne della Franciacorta.<\/b><\/p>\n<p class=\"chapter-paragraph\">\u00abPoco distante da Gardone. Sono gi\u00e0 stato a trovarlo, abbiamo trascorso delle splendide giornate passeggiando e andando in bici tra le vigne. In comune abbiamo la passione per la terra (ho un\u2019azienda agricola in Romagna), tanto che ci confrontiamo\u00bb.<\/p>\n<p class=\"chapter-paragraph\"><b>Tornando alla musica, cosa ascolta?<\/b><\/p>\n<p class=\"chapter-paragraph\">\u00abPer rilassarmi il disco dei Pink Floyd con la mucca in copertina, \u201cAtome hearth mother\u201d; in generale, amo tutta la musica, si deve imparare da sguardi diversi. Sono cresciuto con De Gregori, Dalla, Concato, Venditti, Fortis, ma se oggi avessi vent\u2019anni e iniziassi a fare musica, sarei un trapper\u00bb.<\/p>\n<p class=\"chapter-paragraph\">\u00abHo sempre guardato con interesse a questa scuola. I ragazzi ascoltano gli idoli d\u2019Oltreoceano, quando sono arrivati Fibra, i Club Dogo, sono diventati un punto di riferimento. I rapper hanno avuto quel coraggio che era mancato ai cantautori\u00bb.<\/p>\n<p class=\"chapter-paragraph\"><b>E tra i grandi nomi del cantautorato c\u2019\u00e8 Guccini, scomparso di recente.<\/b><\/p>\n<p class=\"chapter-paragraph\">\u00abNon lo ascoltavo. Ma per me era un esempio e un innovatore, per l\u2019intimit\u00e0 acustica, per il suo cantare senza seguire le leggi della metrica. Un esempio anche di comportamento, con il suo andare poco in tv\u00bb.<\/p>\n<p class=\"chapter-paragraph\">Concerti alle 21.15. Biglietti e info su: www.anfiteatrodelvittoriale.it.<\/p>\n<p class=\"is-mr-t-20 is-mr-b-20\"><b><br \/>\n                    <a href=\"https:\/\/brescia.corriere.it\/?intcmp=Notizielocali_nd_010623_corriere_ss_brescia\" target=\"_blank\" rel=\"nofollow noopener\">Vai a tutte le notizie di Brescia<\/a><br \/>\n            <\/b><\/p>\n<p>[an error occurred while processing this directive]<\/p>\n<p class=\"is-last-update\" datetime=\"2026-09-03T19:29:00+02:00\">4 settembre 2026<\/p>\n<p class=\"is-copyright\">\n            \u00a9 RIPRODUZIONE RISERVATA\n        <\/p>\n","protected":false},"excerpt":{"rendered":"di Rosanna Scardi Antonacci si esibir\u00e0 dieci sere al Vittoriale: \u00abLo spettacolo lo fa il luogo\u00bb Dieci concerti&hellip;\n","protected":false},"author":3,"featured_media":664427,"comment_status":"","ping_status":"","sticky":false,"template":"","format":"standard","meta":{"footnotes":"","_share_on_mastodon":"0"},"categories":[1443],"tags":[9479,366177,366178,41450,366179,366180,104715,366181,366182,366183,366184,366185,52395,31096,31095,25596,100216,554,366176,2943,1569,6985,5316,256628,203,15055,29435,35793,1251,204,1537,90,89,3075,6045,1538,1539,15056,10226,44399,407,214,41074,4887,366174,366175,72365,35026,35663,9478],"class_list":["post-664426","post","type-post","status-publish","format-standard","has-post-thumbnail","category-musica","tag-acustica","tag-acustica-cantare","tag-acustica-cantare-seguire","tag-acustici","tag-acustici-definiti","tag-acustici-definiti-poetici","tag-acustico","tag-acustico-intimi","tag-acustico-intimi-salotto","tag-adro","tag-adro-campagne","tag-adro-campagne-franciacorta","tag-anfiteatro","tag-antonacci","tag-biagio","tag-biagio-antonacci","tag-candele","tag-club","tag-club-dogo","tag-concerti","tag-concerto","tag-costa","tag-dieci","tag-dogo","tag-entertainment","tag-eros","tag-fibra","tag-gardone","tag-grandi","tag-intrattenimento","tag-it","tag-italia","tag-italy","tag-luci","tag-mente","tag-music","tag-musica","tag-ramazzotti","tag-riferimento","tag-salotto","tag-settembre","tag-spettacolo","tag-storici","tag-teatro","tag-tener","tag-tener-mente","tag-trapper","tag-vent","tag-vigne","tag-vittoriale"],"share_on_mastodon":{"url":"","error":"Validation failed: Text character limit of 500 exceeded"},"_links":{"self":[{"href":"https:\/\/www.europesays.com\/it\/wp-json\/wp\/v2\/posts\/664426","targetHints":{"allow":["GET"]}}],"collection":[{"href":"https:\/\/www.europesays.com\/it\/wp-json\/wp\/v2\/posts"}],"about":[{"href":"https:\/\/www.europesays.com\/it\/wp-json\/wp\/v2\/types\/post"}],"author":[{"embeddable":true,"href":"https:\/\/www.europesays.com\/it\/wp-json\/wp\/v2\/users\/3"}],"replies":[{"embeddable":true,"href":"https:\/\/www.europesays.com\/it\/wp-json\/wp\/v2\/comments?post=664426"}],"version-history":[{"count":0,"href":"https:\/\/www.europesays.com\/it\/wp-json\/wp\/v2\/posts\/664426\/revisions"}],"wp:featuredmedia":[{"embeddable":true,"href":"https:\/\/www.europesays.com\/it\/wp-json\/wp\/v2\/media\/664427"}],"wp:attachment":[{"href":"https:\/\/www.europesays.com\/it\/wp-json\/wp\/v2\/media?parent=664426"}],"wp:term":[{"taxonomy":"category","embeddable":true,"href":"https:\/\/www.europesays.com\/it\/wp-json\/wp\/v2\/categories?post=664426"},{"taxonomy":"post_tag","embeddable":true,"href":"https:\/\/www.europesays.com\/it\/wp-json\/wp\/v2\/tags?post=664426"}],"curies":[{"name":"wp","href":"https:\/\/api.w.org\/{rel}","templated":true}]}}